{"id":1498,"date":"2026-05-06T13:49:38","date_gmt":"2026-05-06T11:49:38","guid":{"rendered":"https:\/\/wiki.s12.at\/index.php\/2026\/05\/06\/25-runde-saison-2025-26-tsv-hartberg-gegen-fc-red-bull-salzburg\/"},"modified":"2026-05-06T13:49:38","modified_gmt":"2026-05-06T11:49:38","slug":"25-runde-saison-2025-26-tsv-hartberg-gegen-fc-red-bull-salzburg","status":"publish","type":"post","link":"https:\/\/wiki.s12.at\/index.php\/2026\/05\/06\/25-runde-saison-2025-26-tsv-hartberg-gegen-fc-red-bull-salzburg\/","title":{"rendered":"26, TSV Hartberg gegen FC Red Bull Salzburg"},"content":{"rendered":"<div class=\"mw-parser-output\">\n<table class=\"toptextcells toccolours\">\n<tbody>\n<tr>\n<th colspan=\"2\" style=\"text-align: center; vertical-align: top; padding: 0.3em 0.8em; font-size: 125%; background-color: lightsteelblue;\">TSV Hartberg gegen FC Red Bull Salzburg, 1:2\n<\/th>\n<\/tr>\n<tr>\n<th style=\"text-align:left;\"><b>Spieltag<\/b>\n<\/th>\n<th style=\"text-align:left;\">Bundesliga &#8211; 25. Runde\n<\/th>\n<\/tr>\n<tr>\n<th style=\"text-align:left;\"><b>Datum<\/b>\n<\/th>\n<th style=\"text-align:left;\">5. April 2026\n<\/th>\n<\/tr>\n<tr>\n<th style=\"text-align:left;\"><b>Anpfiff<\/b>\n<\/th>\n<th style=\"text-align:left;\">14:30 Uhr\n<\/th>\n<\/tr>\n<tr>\n<td colspan=\"2\" style=\"text-align:center;\" bgcolor=\"lightgray\"><b>Aufstellung<\/b>\n<\/td>\n<\/tr>\n<tr>\n<th style=\"text-align:left;\"><b>Tor<\/b>\n<\/th>\n<th><a href=\"\/Alexander_Schlager\" title=\"Alexander Schlager\">Alexander Schlager<\/a>\n<\/th>\n<\/tr>\n<tr>\n<th style=\"text-align:left;\"><b>Verteidigung<\/b>\n<\/th>\n<th><a href=\"\/Tim_Drexler\" title=\"Tim Drexler\">Tim Drexler<\/a> &#8211;  <a href=\"\/Joane_Gadou\" title=\"Joane Gadou\">Joane Gadou<\/a> &#8211;  <a href=\"\/Jannik_Schuster\" title=\"Jannik Schuster\">Jannik Schuster<\/a>&#8211; <a href=\"\/Aleksa_Terzic\" title=\"Aleksa Terzic\">Aleksa Terzic<\/a>\n<\/th>\n<\/tr>\n<tr>\n<th style=\"text-align:left;\"><b>Mittelfeld<\/b>\n<\/th>\n<th><a href=\"\/Mads_Bidstrup\" title=\"Mads Bidstrup\">Mads Bidstrup<\/a>  &#8211;  <a href=\"\/Sota_Kitano\" title=\"Sota Kitano\">Sota Kitano<\/a> &#8211;  <a href=\"\/Frans_Kr%C3%A4tzig\" title=\"Frans Kr\u00e4tzig\">Frans Kr\u00e4tzig<\/a>\n<\/th>\n<\/tr>\n<tr>\n<th style=\"text-align:left;\"><b>Sturm<\/b>\n<\/th>\n<th><a href=\"\/Yorbe_Vertessen\" title=\"Yorbe Vertessen\">Yorbe Vertessen<\/a> &#8211; <a href=\"\/Karim_Konate\" title=\"Karim Konate\">Karim Konate<\/a>  &#8211;<a href=\"\/Edmund_Baidoo\" title=\"Edmund Baidoo\">Edmund Baidoo<\/a>\n<\/th>\n<\/tr>\n<tr>\n<td colspan=\"2\" style=\"text-align:center;\" bgcolor=\"lightgray\"><b>Wechsel<\/b>\n<\/td>\n<\/tr>\n<tr>\n<th style=\"text-align:left;\"><b>Wechsel<\/b>\n<\/th>\n<th style=\"text-align:left;\"><a href=\"\/Kerim_Alajbegovic\" title=\"Kerim Alajbegovic\">Kerim Alajbegovic<\/a> f\u00fcr Kr\u00e4tzig (46.), <a href=\"\/Stefan_Lainer\" title=\"Stefan Lainer\">Stefan Lainer <\/a> f\u00fcr Drexler (46.), <a href=\"\/Maurits_Kjaergaard\" title=\"Maurits Kjaergaard\">Maurits Kjaergaard<\/a> <br \/>f\u00fcr Baidoo (71.), <a href=\"\/Karim_Onisiwo\" title=\"Karim Onisiwo\">Karim Onisiwo<\/a> f\u00fcr Konate (89.), <a href=\"\/Soumaila_Diabate\" title=\"Soumaila Diabate\">Soumaila Diabate<\/a> f\u00fcr Kitano (95.)\n<\/th>\n<\/tr>\n<tr>\n<td colspan=\"2\" style=\"text-align:center;\" bgcolor=\"lightgray\"><b>Statistik<\/b>\n<\/td>\n<\/tr>\n<tr>\n<th style=\"text-align:left;\"><b>Endstand<\/b>\n<\/th>\n<th style=\"text-align:left;\">1:2 (1:0)\n<\/th>\n<\/tr>\n<tr>\n<th style=\"text-align:left;\"><b>Torsch\u00fctzen<\/b>\n<\/th>\n<th style=\"text-align:left;\">Havel (30.); Konate (57.), Kitano (58.)\n<\/th>\n<\/tr>\n<tr>\n<th style=\"text-align:left;\"><b>Gelbe Karten<\/b>\n<\/th>\n<th style=\"text-align:left;\">Trainer Schmid (59.), H\u00fclsmann (74.); Konate (36.), Lainer (50.), Terzic (70.)\n<\/th>\n<\/tr>\n<tr>\n<th style=\"text-align:left;\"><b>Rote Karten<\/b>\n<\/th>\n<th style=\"text-align:left;\">Spendlhofer (83.)\n<\/th>\n<\/tr>\n<tr>\n<th style=\"text-align:left;\"><b>Schiedsrichter<\/b>\n<\/th>\n<th style=\"text-align:left;\">Safak Barmaksiz\n<\/th>\n<\/tr>\n<tr>\n<th style=\"text-align:left;\"><b>Stadion<\/b>\n<\/th>\n<th style=\"text-align:left;\">Profertil Arena, Hartberg\n<\/th>\n<\/tr>\n<tr>\n<th style=\"text-align:left;\"><b>Zuschauer<\/b>\n<\/th>\n<th style=\"text-align:left;\">2.777\n<\/th>\n<\/tr>\n<\/tbody>\n<\/table>\n<h2><span class=\"mw-headline\" id=\"Spielbericht\">Spielbericht<\/span><a href=\"\/index.php?title=25.Runde,_Saison_2025\/26,_TSV_Hartberg_gegen_FC_Red_Bull_Salzburg&amp;action=edit&amp;section=1\" title=\"Abschnitt bearbeiten: Spielbericht\">Bearbeiten<\/a><span class=\"mw-editsection-bracket\">]<\/span><\/span><\/h2>\n<p><a rel=\"nofollow\" class=\"external text\" href=\"https:\/\/www.redbullsalzburg.at\/de\/2025-2026\/spielplan\/bundesliga-26-runde-25-tsv-egger-glas-hartberg-vs-fc-red-bull-salzburg#spielbericht\">Spielbericht Vereinshomepage<\/a>\n<\/p>\n<h2><span class=\"mw-headline\" id=\"Stimmen_zum_Spiel\">Stimmen zum Spiel<\/span><a href=\"\/index.php?title=25.Runde,_Saison_2025\/26,_TSV_Hartberg_gegen_FC_Red_Bull_Salzburg&amp;action=edit&amp;section=2\" title=\"Abschnitt bearbeiten: Stimmen zum Spiel\">Bearbeiten<\/a><span class=\"mw-editsection-bracket\">]<\/span><\/span><\/h2>\n<p><b>Daniel Beichler:<\/b>   Mega wichtig. Der Dreier tut sehr gut, das sollte uns allen Selbstvertrauen geben.<br \/>\nTrotzdem: In der ersten Halbzeit sind wir zwar in die R\u00e4ume gekommen, die wir uns vorgenommen hatten, waren dort aber nicht zwingend genug. Gleichzeitig hatten wir nach Ballverlusten zu gro\u00dfe Abst\u00e4nde und haben zu viele Umschaltmomente zugelassen \u2013 das hat mir \u00fcberhaupt nicht gefallen, und das haben die Jungs auch klar zu h\u00f6ren bekommen.<br \/>\nIn der zweiten Halbzeit sind wir mit einer ganz anderen Energie rausgekommen. Aber da m\u00fcssen wir ehrlich sein: Dieses Thema begleitet uns schon l\u00e4nger, dass wir in der ersten Halbzeit nicht zu hundert Prozent da sind, und das k\u00f6nnen wir so nicht akzeptieren. Wir haben uns nach Ballverlusten ein paar Meter gespart, und das kann man auch klar ansprechen. Die Mannschaft hat Energie, doch da m\u00fcssen wir einfach sch\u00e4rfer werden. Unser Anspruch muss sein, unabh\u00e4ngig vom Gegner immer am Anschlag zu sein \u2013 dort m\u00fcssen wir den Hebel ansetzen.\n<\/p>\n<p>\n<b>Mads Bidstrup:<\/b> Der Sieg f\u00fchlt sich nat\u00fcrlich richtig gut an. Wir sind im Moment noch nicht dort, wo wir sein wollen, aber heute haben wir uns diesen Arbeitssieg verdient und alles daf\u00fcr reingeworfen. In der ersten Halbzeit haben wir ein bisschen Energie vermissen lassen, in der zweiten war es deutlich besser. Da haben wir gek\u00e4mpft und gezeigt, dass wir diese drei Punkte unbedingt wollen. Ich bin stolz auf die Mannschaft. Jetzt hei\u00dft es, weiter hart zu arbeiten.\n<\/p>\n<\/div>\n","protected":false},"excerpt":{"rendered":"<p>TSV Hartberg gegen FC Red Bull Salzburg, 1:2 Spieltag Bundesliga &#8211; 25. Runde Datum 5. April 2026 Anpfiff 14:30 Uhr Aufstellung Tor Alexander Schlager Verteidigung Tim Drexler &#8211; Joane Gadou &#8211; Jannik Schuster&#8211; Aleksa Terzic Mittelfeld Mads Bidstrup &#8211; Sota Kitano &#8211; Frans Kr\u00e4tzig Sturm Yorbe Vertessen &#8211; Karim Konate &#8211;Edmund Baidoo Wechsel Wechsel Kerim [&hellip;]<\/p>\n","protected":false},"author":1,"featured_media":0,"comment_status":"open","ping_status":"open","sticky":false,"template":"","format":"standard","meta":{"footnotes":""},"categories":[1173],"tags":[],"class_list":["post-1498","post","type-post","status-publish","format-standard","hentry","category-25-runde-saison-2025"],"_links":{"self":[{"href":"https:\/\/wiki.s12.at\/index.php\/wp-json\/wp\/v2\/posts\/1498","targetHints":{"allow":["GET"]}}],"collection":[{"href":"https:\/\/wiki.s12.at\/index.php\/wp-json\/wp\/v2\/posts"}],"about":[{"href":"https:\/\/wiki.s12.at\/index.php\/wp-json\/wp\/v2\/types\/post"}],"author":[{"embeddable":true,"href":"https:\/\/wiki.s12.at\/index.php\/wp-json\/wp\/v2\/users\/1"}],"replies":[{"embeddable":true,"href":"https:\/\/wiki.s12.at\/index.php\/wp-json\/wp\/v2\/comments?post=1498"}],"version-history":[{"count":0,"href":"https:\/\/wiki.s12.at\/index.php\/wp-json\/wp\/v2\/posts\/1498\/revisions"}],"wp:attachment":[{"href":"https:\/\/wiki.s12.at\/index.php\/wp-json\/wp\/v2\/media?parent=1498"}],"wp:term":[{"taxonomy":"category","embeddable":true,"href":"https:\/\/wiki.s12.at\/index.php\/wp-json\/wp\/v2\/categories?post=1498"},{"taxonomy":"post_tag","embeddable":true,"href":"https:\/\/wiki.s12.at\/index.php\/wp-json\/wp\/v2\/tags?post=1498"}],"curies":[{"name":"wp","href":"https:\/\/api.w.org\/{rel}","templated":true}]}}