{"id":1496,"date":"2026-05-06T13:49:35","date_gmt":"2026-05-06T11:49:35","guid":{"rendered":"https:\/\/wiki.s12.at\/index.php\/2026\/05\/06\/25-runde-regionalliga-west-saison-2012-13-fc-liefering-gegen-fc-hard\/"},"modified":"2026-05-06T13:49:35","modified_gmt":"2026-05-06T11:49:35","slug":"25-runde-regionalliga-west-saison-2012-13-fc-liefering-gegen-fc-hard","status":"publish","type":"post","link":"https:\/\/wiki.s12.at\/index.php\/2026\/05\/06\/25-runde-regionalliga-west-saison-2012-13-fc-liefering-gegen-fc-hard\/","title":{"rendered":"13, FC Liefering gegen FC Hard"},"content":{"rendered":"<div class=\"mw-parser-output\">\n<p><b>Regionalliga West &#8211; 25. Spieltag, 11. Mai 2013, 16 Uhr<\/b><br \/>\n\n<\/p>\n<table class=\"wikitable\">\n<caption><b><big>FC Liefering gegen FC Hard, 0:0 <\/big><\/b><br \/>\n<\/caption>\n<tbody>\n<tr>\n<td>Aufstellung:<\/td>\n<td><a href=\"\/Domenik_Schierl\" title=\"Domenik Schierl\">Domenik Schierl<\/a> <a href=\"\/Arif_Sari\" title=\"Arif Sari\">Arif Sari<\/a> <a href=\"\/Sandro_Djuric\" title=\"Sandro Djuric\">Sandro Djuric<\/a> <a href=\"\/Daniel_Krenn\" title=\"Daniel Krenn\">Daniel Krenn<\/a> <a href=\"\/Robert_V%C3%B6lkl\" title=\"Robert V\u00f6lkl\">Robert V\u00f6lkl<\/a> <a href=\"\/Felix_Adjei\" title=\"Felix Adjei\">Felix Adjei<\/a> <a href=\"\/Andreas_Schrott\" title=\"Andreas Schrott\">Andreas Schrott<\/a> <a href=\"\/Nikola_Dovedan\" title=\"Nikola Dovedan\">Nikola Dovedan<\/a> <a href=\"\/Andre_Ramalho\" class=\"mw-redirect\" title=\"Andre Ramalho\">Andre Ramalho<\/a> <a href=\"\/Bright_Edomwonyi\" title=\"Bright Edomwonyi\">Bright Edomwonyi<\/a> <a href=\"\/Mario_Konrad\" title=\"Mario Konrad\">Mario Konrad<\/a>\n<\/td>\n<\/tr>\n<tr>\n<td>Wechsel:<\/td>\n<td><a href=\"\/Wolfgang_Mair\" title=\"Wolfgang Mair\">Wolfgang Mair<\/a> f\u00fcr Krenn (46.), <a href=\"\/Stefan_Savic\" title=\"Stefan Savic\">Stefan Savic<\/a> f\u00fcr Edomwonyi (56.), <a href=\"\/Andreas_Bammer\" title=\"Andreas Bammer\">Andreas Bammer<\/a> f\u00fcr Sari (66.)\n<\/td>\n<\/tr>\n<tr>\n<td>Endstand:<\/td>\n<td>0:0\n<\/td>\n<\/tr>\n<tr>\n<td>Torsch\u00fctzen:<\/td>\n<td>\n<\/td>\n<\/tr>\n<tr>\n<td>Gelbe Karten:<\/td>\n<td>\n<\/td>\n<\/tr>\n<tr>\n<td>Gelb-rote Karten:<\/td>\n<td>\n<\/td>\n<\/tr>\n<tr>\n<td>Rote Karten:<\/td>\n<td>\n<\/td>\n<\/tr>\n<tr>\n<td>Schiedsrichter:<\/td>\n<td>Bernhard Sarg\n<\/td>\n<\/tr>\n<tr>\n<td>Stadion:<\/td>\n<td>EM-Stadion Wals-Siezenheim\n<\/td>\n<\/tr>\n<tr>\n<td>Zuschauer:<\/td>\n<td>\n<\/td>\n<\/tr>\n<\/tbody>\n<\/table>\n<h2><span class=\"mw-headline\" id=\"Weblinks\">Weblinks<\/span><a href=\"\/index.php?title=25.Runde,_Regionalliga_West,_Saison_2012\/13,_FC_Liefering_gegen_FC_Hard&amp;action=edit&amp;section=1\" title=\"Abschnitt bearbeiten: Weblinks\">Bearbeiten<\/a><span class=\"mw-editsection-bracket\">]<\/span><\/span><\/h2>\n<p><a rel=\"nofollow\" class=\"external text\" href=\"http:\/\/redbulls.com\/soccer\/salzburg\/de\/juniors-news-detail_6626.html\">Spielbericht auf der Vereinshomepage<\/a><br \/>\n&lt;youtube&gt;0kfeC4OgRDI&lt;\/youtube&gt;\n<\/p>\n<h2><span class=\"mw-headline\" id=\"Stimmen_zum_Spiel\">Stimmen zum Spiel<\/span><a href=\"\/index.php?title=25.Runde,_Regionalliga_West,_Saison_2012\/13,_FC_Liefering_gegen_FC_Hard&amp;action=edit&amp;section=2\" title=\"Abschnitt bearbeiten: Stimmen zum Spiel\">Bearbeiten<\/a><span class=\"mw-editsection-bracket\">]<\/span><\/span><\/h2>\n<ul>\n<li><b>Peter Zeidler:<\/b> \u201eNat\u00fcrlich ist jetzt eine gewisse Entt\u00e4uschung da. Schlie\u00dflich wollten wir schon heute Meister werden. Wir haben es nicht geschafft, aus der Vielzahl an sehr guten Chancen ein Tor zu machen. Ich mache der Mannschaft aber keinen Vorwurf. Denn Hard hat sich dieses 0:0 hart erk\u00e4mpft, besonders der Torh\u00fcter war in Superform.\u201c<\/li>\n<\/ul>\n<\/div>\n","protected":false},"excerpt":{"rendered":"<p>Regionalliga West &#8211; 25. Spieltag, 11. Mai 2013, 16 Uhr FC Liefering gegen FC Hard, 0:0 Aufstellung: Domenik Schierl Arif Sari Sandro Djuric Daniel Krenn Robert V\u00f6lkl Felix Adjei Andreas Schrott Nikola Dovedan Andre Ramalho Bright Edomwonyi Mario Konrad Wechsel: Wolfgang Mair f\u00fcr Krenn (46.), Stefan Savic f\u00fcr Edomwonyi (56.), Andreas Bammer f\u00fcr Sari (66.) [&hellip;]<\/p>\n","protected":false},"author":1,"featured_media":0,"comment_status":"open","ping_status":"open","sticky":false,"template":"","format":"standard","meta":{"footnotes":""},"categories":[1171],"tags":[],"class_list":["post-1496","post","type-post","status-publish","format-standard","hentry","category-25-runde-regionalliga-west-saison-2012"],"_links":{"self":[{"href":"https:\/\/wiki.s12.at\/index.php\/wp-json\/wp\/v2\/posts\/1496","targetHints":{"allow":["GET"]}}],"collection":[{"href":"https:\/\/wiki.s12.at\/index.php\/wp-json\/wp\/v2\/posts"}],"about":[{"href":"https:\/\/wiki.s12.at\/index.php\/wp-json\/wp\/v2\/types\/post"}],"author":[{"embeddable":true,"href":"https:\/\/wiki.s12.at\/index.php\/wp-json\/wp\/v2\/users\/1"}],"replies":[{"embeddable":true,"href":"https:\/\/wiki.s12.at\/index.php\/wp-json\/wp\/v2\/comments?post=1496"}],"version-history":[{"count":0,"href":"https:\/\/wiki.s12.at\/index.php\/wp-json\/wp\/v2\/posts\/1496\/revisions"}],"wp:attachment":[{"href":"https:\/\/wiki.s12.at\/index.php\/wp-json\/wp\/v2\/media?parent=1496"}],"wp:term":[{"taxonomy":"category","embeddable":true,"href":"https:\/\/wiki.s12.at\/index.php\/wp-json\/wp\/v2\/categories?post=1496"},{"taxonomy":"post_tag","embeddable":true,"href":"https:\/\/wiki.s12.at\/index.php\/wp-json\/wp\/v2\/tags?post=1496"}],"curies":[{"name":"wp","href":"https:\/\/api.w.org\/{rel}","templated":true}]}}