{"id":1479,"date":"2026-05-06T13:49:24","date_gmt":"2026-05-06T11:49:24","guid":{"rendered":"https:\/\/wiki.s12.at\/index.php\/2026\/05\/06\/24-runde-saison-2018-19-fc-liefering-gegen-blau-weiss-linz\/"},"modified":"2026-05-06T13:49:24","modified_gmt":"2026-05-06T11:49:24","slug":"24-runde-saison-2018-19-fc-liefering-gegen-blau-weiss-linz","status":"publish","type":"post","link":"https:\/\/wiki.s12.at\/index.php\/2026\/05\/06\/24-runde-saison-2018-19-fc-liefering-gegen-blau-weiss-linz\/","title":{"rendered":"19, FC Liefering gegen Blau Wei\u00df Linz"},"content":{"rendered":"<div class=\"mw-parser-output\">\n<h2><span class=\"mw-headline\" id=\"Fakten\">Fakten<\/span><a href=\"\/index.php?title=24._Runde,_Saison_2018\/19,_FC_Liefering_gegen_Blau_Wei%C3%9F_Linz&amp;action=edit&amp;section=1\" title=\"Abschnitt bearbeiten: Fakten\">Bearbeiten<\/a><span class=\"mw-editsection-bracket\">]<\/span><\/span><\/h2>\n<table class=\"toptextcells toccolours\">\n<tbody>\n<tr>\n<th colspan=\"2\" style=\"text-align: center; vertical-align: top; padding: 0.3em 0.8em; font-size: 125%; background-color: lightsteelblue;\">FC Liefering gegen Blau Wei\u00df Linz, 2:4\n<\/th>\n<\/tr>\n<tr>\n<th style=\"text-align:left;\"><b>Spieltag<\/b>\n<\/th>\n<th style=\"text-align:left;\">2. Liga-24. Spieltag\n<\/th>\n<\/tr>\n<tr>\n<th style=\"text-align:left;\"><b>Datum<\/b>\n<\/th>\n<th style=\"text-align:left;\">26.April 2019\n<\/th>\n<\/tr>\n<tr>\n<th style=\"text-align:left;\"><b>Anpfiff<\/b>\n<\/th>\n<th style=\"text-align:left;\">19.10 Uhr\n<\/th>\n<\/tr>\n<tr>\n<td colspan=\"2\" style=\"text-align:center;\" bgcolor=\"lightgray\"><b>Aufstellung<\/b>\n<\/td>\n<\/tr>\n<tr>\n<th style=\"text-align:left;\"><b>Tor<\/b>\n<\/th>\n<th><a href=\"\/Philipp_K%C3%B6hn\" title=\"Philipp K\u00f6hn\">Philipp K\u00f6hn<\/a>\n<\/th>\n<\/tr>\n<tr>\n<th style=\"text-align:left;\"><b>Verteidigung<\/b>\n<\/th>\n<th><a href=\"\/Kilian_Ludewig\" title=\"Kilian Ludewig\">Kilian Ludewig<\/a> &#8211; <a href=\"\/Alois_Oroz\" title=\"Alois Oroz\">Alois Oroz<\/a> &#8211; <a href=\"\/Dominik_Stumberger\" title=\"Dominik Stumberger\">Dominik Stumberger <\/a> &#8211; <a href=\"\/David_Schnegg\" title=\"David Schnegg\">David Schnegg<\/a>\n<\/th>\n<\/tr>\n<tr>\n<th style=\"text-align:left;\"><b>Mittelfeld<\/b>\n<\/th>\n<th><a href=\"\/index.php?title=Nicola_Stosic&amp;action=edit&amp;redlink=1\" class=\"new\" title=\"Nicola Stosic (Seite nicht vorhanden)\">Nicola Stosic<\/a> &#8211; <a href=\"\/Jungmin_Kim\" title=\"Jungmin Kim\">Jungmin Kim<\/a> &#8211; <a href=\"\/Peter_Pokorny\" title=\"Peter Pokorny\">Peter Pokorny<\/a>\n<\/th>\n<\/tr>\n<tr>\n<th style=\"text-align:left;\"><b>Sturm<\/b>\n<\/th>\n<th><a href=\"\/Tobias_Anselm\" title=\"Tobias Anselm\">Tobias Anselm<\/a>&#8211; <a href=\"\/Karim_Adeyemi\" title=\"Karim Adeyemi\">Karim Adeyemi<\/a> &#8211;<a href=\"\/Alexander_Schmidt\" title=\"Alexander Schmidt\">Alexander Schmidt<\/a>\n<\/th>\n<\/tr>\n<tr>\n<td colspan=\"2\" style=\"text-align:center;\" bgcolor=\"lightgray\"><b>Wechsel<\/b>\n<\/td>\n<\/tr>\n<tr>\n<th style=\"text-align:left;\"><b>Wechsel<\/b>\n<\/th>\n<th style=\"text-align:left;\"><a href=\"\/Philipp_Sturm\" title=\"Philipp Sturm\">Philipp Sturm<\/a> f\u00fcr Kim (61.), <a href=\"\/Junior_Adamu\" class=\"mw-redirect\" title=\"Junior Adamu\">Junior Adamu<\/a> f\u00fcr Anselm (83.),  <a href=\"\/Anderson_Niangbo\" title=\"Anderson Niangbo\">Anderson Niangbo<\/a> f\u00fcr Adeyemi (87.)\n<\/th>\n<\/tr>\n<tr>\n<td colspan=\"2\" style=\"text-align:center;\" bgcolor=\"lightgray\"><b>Statistik<\/b>\n<\/td>\n<\/tr>\n<tr>\n<th style=\"text-align:left;\"><b>Endstand<\/b>\n<\/th>\n<th style=\"text-align:left;\">2:4  (1:2)\n<\/th>\n<\/tr>\n<tr>\n<th style=\"text-align:left;\"><b>Torsch\u00fctzen<\/b>\n<\/th>\n<th style=\"text-align:left;\">Kim (23.), Schmidt (50.);  Ebenhofer (12., 51.), Jackel (35.), Carius (70.)\n<\/th>\n<\/tr>\n<tr>\n<th style=\"text-align:left;\"><b>Gelbe Karten<\/b>\n<\/th>\n<th style=\"text-align:left;\">Schmidt (30.), Pokorny (91.); Krainz (67.), Blutsch (93.)\n<\/th>\n<\/tr>\n<tr>\n<th style=\"text-align:left;\"><b>Rote Karten<\/b>\n<\/th>\n<th style=\"text-align:left;\">\n<\/th>\n<\/tr>\n<tr>\n<th style=\"text-align:left;\"><b>Schiedsrichter<\/b>\n<\/th>\n<th style=\"text-align:left;\">Gabriel Gmeiner\n<\/th>\n<\/tr>\n<tr>\n<th style=\"text-align:left;\"><b>Stadion<\/b>\n<\/th>\n<th style=\"text-align:left;\">Red Bull Arena, Salzburg\n<\/th>\n<\/tr>\n<tr>\n<th style=\"text-align:left;\"><b>Zuschauer<\/b>\n<\/th>\n<th style=\"text-align:left;\">356\n<\/th>\n<\/tr>\n<\/tbody>\n<\/table>\n<h2><span class=\"mw-headline\" id=\"Weblinks\">Weblinks<\/span><a href=\"\/index.php?title=24._Runde,_Saison_2018\/19,_FC_Liefering_gegen_Blau_Wei%C3%9F_Linz&amp;action=edit&amp;section=2\" title=\"Abschnitt bearbeiten: Weblinks\">Bearbeiten<\/a><span class=\"mw-editsection-bracket\">]<\/span><\/span><\/h2>\n<p><a rel=\"nofollow\" class=\"external text\" href=\"https:\/\/www.fc-liefering.at\/de\/fc-liefering\/news\/saison_2018_19\/unnoetige-niederlage-gegen-fc-blau-weiss-linz.html\">Spielbericht Vereinshomepage<\/a>\n<\/p>\n<h2><span class=\"mw-headline\" id=\"Stimmen_zum_Spiel\">Stimmen zum Spiel<\/span><a href=\"\/index.php?title=24._Runde,_Saison_2018\/19,_FC_Liefering_gegen_Blau_Wei%C3%9F_Linz&amp;action=edit&amp;section=3\" title=\"Abschnitt bearbeiten: Stimmen zum Spiel\">Bearbeiten<\/a><span class=\"mw-editsection-bracket\">]<\/span><\/span><\/h2>\n<p><b>Janusz Gora:<\/b> Ein sehr bitteres Ergebnis f\u00fcr uns. Wir haben heute genug Chancen vorgefunden, h\u00e4tten die Partie auch gewinnen k\u00f6nnen. Da waren die Linzer heute effektiver. In der Defensive haben wir einige Fehler als Mannschaft gemacht, da m\u00fcssen wir unser Tor \u00fcber die gesamte Spieldauer besser verteidigen.\n<\/p>\n<\/div>\n","protected":false},"excerpt":{"rendered":"<p>FaktenBearbeiten] FC Liefering gegen Blau Wei\u00df Linz, 2:4 Spieltag 2. Liga-24. Spieltag Datum 26.April 2019 Anpfiff 19.10 Uhr Aufstellung Tor Philipp K\u00f6hn Verteidigung Kilian Ludewig &#8211; Alois Oroz &#8211; Dominik Stumberger &#8211; David Schnegg Mittelfeld Nicola Stosic &#8211; Jungmin Kim &#8211; Peter Pokorny Sturm Tobias Anselm&#8211; Karim Adeyemi &#8211;Alexander Schmidt Wechsel Wechsel Philipp Sturm f\u00fcr [&hellip;]<\/p>\n","protected":false},"author":1,"featured_media":0,"comment_status":"open","ping_status":"open","sticky":false,"template":"","format":"standard","meta":{"footnotes":""},"categories":[1160],"tags":[],"class_list":["post-1479","post","type-post","status-publish","format-standard","hentry","category-24-runde-saison-2018"],"_links":{"self":[{"href":"https:\/\/wiki.s12.at\/index.php\/wp-json\/wp\/v2\/posts\/1479","targetHints":{"allow":["GET"]}}],"collection":[{"href":"https:\/\/wiki.s12.at\/index.php\/wp-json\/wp\/v2\/posts"}],"about":[{"href":"https:\/\/wiki.s12.at\/index.php\/wp-json\/wp\/v2\/types\/post"}],"author":[{"embeddable":true,"href":"https:\/\/wiki.s12.at\/index.php\/wp-json\/wp\/v2\/users\/1"}],"replies":[{"embeddable":true,"href":"https:\/\/wiki.s12.at\/index.php\/wp-json\/wp\/v2\/comments?post=1479"}],"version-history":[{"count":0,"href":"https:\/\/wiki.s12.at\/index.php\/wp-json\/wp\/v2\/posts\/1479\/revisions"}],"wp:attachment":[{"href":"https:\/\/wiki.s12.at\/index.php\/wp-json\/wp\/v2\/media?parent=1479"}],"wp:term":[{"taxonomy":"category","embeddable":true,"href":"https:\/\/wiki.s12.at\/index.php\/wp-json\/wp\/v2\/categories?post=1479"},{"taxonomy":"post_tag","embeddable":true,"href":"https:\/\/wiki.s12.at\/index.php\/wp-json\/wp\/v2\/tags?post=1479"}],"curies":[{"name":"wp","href":"https:\/\/api.w.org\/{rel}","templated":true}]}}