{"id":1475,"date":"2026-05-06T13:49:18","date_gmt":"2026-05-06T11:49:18","guid":{"rendered":"https:\/\/wiki.s12.at\/index.php\/2026\/05\/06\/24-runde-saison-2016-17-fc-liefering-gegen-kapfenberger-sv\/"},"modified":"2026-05-06T13:49:18","modified_gmt":"2026-05-06T11:49:18","slug":"24-runde-saison-2016-17-fc-liefering-gegen-kapfenberger-sv","status":"publish","type":"post","link":"https:\/\/wiki.s12.at\/index.php\/2026\/05\/06\/24-runde-saison-2016-17-fc-liefering-gegen-kapfenberger-sv\/","title":{"rendered":"17, FC Liefering gegen Kapfenberger SV"},"content":{"rendered":"<div class=\"mw-parser-output\">\n<h2><span class=\"mw-headline\" id=\"Fakten\">Fakten<\/span><a href=\"\/index.php?title=24._Runde,_Saison_2016\/17,_FC_Liefering_gegen_Kapfenberger_SV&amp;action=edit&amp;section=1\" title=\"Abschnitt bearbeiten: Fakten\">Bearbeiten<\/a><span class=\"mw-editsection-bracket\">]<\/span><\/span><\/h2>\n<table class=\"toptextcells toccolours\">\n<tbody>\n<tr>\n<th colspan=\"2\" style=\"text-align: center; vertical-align: top; padding: 0.3em 0.8em; font-size: 125%; background-color: lightsteelblue;\">FC Liefering gegen Kapfenberger SV, 1:1\n<\/th>\n<\/tr>\n<tr>\n<th style=\"text-align:left;\"><b>Spieltag<\/b>\n<\/th>\n<th style=\"text-align:left;\">SKY Go Erste Liga &#8211; 24. Spieltag\n<\/th>\n<\/tr>\n<tr>\n<th style=\"text-align:left;\"><b>Datum<\/b>\n<\/th>\n<th style=\"text-align:left;\">14. M\u00e4rz 2017\n<\/th>\n<\/tr>\n<tr>\n<th style=\"text-align:left;\"><b>Anpfiff<\/b>\n<\/th>\n<th style=\"text-align:left;\">18.30 Uhr\n<\/th>\n<\/tr>\n<tr>\n<td colspan=\"2\" style=\"text-align:center;\" bgcolor=\"lightgray\"><b>Aufstellung<\/b>\n<\/td>\n<\/tr>\n<tr>\n<th style=\"text-align:left;\"><b>Tor<\/b>\n<\/th>\n<th><a href=\"\/Carlos_Coronel\" class=\"mw-redirect\" title=\"Carlos Coronel\">Carlos Coronel<\/a>\n<\/th>\n<\/tr>\n<tr>\n<th style=\"text-align:left;\"><b>Verteidigung<\/b>\n<\/th>\n<th><a href=\"\/Lucas\" class=\"mw-redirect\" title=\"Lucas\">Lucas <\/a> &#8211; <a href=\"\/Igor\" class=\"mw-redirect\" title=\"Igor\">Igor<\/a> &#8211; <a href=\"\/Luan\" title=\"Luan\">Luan<\/a> &#8211; <a href=\"\/Emir_Karic\" title=\"Emir Karic\">Emir Karic<\/a>\n<\/th>\n<\/tr>\n<tr>\n<th style=\"text-align:left;\"><b>Mittelfeld<\/b>\n<\/th>\n<th><a href=\"\/Rami_Tekir\" title=\"Rami Tekir\">Rami Tekir<\/a> &#8211; <a href=\"\/Hannes_Wolf\" title=\"Hannes Wolf\">Hannes Wolf<\/a>  &#8211; <a href=\"\/Masaya_Okugawa\" title=\"Masaya Okugawa\">Masaya Okugawa<\/a> &#8211; <a href=\"\/Nico_Gorzel\" title=\"Nico Gorzel\">Nico Gorzel<\/a>\n<\/th>\n<\/tr>\n<tr>\n<th style=\"text-align:left;\"><b>Sturm<\/b>\n<\/th>\n<th><a href=\"\/Oliver_Filip\" title=\"Oliver Filip\">Oliver Filip<\/a> &#8211; <a href=\"\/Mergim_Berisha\" title=\"Mergim Berisha\">Mergim Berisha<\/a>\n<\/th>\n<\/tr>\n<tr>\n<td colspan=\"2\" style=\"text-align:center;\" bgcolor=\"lightgray\"><b>Wechsel<\/b>\n<\/td>\n<\/tr>\n<tr>\n<th style=\"text-align:left;\"><b>Wechsel<\/b>\n<\/th>\n<th style=\"text-align:left;\"><a href=\"\/Smail_Prevljak\" title=\"Smail Prevljak\">Smail Prevljak<\/a> f\u00fcr Filip (67.), <a href=\"\/Nicolas_Meister\" title=\"Nicolas Meister\">Nicolas Meister<\/a> f\u00fcr Okugawa (67.),  <a href=\"\/Sandro_Ingolitsch\" title=\"Sandro Ingolitsch\">Sandro Ingolitsch<\/a> f\u00fcr Lucas (77.)\n<\/th>\n<\/tr>\n<tr>\n<td colspan=\"2\" style=\"text-align:center;\" bgcolor=\"lightgray\"><b>Statistik<\/b>\n<\/td>\n<\/tr>\n<tr>\n<th style=\"text-align:left;\"><b>Endstand<\/b>\n<\/th>\n<th style=\"text-align:left;\">1:1 (1:1)\n<\/th>\n<\/tr>\n<tr>\n<th style=\"text-align:left;\"><b>Torsch\u00fctzen<\/b>\n<\/th>\n<th style=\"text-align:left;\">Wolf (37.); Victor Sa (18.)\n<\/th>\n<\/tr>\n<tr>\n<th style=\"text-align:left;\"><b>Gelbe Karten<\/b>\n<\/th>\n<th style=\"text-align:left;\">Tekir (33.); Bahtic (75.)\n<\/th>\n<\/tr>\n<tr>\n<th style=\"text-align:left;\"><b>Rote Karten<\/b>\n<\/th>\n<th style=\"text-align:left;\">\n<\/th>\n<\/tr>\n<tr>\n<th style=\"text-align:left;\"><b>Schiedsrichter<\/b>\n<\/th>\n<th style=\"text-align:left;\">Oliver Drachta\n<\/th>\n<\/tr>\n<tr>\n<th style=\"text-align:left;\"><b>Stadion<\/b>\n<\/th>\n<th style=\"text-align:left;\">Das Goldbergstadion, Gr\u00f6dig\n<\/th>\n<\/tr>\n<tr>\n<th style=\"text-align:left;\"><b>Zuschauer<\/b>\n<\/th>\n<th style=\"text-align:left;\">215\n<\/th>\n<\/tr>\n<\/tbody>\n<\/table>\n<p> \n<\/p>\n<h2><span class=\"mw-headline\" id=\"Stimmen_zum_Spiel\">Stimmen zum Spiel<\/span><a href=\"\/index.php?title=24._Runde,_Saison_2016\/17,_FC_Liefering_gegen_Kapfenberger_SV&amp;action=edit&amp;section=2\" title=\"Abschnitt bearbeiten: Stimmen zum Spiel\">Bearbeiten<\/a><span class=\"mw-editsection-bracket\">]<\/span><\/span><\/h2>\n<p><b>Thomas Letsch:<\/b> Es war heute ein Spiel mit komplett unterschiedlichen H\u00e4lften. Im ersten Durchgang haben wir es gegen einen Gegner, der sehr tief gestanden ist und nichts f\u00fcr das Spiel tun wollte, nicht gut gemacht. Wir haben nicht die richtigen Mittel gefunden. Uns \u00e4rgert es, dass wir wieder ein Tor nach einer Standardsituation erhalten haben. Nachdem wir unser System ver\u00e4ndert hatten, sind wir besser in die Partie gekommen. Die zweite Halbzeit war sehr positiv, man hat jedem Spieler angemerkt, dass wir den Sieg erzwingen wollten. Das ist uns leider nicht gelungen, daher m\u00fcssen wir mit dem Punkt leben.\n<\/p>\n<\/div>\n","protected":false},"excerpt":{"rendered":"<p>FaktenBearbeiten] FC Liefering gegen Kapfenberger SV, 1:1 Spieltag SKY Go Erste Liga &#8211; 24. Spieltag Datum 14. M\u00e4rz 2017 Anpfiff 18.30 Uhr Aufstellung Tor Carlos Coronel Verteidigung Lucas &#8211; Igor &#8211; Luan &#8211; Emir Karic Mittelfeld Rami Tekir &#8211; Hannes Wolf &#8211; Masaya Okugawa &#8211; Nico Gorzel Sturm Oliver Filip &#8211; Mergim Berisha Wechsel Wechsel [&hellip;]<\/p>\n","protected":false},"author":1,"featured_media":0,"comment_status":"open","ping_status":"open","sticky":false,"template":"","format":"standard","meta":{"footnotes":""},"categories":[1158],"tags":[],"class_list":["post-1475","post","type-post","status-publish","format-standard","hentry","category-24-runde-saison-2016"],"_links":{"self":[{"href":"https:\/\/wiki.s12.at\/index.php\/wp-json\/wp\/v2\/posts\/1475","targetHints":{"allow":["GET"]}}],"collection":[{"href":"https:\/\/wiki.s12.at\/index.php\/wp-json\/wp\/v2\/posts"}],"about":[{"href":"https:\/\/wiki.s12.at\/index.php\/wp-json\/wp\/v2\/types\/post"}],"author":[{"embeddable":true,"href":"https:\/\/wiki.s12.at\/index.php\/wp-json\/wp\/v2\/users\/1"}],"replies":[{"embeddable":true,"href":"https:\/\/wiki.s12.at\/index.php\/wp-json\/wp\/v2\/comments?post=1475"}],"version-history":[{"count":0,"href":"https:\/\/wiki.s12.at\/index.php\/wp-json\/wp\/v2\/posts\/1475\/revisions"}],"wp:attachment":[{"href":"https:\/\/wiki.s12.at\/index.php\/wp-json\/wp\/v2\/media?parent=1475"}],"wp:term":[{"taxonomy":"category","embeddable":true,"href":"https:\/\/wiki.s12.at\/index.php\/wp-json\/wp\/v2\/categories?post=1475"},{"taxonomy":"post_tag","embeddable":true,"href":"https:\/\/wiki.s12.at\/index.php\/wp-json\/wp\/v2\/tags?post=1475"}],"curies":[{"name":"wp","href":"https:\/\/api.w.org\/{rel}","templated":true}]}}