{"id":1474,"date":"2026-05-06T13:49:15","date_gmt":"2026-05-06T11:49:15","guid":{"rendered":"https:\/\/wiki.s12.at\/index.php\/2026\/05\/06\/24-runde-saison-2015-16-fc-red-bull-salzburg-gegen-fk-austria-wien\/"},"modified":"2026-05-06T13:49:15","modified_gmt":"2026-05-06T11:49:15","slug":"24-runde-saison-2015-16-fc-red-bull-salzburg-gegen-fk-austria-wien","status":"publish","type":"post","link":"https:\/\/wiki.s12.at\/index.php\/2026\/05\/06\/24-runde-saison-2015-16-fc-red-bull-salzburg-gegen-fk-austria-wien\/","title":{"rendered":"16 FC Red Bull Salzburg gegen FK Austria Wien"},"content":{"rendered":"<div class=\"mw-parser-output\">\n<h2><span class=\"mw-headline\" id=\"Fakten\">Fakten<\/span><a href=\"\/index.php?title=24._Runde,_Saison_2015\/16_FC_Red_Bull_Salzburg_gegen_FK_Austria_Wien&amp;action=edit&amp;section=1\" title=\"Abschnitt bearbeiten: Fakten\">Bearbeiten<\/a><span class=\"mw-editsection-bracket\">]<\/span><\/span><\/h2>\n<table class=\"toptextcells toccolours\">\n<tbody>\n<tr>\n<th colspan=\"2\" style=\"text-align: center; vertical-align: top; padding: 0.3em 0.8em; font-size: 125%; background-color: lightsteelblue;\">FC Red Bull Salzburg gegen FK Austria Wien, 4:1\n<\/th>\n<\/tr>\n<tr>\n<th style=\"text-align:left;\"><b>Spieltag<\/b>\n<\/th>\n<th style=\"text-align:left;\">Bundesliga &#8211; 24. Spieltag\n<\/th>\n<\/tr>\n<tr>\n<th style=\"text-align:left;\"><b>Datum<\/b>\n<\/th>\n<th style=\"text-align:left;\">28. Februar 2015\n<\/th>\n<\/tr>\n<tr>\n<th style=\"text-align:left;\"><b>Anpfiff<\/b>\n<\/th>\n<th style=\"text-align:left;\">16.30 Uhr\n<\/th>\n<\/tr>\n<tr>\n<td colspan=\"2\" style=\"text-align:center;\" bgcolor=\"lightgray\"><b>Aufstellung<\/b>\n<\/td>\n<\/tr>\n<tr>\n<th style=\"text-align:left;\"><b>Tor<\/b>\n<\/th>\n<th><a href=\"\/Alexander_Walke\" title=\"Alexander Walke\">Alexander Walke<\/a>\n<\/th>\n<\/tr>\n<tr>\n<th style=\"text-align:left;\"><b>Verteidigung<\/b>\n<\/th>\n<th><a href=\"\/Christian_Schwegler\" title=\"Christian Schwegler\">Christian Schwegler<\/a> &#8211; <a href=\"\/Paulo_Miranda\" title=\"Paulo Miranda\">Paulo Miranda<\/a> &#8211; <a href=\"\/Duje_Caleta-Car\" title=\"Duje Caleta-Car\">Duje Caleta-Car<\/a> &#8211; <a href=\"\/Andreas_Ulmer\" title=\"Andreas Ulmer\">Andreas Ulmer<\/a>\n<\/th>\n<\/tr>\n<tr>\n<th style=\"text-align:left;\"><b>Mittelfeld<\/b>\n<\/th>\n<th><a href=\"\/Valentino_Lazaro\" title=\"Valentino Lazaro\">Valentino Lazaro<\/a> &#8211; <a href=\"\/Valon_Berisha\" title=\"Valon Berisha\">Valon Berisha<\/a> &#8211; <a href=\"\/Benno_Schmitz\" title=\"Benno Schmitz\">Benno Schmitz<\/a> &#8211; <a href=\"\/Naby_Keita\" title=\"Naby Keita\">Naby Keita<\/a>\n<\/th>\n<\/tr>\n<tr>\n<th style=\"text-align:left;\"><b>Sturm<\/b>\n<\/th>\n<th><a href=\"\/Jonatan_Soriano\" title=\"Jonatan Soriano\">Jonatan Soriano<\/a> &#8211; <a href=\"\/Dimitri_Oberlin\" title=\"Dimitri Oberlin\">Dimitri Oberlin<\/a>\n<\/th>\n<\/tr>\n<tr>\n<td colspan=\"2\" style=\"text-align:center;\" bgcolor=\"lightgray\"><b>Wechsel<\/b>\n<\/td>\n<\/tr>\n<tr>\n<th style=\"text-align:left;\"><b>Wechsel<\/b>\n<\/th>\n<th style=\"text-align:left;\"><a href=\"\/Yasin_Pehlivan\" title=\"Yasin Pehlivan\">Yasin Pehlivan<\/a> f\u00fcr Keita (53.), <a href=\"\/Takumi_Minamino\" title=\"Takumi Minamino\">Takumi Minamino<\/a> f\u00fcr Oberlin (63.), <a href=\"\/Hee-Chan_Hwang\" title=\"Hee-Chan Hwang\">Hee-Chan Hwang<\/a> f\u00fcr Lazaro (69.)\n<\/th>\n<\/tr>\n<tr>\n<td colspan=\"2\" style=\"text-align:center;\" bgcolor=\"lightgray\"><b>Statistik<\/b>\n<\/td>\n<\/tr>\n<tr>\n<th style=\"text-align:left;\"><b>Endstand<\/b>\n<\/th>\n<th style=\"text-align:left;\">4:1 (3:1)\n<\/th>\n<\/tr>\n<tr>\n<th style=\"text-align:left;\"><b>Torsch\u00fctzen<\/b>\n<\/th>\n<th style=\"text-align:left;\">Keita (12., 33.), Soriano (35.), Minamino (70.) ;Kayode (17.)\n<\/th>\n<\/tr>\n<tr>\n<th style=\"text-align:left;\"><b>Gelbe Karten<\/b>\n<\/th>\n<th style=\"text-align:left;\">Pehlivan (77.); Vukojevic (14.), Windbichler (57.), Gr\u00fcnwald (86.)\n<\/th>\n<\/tr>\n<tr>\n<th style=\"text-align:left;\"><b>Rote Karten<\/b>\n<\/th>\n<th style=\"text-align:left;\">\n<\/th>\n<\/tr>\n<tr>\n<th style=\"text-align:left;\"><b>Schiedsrichter<\/b>\n<\/th>\n<th style=\"text-align:left;\">Oliver Drachta\n<\/th>\n<\/tr>\n<tr>\n<th style=\"text-align:left;\"><b>Stadion<\/b>\n<\/th>\n<th style=\"text-align:left;\">Red Bull Arena, Salzburg\n<\/th>\n<\/tr>\n<tr>\n<th style=\"text-align:left;\"><b>Zuschauer<\/b>\n<\/th>\n<th style=\"text-align:left;\">10 675\n<\/th>\n<\/tr>\n<\/tbody>\n<\/table>\n<p><a href=\"\/Naby_Keita\" title=\"Naby Keita\">Naby Keita<\/a> absolvierte heute sein 50. Bundeliga-Spiel.\n<\/p>\n<h2><span class=\"mw-headline\" id=\"Weblinks\">Weblinks<\/span><a href=\"\/index.php?title=24._Runde,_Saison_2015\/16_FC_Red_Bull_Salzburg_gegen_FK_Austria_Wien&amp;action=edit&amp;section=2\" title=\"Abschnitt bearbeiten: Weblinks\">Bearbeiten<\/a><span class=\"mw-editsection-bracket\">]<\/span><\/span><\/h2>\n<p><a rel=\"nofollow\" class=\"external text\" href=\"http:\/\/www.redbullsalzburg.at\/de\/fc-red-bull-salzburg\/news\/saison_2015_16\/rote-bullen-behaupten-sich-gegen-titelkonkurrenten.html\">Spielbericht Vereinshomepage<\/a>\n<\/p>\n<p><center>&lt;youtube&gt;mKN96H_Dlwc&lt;\/youtube&gt;<\/center><\/p>\n<h2><span class=\"mw-headline\" id=\"Fotos\">Fotos<\/span><a href=\"\/index.php?title=24._Runde,_Saison_2015\/16_FC_Red_Bull_Salzburg_gegen_FK_Austria_Wien&amp;action=edit&amp;section=3\" title=\"Abschnitt bearbeiten: Fotos\">Bearbeiten<\/a><span class=\"mw-editsection-bracket\">]<\/span><\/span><\/h2>\n<ul class=\"gallery mw-gallery-traditional\">\n<li class=\"gallerybox\" style=\"width: 155px\">\n<div style=\"width: 155px\">\n<div class=\"thumb\" style=\"width: 150px;\">\n<div style=\"margin:30px auto;\"><a href=\"\/Datei:FaK.jpeg\" class=\"image\"><img alt=\"FaK.jpeg\" src=\"\/images\/thumb\/c\/c8\/FaK.jpeg\/120px-FaK.jpeg\" decoding=\"async\" width=\"120\" height=\"90\" srcset=\"\/images\/thumb\/c\/c8\/FaK.jpeg\/180px-FaK.jpeg 1.5x, \/images\/thumb\/c\/c8\/FaK.jpeg\/240px-FaK.jpeg 2x\" \/><\/a><\/div>\n<\/div>\n<div class=\"gallerytext\">\n\t\t\t<\/div>\n<\/p><\/div>\n<\/li>\n<li class=\"gallerybox\" style=\"width: 155px\">\n<div style=\"width: 155px\">\n<div class=\"thumb\" style=\"width: 150px;\">\n<div style=\"margin:41.5px auto;\"><a href=\"\/Datei:FAK_(2).jpg\" class=\"image\"><img alt=\"FAK (2).jpg\" src=\"\/images\/thumb\/9\/93\/FAK_%282%29.jpg\/120px-FAK_%282%29.jpg\" decoding=\"async\" width=\"120\" height=\"67\" srcset=\"\/images\/thumb\/9\/93\/FAK_%282%29.jpg\/180px-FAK_%282%29.jpg 1.5x, \/images\/thumb\/9\/93\/FAK_%282%29.jpg\/240px-FAK_%282%29.jpg 2x\" \/><\/a><\/div>\n<\/div>\n<div class=\"gallerytext\">\n\t\t\t<\/div>\n<\/p><\/div>\n<\/li>\n<li class=\"gallerybox\" style=\"width: 155px\">\n<div style=\"width: 155px\">\n<div class=\"thumb\" style=\"width: 150px;\">\n<div style=\"margin:30px auto;\"><a href=\"\/Datei:Fak_(2).jpg\" class=\"image\"><img alt=\"Fak (2).jpg\" src=\"\/images\/thumb\/4\/4f\/Fak_%282%29.jpg\/120px-Fak_%282%29.jpg\" decoding=\"async\" width=\"120\" height=\"90\" srcset=\"\/images\/thumb\/4\/4f\/Fak_%282%29.jpg\/180px-Fak_%282%29.jpg 1.5x, \/images\/thumb\/4\/4f\/Fak_%282%29.jpg\/240px-Fak_%282%29.jpg 2x\" \/><\/a><\/div>\n<\/div>\n<div class=\"gallerytext\">\n\t\t\t<\/div>\n<\/p><\/div>\n<\/li>\n<li class=\"gallerybox\" style=\"width: 155px\">\n<div style=\"width: 155px\">\n<div class=\"thumb\" style=\"width: 150px;\">\n<div style=\"margin:15px auto;\"><a href=\"\/Datei:FAK_(3).jpg\" class=\"image\"><img loading=\"lazy\" alt=\"FAK (3).jpg\" src=\"\/images\/thumb\/6\/6f\/FAK_%283%29.jpg\/67px-FAK_%283%29.jpg\" decoding=\"async\" width=\"67\" height=\"120\" srcset=\"\/images\/thumb\/6\/6f\/FAK_%283%29.jpg\/101px-FAK_%283%29.jpg 1.5x, \/images\/thumb\/6\/6f\/FAK_%283%29.jpg\/135px-FAK_%283%29.jpg 2x\" \/><\/a><\/div>\n<\/div>\n<div class=\"gallerytext\">\n\t\t\t<\/div>\n<\/p><\/div>\n<\/li>\n<li class=\"gallerybox\" style=\"width: 155px\">\n<div style=\"width: 155px\">\n<div class=\"thumb\" style=\"width: 150px;\">\n<div style=\"margin:41px auto;\"><a href=\"\/Datei:Fak_(1).jpg\" class=\"image\"><img loading=\"lazy\" alt=\"Fak (1).jpg\" src=\"\/images\/thumb\/9\/9c\/Fak_%281%29.jpg\/120px-Fak_%281%29.jpg\" decoding=\"async\" width=\"120\" height=\"68\" srcset=\"\/images\/thumb\/9\/9c\/Fak_%281%29.jpg\/180px-Fak_%281%29.jpg 1.5x, \/images\/thumb\/9\/9c\/Fak_%281%29.jpg\/240px-Fak_%281%29.jpg 2x\" \/><\/a><\/div>\n<\/div>\n<div class=\"gallerytext\">\n\t\t\t<\/div>\n<\/p><\/div>\n<\/li>\n<li class=\"gallerybox\" style=\"width: 155px\">\n<div style=\"width: 155px\">\n<div class=\"thumb\" style=\"width: 150px;\">\n<div style=\"margin:41px auto;\"><a href=\"\/Datei:Fak_(4).jpg\" class=\"image\"><img loading=\"lazy\" alt=\"Fak (4).jpg\" src=\"\/images\/thumb\/c\/c3\/Fak_%284%29.jpg\/120px-Fak_%284%29.jpg\" decoding=\"async\" width=\"120\" height=\"68\" srcset=\"\/images\/thumb\/c\/c3\/Fak_%284%29.jpg\/180px-Fak_%284%29.jpg 1.5x, \/images\/thumb\/c\/c3\/Fak_%284%29.jpg\/240px-Fak_%284%29.jpg 2x\" \/><\/a><\/div>\n<\/div>\n<div class=\"gallerytext\">\n\t\t\t<\/div>\n<\/p><\/div>\n<\/li>\n<li class=\"gallerybox\" style=\"width: 155px\">\n<div style=\"width: 155px\">\n<div class=\"thumb\" style=\"width: 150px;\">\n<div style=\"margin:41px auto;\"><a href=\"\/Datei:Fak_(5).jpg\" class=\"image\"><img loading=\"lazy\" alt=\"Fak (5).jpg\" src=\"\/images\/thumb\/a\/ae\/Fak_%285%29.jpg\/120px-Fak_%285%29.jpg\" decoding=\"async\" width=\"120\" height=\"68\" srcset=\"\/images\/thumb\/a\/ae\/Fak_%285%29.jpg\/180px-Fak_%285%29.jpg 1.5x, \/images\/thumb\/a\/ae\/Fak_%285%29.jpg\/240px-Fak_%285%29.jpg 2x\" \/><\/a><\/div>\n<\/div>\n<div class=\"gallerytext\">\n\t\t\t<\/div>\n<\/p><\/div>\n<\/li>\n<\/ul>\n<h2><span class=\"mw-headline\" id=\"Stimmen_zum_Spiel\">Stimmen zum Spiel<\/span><a href=\"\/index.php?title=24._Runde,_Saison_2015\/16_FC_Red_Bull_Salzburg_gegen_FK_Austria_Wien&amp;action=edit&amp;section=4\" title=\"Abschnitt bearbeiten: Stimmen zum Spiel\">Bearbeiten<\/a><span class=\"mw-editsection-bracket\">]<\/span><\/span><\/h2>\n<p><b>Oscar Garcia:<\/b> Ich denke, dass wir noch besser spielen k\u00f6nnen, aber nat\u00fcrlich bin ich zufrieden.Wir haben einige Ideen, die wir hatten, gut umgesetzt und unser Plan ist aufgegangen. Wir wollten den Spielaufbau des Gegners mit Offensivpressing st\u00f6ren, und das hat ganz gut geklappt, aber es ist noch ein langer Weg zum Meistertitel.\n<\/p>\n<p><b>Naby Keita:<\/b> Nat\u00fcrlich war die Krankheit eine harte Zeit f\u00fcr mich, aber ich bin froh, dass ich wieder zur\u00fcck bin und freue mich f\u00fcr das ganze Team, dass wir heute diesen wichtigen Sieg erringen konnten.\n<\/p>\n<\/div>\n","protected":false},"excerpt":{"rendered":"<p>FaktenBearbeiten] FC Red Bull Salzburg gegen FK Austria Wien, 4:1 Spieltag Bundesliga &#8211; 24. Spieltag Datum 28. Februar 2015 Anpfiff 16.30 Uhr Aufstellung Tor Alexander Walke Verteidigung Christian Schwegler &#8211; Paulo Miranda &#8211; Duje Caleta-Car &#8211; Andreas Ulmer Mittelfeld Valentino Lazaro &#8211; Valon Berisha &#8211; Benno Schmitz &#8211; Naby Keita Sturm Jonatan Soriano &#8211; Dimitri [&hellip;]<\/p>\n","protected":false},"author":1,"featured_media":0,"comment_status":"open","ping_status":"open","sticky":false,"template":"","format":"standard","meta":{"footnotes":""},"categories":[1157],"tags":[],"class_list":["post-1474","post","type-post","status-publish","format-standard","hentry","category-24-runde-saison-2015"],"_links":{"self":[{"href":"https:\/\/wiki.s12.at\/index.php\/wp-json\/wp\/v2\/posts\/1474","targetHints":{"allow":["GET"]}}],"collection":[{"href":"https:\/\/wiki.s12.at\/index.php\/wp-json\/wp\/v2\/posts"}],"about":[{"href":"https:\/\/wiki.s12.at\/index.php\/wp-json\/wp\/v2\/types\/post"}],"author":[{"embeddable":true,"href":"https:\/\/wiki.s12.at\/index.php\/wp-json\/wp\/v2\/users\/1"}],"replies":[{"embeddable":true,"href":"https:\/\/wiki.s12.at\/index.php\/wp-json\/wp\/v2\/comments?post=1474"}],"version-history":[{"count":0,"href":"https:\/\/wiki.s12.at\/index.php\/wp-json\/wp\/v2\/posts\/1474\/revisions"}],"wp:attachment":[{"href":"https:\/\/wiki.s12.at\/index.php\/wp-json\/wp\/v2\/media?parent=1474"}],"wp:term":[{"taxonomy":"category","embeddable":true,"href":"https:\/\/wiki.s12.at\/index.php\/wp-json\/wp\/v2\/categories?post=1474"},{"taxonomy":"post_tag","embeddable":true,"href":"https:\/\/wiki.s12.at\/index.php\/wp-json\/wp\/v2\/tags?post=1474"}],"curies":[{"name":"wp","href":"https:\/\/api.w.org\/{rel}","templated":true}]}}