{"id":1472,"date":"2026-05-06T13:48:54","date_gmt":"2026-05-06T11:48:54","guid":{"rendered":"https:\/\/wiki.s12.at\/index.php\/2026\/05\/06\/24-runde-saison-2014-15-kapfenberger-sv-gegen-sv-liefering\/"},"modified":"2026-05-06T13:48:54","modified_gmt":"2026-05-06T11:48:54","slug":"24-runde-saison-2014-15-kapfenberger-sv-gegen-sv-liefering","status":"publish","type":"post","link":"https:\/\/wiki.s12.at\/index.php\/2026\/05\/06\/24-runde-saison-2014-15-kapfenberger-sv-gegen-sv-liefering\/","title":{"rendered":"15, Kapfenberger SV gegen SV Liefering"},"content":{"rendered":"<div class=\"mw-parser-output\">\n<h2><span class=\"mw-headline\" id=\"Fakten\">Fakten<\/span><a href=\"\/index.php?title=24._Runde,_Saison_2014\/15,_Kapfenberger_SV_gegen_SV_Liefering&amp;action=edit&amp;section=1\" title=\"Abschnitt bearbeiten: Fakten\">Bearbeiten<\/a><span class=\"mw-editsection-bracket\">]<\/span><\/span><\/h2>\n<table class=\"toptextcells toccolours\">\n<tbody>\n<tr>\n<th colspan=\"2\" style=\"text-align: center; vertical-align: top; padding: 0.3em 0.8em; font-size: 125%; background-color: lightsteelblue;\">Kapfenberger SV gegen FC Liefering, 3:2\n<\/th>\n<\/tr>\n<tr>\n<th style=\"text-align:left;\"><b>Spieltag<\/b>\n<\/th>\n<th style=\"text-align:left;\">SkyGo Erste Liga- 24. Spieltag\n<\/th>\n<\/tr>\n<tr>\n<th style=\"text-align:left;\"><b>Datum<\/b>\n<\/th>\n<th style=\"text-align:left;\">17. M\u00e4rz 2015\n<\/th>\n<\/tr>\n<tr>\n<th style=\"text-align:left;\"><b>Anpfiff<\/b>\n<\/th>\n<th style=\"text-align:left;\">18.30 Uhr\n<\/th>\n<\/tr>\n<tr>\n<td colspan=\"2\" style=\"text-align:center;\" bgcolor=\"lightgray\"><b>Aufstellung<\/b>\n<\/td>\n<\/tr>\n<tr>\n<th style=\"text-align:left;\"><b>Tor<\/b>\n<\/th>\n<th><a href=\"\/Fabian_Bredlow\" title=\"Fabian Bredlow\">Fabian Bredlow<\/a>\n<\/th>\n<\/tr>\n<tr>\n<th style=\"text-align:left;\"><b>Verteidigung<\/b>\n<\/th>\n<th><a href=\"\/Philipp_Wiesinger\" title=\"Philipp Wiesinger\">Philipp Wiesinger<\/a> <a href=\"\/David_Gugganig\" title=\"David Gugganig\">David Gugganig<\/a> <a href=\"\/Lukas_Gugganig\" title=\"Lukas Gugganig\">Lukas Gugganig<\/a> <a href=\"\/Felix_Adjei\" title=\"Felix Adjei\">Felix Adjei<\/a>\n<\/th>\n<\/tr>\n<tr>\n<th style=\"text-align:left;\"><b>Mittelfeld<\/b>\n<\/th>\n<th><a href=\"\/Michael_Brandner\" title=\"Michael Brandner\">Michael Brandner<\/a> <a href=\"\/Xaver_Schlager\" title=\"Xaver Schlager\">Xaver Schlager<\/a>  <a href=\"\/David_Atanga\" title=\"David Atanga\">David Atanga<\/a>\n<\/th>\n<\/tr>\n<tr>\n<th style=\"text-align:left;\"><b>Sturm<\/b>\n<\/th>\n<th><a href=\"\/Ante_Roguljic\" class=\"mw-redirect\" title=\"Ante Roguljic\">Ante Roguljic<\/a> <a href=\"\/Smail_Prevljak\" title=\"Smail Prevljak\">Smail Prevljak<\/a>  <a href=\"\/Mathias_Honsak\" title=\"Mathias Honsak\">Mathias Honsak<\/a>\n<\/th>\n<\/tr>\n<tr>\n<td colspan=\"2\" style=\"text-align:center;\" bgcolor=\"lightgray\"><b>Wechsel<\/b>\n<\/td>\n<\/tr>\n<tr>\n<th style=\"text-align:left;\"><b>Wechsel<\/b>\n<\/th>\n<th style=\"text-align:left;\"><a href=\"\/Joao_Pedro\" title=\"Joao Pedro\">Joao Pedro<\/a> f\u00fcr Brandner (48.), <a href=\"\/Hee-Chan_Hwang\" title=\"Hee-Chan Hwang\">Hee-Chan Hwang<\/a> f\u00fcr Honsak (72.), <a href=\"\/Lukas_Heinicker\" title=\"Lukas Heinicker\">Lukas Heinicker<\/a> f\u00fcr Atanga (86.)\n<\/th>\n<\/tr>\n<tr>\n<td colspan=\"2\" style=\"text-align:center;\" bgcolor=\"lightgray\"><b>Statistik<\/b>\n<\/td>\n<\/tr>\n<tr>\n<th style=\"text-align:left;\"><b>Endstand<\/b>\n<\/th>\n<th style=\"text-align:left;\">3:2 (3:1)\n<\/th>\n<\/tr>\n<tr>\n<th style=\"text-align:left;\"><b>Torsch\u00fctzen<\/b>\n<\/th>\n<th style=\"text-align:left;\">Witteveen (25., 37.), Wendler (43.); Atanga (31.), Prevljak (70.)\n<\/th>\n<\/tr>\n<tr>\n<th style=\"text-align:left;\"><b>Gelbe Karten<\/b>\n<\/th>\n<th style=\"text-align:left;\">Witteveen (67.), H\u00fctter (81.), Wendler (89.)\n<\/th>\n<\/tr>\n<tr>\n<th style=\"text-align:left;\"><b>Rote Karten<\/b>\n<\/th>\n<th style=\"text-align:left;\">\n<\/th>\n<\/tr>\n<tr>\n<th style=\"text-align:left;\"><b>Schiedsrichter<\/b>\n<\/th>\n<th style=\"text-align:left;\">Christian Dintar\n<\/th>\n<\/tr>\n<tr>\n<th style=\"text-align:left;\"><b>Stadion<\/b>\n<\/th>\n<th style=\"text-align:left;\">Franz Fekete-Stadion, Kapfenberg\n<\/th>\n<\/tr>\n<tr>\n<th style=\"text-align:left;\"><b>Zuschauer<\/b>\n<\/th>\n<th style=\"text-align:left;\">800\n<\/th>\n<\/tr>\n<\/tbody>\n<\/table>\n<h2><span class=\"mw-headline\" id=\"Weblinks\">Weblinks<\/span><a href=\"\/index.php?title=24._Runde,_Saison_2014\/15,_Kapfenberger_SV_gegen_SV_Liefering&amp;action=edit&amp;section=2\" title=\"Abschnitt bearbeiten: Weblinks\">Bearbeiten<\/a><span class=\"mw-editsection-bracket\">]<\/span><\/span><\/h2>\n<ul>\n<li><a rel=\"nofollow\" class=\"external text\" href=\"http:\/\/www.redbulls.com\/de\/fc-liefering\/news\/saison_2014_15\/liefering-verliert-ungluecklich.html\">Spielbericht Vereinshomepage<\/a><\/li>\n<\/ul>\n<h2><span class=\"mw-headline\" id=\"Stimmen_zum_Spiel\">Stimmen zum Spiel<\/span><a href=\"\/index.php?title=24._Runde,_Saison_2014\/15,_Kapfenberger_SV_gegen_SV_Liefering&amp;action=edit&amp;section=3\" title=\"Abschnitt bearbeiten: Stimmen zum Spiel\">Bearbeiten<\/a><span class=\"mw-editsection-bracket\">]<\/span><\/span><\/h2>\n<p><b>Peter Zeidler:<\/b> \u201eDie Leistung war gut, in manchen Bereichen sogar sehr gut. Aber leider waren wir bei den entscheidenden Dingen nicht richtig dran, haben nicht aggressiv verteidigt. Deshalb haben wir heute auch verloren. Nach der Pause waren wir dr\u00fcckend \u00fcberlegen, hatten viele hochkar\u00e4tige Chancen, aber es ist uns eben nur ein Tor gelungen. Jetzt hoffe ich, dass wir daraus die richtigen Lehren ziehen \u2013 und auch, dass die Verletzung von Brandner nicht allzu schwer ist. Ab morgen konzentrieren wir uns voll auf den Schlager gegen den LASK am Freitag.\u201c\n<\/p>\n<\/div>\n","protected":false},"excerpt":{"rendered":"<p>FaktenBearbeiten] Kapfenberger SV gegen FC Liefering, 3:2 Spieltag SkyGo Erste Liga- 24. Spieltag Datum 17. M\u00e4rz 2015 Anpfiff 18.30 Uhr Aufstellung Tor Fabian Bredlow Verteidigung Philipp Wiesinger David Gugganig Lukas Gugganig Felix Adjei Mittelfeld Michael Brandner Xaver Schlager David Atanga Sturm Ante Roguljic Smail Prevljak Mathias Honsak Wechsel Wechsel Joao Pedro f\u00fcr Brandner (48.), Hee-Chan [&hellip;]<\/p>\n","protected":false},"author":1,"featured_media":0,"comment_status":"open","ping_status":"open","sticky":false,"template":"","format":"standard","meta":{"footnotes":""},"categories":[1156],"tags":[],"class_list":["post-1472","post","type-post","status-publish","format-standard","hentry","category-24-runde-saison-2014"],"_links":{"self":[{"href":"https:\/\/wiki.s12.at\/index.php\/wp-json\/wp\/v2\/posts\/1472","targetHints":{"allow":["GET"]}}],"collection":[{"href":"https:\/\/wiki.s12.at\/index.php\/wp-json\/wp\/v2\/posts"}],"about":[{"href":"https:\/\/wiki.s12.at\/index.php\/wp-json\/wp\/v2\/types\/post"}],"author":[{"embeddable":true,"href":"https:\/\/wiki.s12.at\/index.php\/wp-json\/wp\/v2\/users\/1"}],"replies":[{"embeddable":true,"href":"https:\/\/wiki.s12.at\/index.php\/wp-json\/wp\/v2\/comments?post=1472"}],"version-history":[{"count":0,"href":"https:\/\/wiki.s12.at\/index.php\/wp-json\/wp\/v2\/posts\/1472\/revisions"}],"wp:attachment":[{"href":"https:\/\/wiki.s12.at\/index.php\/wp-json\/wp\/v2\/media?parent=1472"}],"wp:term":[{"taxonomy":"category","embeddable":true,"href":"https:\/\/wiki.s12.at\/index.php\/wp-json\/wp\/v2\/categories?post=1472"},{"taxonomy":"post_tag","embeddable":true,"href":"https:\/\/wiki.s12.at\/index.php\/wp-json\/wp\/v2\/tags?post=1472"}],"curies":[{"name":"wp","href":"https:\/\/api.w.org\/{rel}","templated":true}]}}