{"id":1471,"date":"2026-05-06T13:48:54","date_gmt":"2026-05-06T11:48:54","guid":{"rendered":"https:\/\/wiki.s12.at\/index.php\/2026\/05\/06\/24-runde-saison-2014-15-fc-red-bull-salzburg-gegen-scr-altach\/"},"modified":"2026-05-06T13:48:54","modified_gmt":"2026-05-06T11:48:54","slug":"24-runde-saison-2014-15-fc-red-bull-salzburg-gegen-scr-altach","status":"publish","type":"post","link":"https:\/\/wiki.s12.at\/index.php\/2026\/05\/06\/24-runde-saison-2014-15-fc-red-bull-salzburg-gegen-scr-altach\/","title":{"rendered":"15, FC Red Bull Salzburg gegen SCR Altach"},"content":{"rendered":"<div class=\"mw-parser-output\">\n<h2><span class=\"mw-headline\" id=\"Fakten\">Fakten<\/span><a href=\"\/index.php?title=24._Runde,_Saison_2014\/15,_FC_Red_Bull_Salzburg_gegen_SCR_Altach&amp;action=edit&amp;section=1\" title=\"Abschnitt bearbeiten: Fakten\">Bearbeiten<\/a><span class=\"mw-editsection-bracket\">]<\/span><\/span><\/h2>\n<table class=\"toptextcells toccolours\">\n<tbody>\n<tr>\n<th colspan=\"2\" style=\"text-align: center; vertical-align: top; padding: 0.3em 0.8em; font-size: 125%; background-color: lightsteelblue;\">FC Red Bull Salzburg gegen SCR Altach, 0:1\n<\/th>\n<\/tr>\n<tr>\n<th style=\"text-align:left;\"><b>Spieltag<\/b>\n<\/th>\n<th style=\"text-align:left;\">Bundesliga &#8211; 24. Spieltag\n<\/th>\n<\/tr>\n<tr>\n<th style=\"text-align:left;\"><b>Datum<\/b>\n<\/th>\n<th style=\"text-align:left;\">7. M\u00e4rz 2015\n<\/th>\n<\/tr>\n<tr>\n<th style=\"text-align:left;\"><b>Anpfiff<\/b>\n<\/th>\n<th style=\"text-align:left;\">18.30 Uhr\n<\/th>\n<\/tr>\n<tr>\n<td colspan=\"2\" style=\"text-align:center;\" bgcolor=\"lightgray\"><b>Aufstellung<\/b>\n<\/td>\n<\/tr>\n<tr>\n<th style=\"text-align:left;\"><b>Tor<\/b>\n<\/th>\n<th><a href=\"\/Peter_Gulacsi\" class=\"mw-redirect\" title=\"Peter Gulacsi\">Peter Gulacsi<\/a>\n<\/th>\n<\/tr>\n<tr>\n<th style=\"text-align:left;\"><b>Verteidigung<\/b>\n<\/th>\n<th><a href=\"\/Christian_Schwegler\" title=\"Christian Schwegler\">Christian Schwegler<\/a> &#8211; <a href=\"\/Martin_Hinteregger\" title=\"Martin Hinteregger\">Martin Hinteregger<\/a> &#8211; <a href=\"\/Duje_Caleta-Car\" title=\"Duje Caleta-Car\">Duje Caleta-Car<\/a> &#8211; <a href=\"\/Andreas_Ulmer\" title=\"Andreas Ulmer\">Andreas Ulmer<\/a>\n<\/th>\n<\/tr>\n<tr>\n<th style=\"text-align:left;\"><b>Mittelfeld<\/b>\n<\/th>\n<th><a href=\"\/Stefan_Ilsanker\" title=\"Stefan Ilsanker\">Stefan Ilsanker<\/a> &#8211; <a href=\"\/Naby_Keita\" title=\"Naby Keita\">Naby Keita<\/a> &#8211; <a href=\"\/Massimo_Bruno\" title=\"Massimo Bruno\">Massimo Bruno<\/a> &#8211; <a href=\"\/Takumi_Minamino\" title=\"Takumi Minamino\">Takumi Minamino<\/a>\n<\/th>\n<\/tr>\n<tr>\n<th style=\"text-align:left;\"><b>Sturm<\/b>\n<\/th>\n<th><a href=\"\/Marco_Djuricin\" title=\"Marco Djuricin\">Marco Djuricin<\/a> &#8211; <a href=\"\/Jonatan_Soriano\" title=\"Jonatan Soriano\">Jonatan Soriano<\/a>\n<\/th>\n<\/tr>\n<tr>\n<td colspan=\"2\" style=\"text-align:center;\" bgcolor=\"lightgray\"><b>Wechsel<\/b>\n<\/td>\n<\/tr>\n<tr>\n<th style=\"text-align:left;\"><b>Wechsel<\/b>\n<\/th>\n<th style=\"text-align:left;\"><a href=\"\/Valentino_Lazaro\" title=\"Valentino Lazaro\">Valentino Lazaro<\/a> f\u00fcr Minamino (61.), <a href=\"\/Valon_Berisha\" title=\"Valon Berisha\">Valon Berisha<\/a> f\u00fcr Djuricin(61.), <a href=\"\/Andre_Ramalho\" class=\"mw-redirect\" title=\"Andre Ramalho\">Andre Ramalho<\/a> f\u00fcr Ilsanker (87.)\n<\/th>\n<\/tr>\n<tr>\n<td colspan=\"2\" style=\"text-align:center;\" bgcolor=\"lightgray\"><b>Statistik<\/b>\n<\/td>\n<\/tr>\n<tr>\n<th style=\"text-align:left;\"><b>Endstand<\/b>\n<\/th>\n<th style=\"text-align:left;\">0:1 (0:0)\n<\/th>\n<\/tr>\n<tr>\n<th style=\"text-align:left;\"><b>Torsch\u00fctzen<\/b>\n<\/th>\n<th style=\"text-align:left;\">Tajouri (50.)\n<\/th>\n<\/tr>\n<tr>\n<th style=\"text-align:left;\"><b>Gelbe Karten<\/b>\n<\/th>\n<th style=\"text-align:left;\">lsanker (18.), Caleta-Car (37.);J\u00e4ger (6.), Netzer (48.)\n<\/th>\n<\/tr>\n<tr>\n<th style=\"text-align:left;\"><b>Rote Karten<\/b>\n<\/th>\n<th style=\"text-align:left;\">\n<\/th>\n<\/tr>\n<tr>\n<th style=\"text-align:left;\"><b>Schiedsrichter<\/b>\n<\/th>\n<th style=\"text-align:left;\">Dieter Muckenhammer\n<\/th>\n<\/tr>\n<tr>\n<th style=\"text-align:left;\"><b>Stadion<\/b>\n<\/th>\n<th style=\"text-align:left;\"><a href=\"\/index.php?title=Red_Bull_Arena&amp;action=edit&amp;redlink=1\" class=\"new\" title=\"Red Bull Arena (Seite nicht vorhanden)\">Red Bull Arena<\/a>, Salzburg\n<\/th>\n<\/tr>\n<tr>\n<th style=\"text-align:left;\"><b>Zuschauer<\/b>\n<\/th>\n<th style=\"text-align:left;\">6 898\n<\/th>\n<\/tr>\n<\/tbody>\n<\/table>\n<h2><span class=\"mw-headline\" id=\"Bilder\">Bilder<\/span><a href=\"\/index.php?title=24._Runde,_Saison_2014\/15,_FC_Red_Bull_Salzburg_gegen_SCR_Altach&amp;action=edit&amp;section=2\" title=\"Abschnitt bearbeiten: Bilder\">Bearbeiten<\/a><span class=\"mw-editsection-bracket\">]<\/span><\/span><\/h2>\n<p><img alt=\"\" src=\"\/images\/thumb\/4\/4a\/Commons-logo.svg\/langde-20px-Commons-logo.svg.png%3Futm_source%3Dcommons.wikimedia.org%26utm_campaign%3Dimageinfo%26utm_content%3Dthumbnail\" decoding=\"async\" title=\"Commons\" width=\"12\" height=\"16\" srcset=\"\/images\/thumb\/4\/4a\/Commons-logo.svg\/langde-40px-Commons-logo.svg.png%3Futm_source%3Dcommons.wikimedia.org%26utm_campaign%3Dimageinfo%26utm_content%3Dthumbnail 2x\" \/>&#160;<b><a href=\"http:\/\/commons.wikimedia.org\/wiki\/Category:FC_Red_Bull_Salzburg_gegen_SCR_Altach_(7.M%C3%A4rz_2015)\" class=\"extiw\" title=\"commons:Category:FC Red Bull Salzburg gegen SCR Altach (7.M\u00e4rz 2015)\">24. Runde, Saison 2014\/15, FC Red Bull Salzburg gegen SCR Altach<\/a><\/b>&#160;\u2013 Sammlung von Bildern, Videos und Audiodateien auf <a href=\"\/Wikimedia_Commons\" title=\"Wikimedia Commons\">Wikimedia Commons<\/a>\n<\/p>\n<ul>\n<li>(c)GEPA<\/li>\n<\/ul>\n<ul class=\"gallery mw-gallery-traditional\">\n<li class=\"gallerybox\" style=\"width: 155px\">\n<div style=\"width: 155px\">\n<div class=\"thumb\" style=\"width: 150px;\">\n<div style=\"margin:35px auto;\"><a href=\"\/Datei:GEPA_Altach_(1).jpg\" class=\"image\"><img alt=\"GEPA Altach (1).jpg\" src=\"\/images\/thumb\/b\/b5\/GEPA_Altach_%281%29.jpg\/120px-GEPA_Altach_%281%29.jpg\" decoding=\"async\" width=\"120\" height=\"80\" srcset=\"\/images\/thumb\/b\/b5\/GEPA_Altach_%281%29.jpg\/180px-GEPA_Altach_%281%29.jpg 1.5x, \/images\/thumb\/b\/b5\/GEPA_Altach_%281%29.jpg\/240px-GEPA_Altach_%281%29.jpg 2x\" \/><\/a><\/div>\n<\/div>\n<div class=\"gallerytext\">\n\t\t\t<\/div>\n<\/p><\/div>\n<\/li>\n<li class=\"gallerybox\" style=\"width: 155px\">\n<div style=\"width: 155px\">\n<div class=\"thumb\" style=\"width: 150px;\">\n<div style=\"margin:35px auto;\"><a href=\"\/Datei:GEPA_Altach_(2).jpg\" class=\"image\"><img alt=\"GEPA Altach (2).jpg\" src=\"\/images\/thumb\/2\/22\/GEPA_Altach_%282%29.jpg\/120px-GEPA_Altach_%282%29.jpg\" decoding=\"async\" width=\"120\" height=\"80\" srcset=\"\/images\/thumb\/2\/22\/GEPA_Altach_%282%29.jpg\/180px-GEPA_Altach_%282%29.jpg 1.5x, \/images\/thumb\/2\/22\/GEPA_Altach_%282%29.jpg\/240px-GEPA_Altach_%282%29.jpg 2x\" \/><\/a><\/div>\n<\/div>\n<div class=\"gallerytext\">\n\t\t\t<\/div>\n<\/p><\/div>\n<\/li>\n<li class=\"gallerybox\" style=\"width: 155px\">\n<div style=\"width: 155px\">\n<div class=\"thumb\" style=\"width: 150px;\">\n<div style=\"margin:35px auto;\"><a href=\"\/Datei:GEPA_Altach_(3).jpg\" class=\"image\"><img loading=\"lazy\" alt=\"GEPA Altach (3).jpg\" src=\"\/images\/thumb\/9\/97\/GEPA_Altach_%283%29.jpg\/120px-GEPA_Altach_%283%29.jpg\" decoding=\"async\" width=\"120\" height=\"80\" srcset=\"\/images\/thumb\/9\/97\/GEPA_Altach_%283%29.jpg\/180px-GEPA_Altach_%283%29.jpg 1.5x, \/images\/thumb\/9\/97\/GEPA_Altach_%283%29.jpg\/240px-GEPA_Altach_%283%29.jpg 2x\" \/><\/a><\/div>\n<\/div>\n<div class=\"gallerytext\">\n\t\t\t<\/div>\n<\/p><\/div>\n<\/li>\n<\/ul>\n<h2><span class=\"mw-headline\" id=\"Weblinks\">Weblinks<\/span><a href=\"\/index.php?title=24._Runde,_Saison_2014\/15,_FC_Red_Bull_Salzburg_gegen_SCR_Altach&amp;action=edit&amp;section=3\" title=\"Abschnitt bearbeiten: Weblinks\">Bearbeiten<\/a><span class=\"mw-editsection-bracket\">]<\/span><\/span><\/h2>\n<ul>\n<li><a rel=\"nofollow\" class=\"external text\" href=\"http:\/\/www.redbulls.com\/de\/fc-red-bull-salzburg\/news\/saison_2014_15\/rote-bullen-unterliegen-altach-0-1.html\">Spielbericht Vereinshomepage<\/a><\/li>\n<\/ul>\n<p>&lt;youtube&gt;KCALuMekB3w&lt;\/youtube&gt;\n<\/p>\n<h2><span class=\"mw-headline\" id=\"Stimmen_zum_Spiel\">Stimmen zum Spiel<\/span><a href=\"\/index.php?title=24._Runde,_Saison_2014\/15,_FC_Red_Bull_Salzburg_gegen_SCR_Altach&amp;action=edit&amp;section=4\" title=\"Abschnitt bearbeiten: Stimmen zum Spiel\">Bearbeiten<\/a><span class=\"mw-editsection-bracket\">]<\/span><\/span><\/h2>\n<p><b>Adi H\u00fctter:<\/b> \u201eEine \u00fcberraschende Niederlage, wobei wir es in der Anfangsphase vers\u00e4umt haben, f\u00fcr klare Fronten zu sorgen. Danach hatten wir einfach zu wenig L\u00f6sungen, die Leistung war gesamt gesehen entt\u00e4uschend. Der vergebene Elfmeter hat da noch dazugepasst. Die Niederlage schmerzt. Aber wenn man so auftritt wie wir heute, dann hat man den Sieg auch nicht verdient.\u201c\n<\/p>\n<p><b>Andreas Ulmer:<\/b> \u201eWir haben alles probiert, nur hat heute die letzte Konsequenz gefehlt. Denn die Chancen waren ja vorhanden.\u201c\n<\/p>\n<\/div>\n","protected":false},"excerpt":{"rendered":"<p>FaktenBearbeiten] FC Red Bull Salzburg gegen SCR Altach, 0:1 Spieltag Bundesliga &#8211; 24. Spieltag Datum 7. M\u00e4rz 2015 Anpfiff 18.30 Uhr Aufstellung Tor Peter Gulacsi Verteidigung Christian Schwegler &#8211; Martin Hinteregger &#8211; Duje Caleta-Car &#8211; Andreas Ulmer Mittelfeld Stefan Ilsanker &#8211; Naby Keita &#8211; Massimo Bruno &#8211; Takumi Minamino Sturm Marco Djuricin &#8211; Jonatan Soriano [&hellip;]<\/p>\n","protected":false},"author":1,"featured_media":0,"comment_status":"open","ping_status":"open","sticky":false,"template":"","format":"standard","meta":{"footnotes":""},"categories":[1156],"tags":[],"class_list":["post-1471","post","type-post","status-publish","format-standard","hentry","category-24-runde-saison-2014"],"_links":{"self":[{"href":"https:\/\/wiki.s12.at\/index.php\/wp-json\/wp\/v2\/posts\/1471","targetHints":{"allow":["GET"]}}],"collection":[{"href":"https:\/\/wiki.s12.at\/index.php\/wp-json\/wp\/v2\/posts"}],"about":[{"href":"https:\/\/wiki.s12.at\/index.php\/wp-json\/wp\/v2\/types\/post"}],"author":[{"embeddable":true,"href":"https:\/\/wiki.s12.at\/index.php\/wp-json\/wp\/v2\/users\/1"}],"replies":[{"embeddable":true,"href":"https:\/\/wiki.s12.at\/index.php\/wp-json\/wp\/v2\/comments?post=1471"}],"version-history":[{"count":0,"href":"https:\/\/wiki.s12.at\/index.php\/wp-json\/wp\/v2\/posts\/1471\/revisions"}],"wp:attachment":[{"href":"https:\/\/wiki.s12.at\/index.php\/wp-json\/wp\/v2\/media?parent=1471"}],"wp:term":[{"taxonomy":"category","embeddable":true,"href":"https:\/\/wiki.s12.at\/index.php\/wp-json\/wp\/v2\/categories?post=1471"},{"taxonomy":"post_tag","embeddable":true,"href":"https:\/\/wiki.s12.at\/index.php\/wp-json\/wp\/v2\/tags?post=1471"}],"curies":[{"name":"wp","href":"https:\/\/api.w.org\/{rel}","templated":true}]}}