{"id":1466,"date":"2026-05-06T13:48:47","date_gmt":"2026-05-06T11:48:47","guid":{"rendered":"https:\/\/wiki.s12.at\/index.php\/2026\/05\/06\/24-runde-saison-2010-11-rbs-vs-svm\/"},"modified":"2026-05-06T13:48:47","modified_gmt":"2026-05-06T11:48:47","slug":"24-runde-saison-2010-11-rbs-vs-svm","status":"publish","type":"post","link":"https:\/\/wiki.s12.at\/index.php\/2026\/05\/06\/24-runde-saison-2010-11-rbs-vs-svm\/","title":{"rendered":"11, RBS vs SVM"},"content":{"rendered":"<div class=\"mw-parser-output\">\n<h3><span class=\"mw-headline\" id=\"Fakten\">Fakten<\/span><a href=\"\/index.php?title=24._Runde,_Saison_2010\/11,_RBS_vs_SVM&amp;action=edit&amp;section=1\" title=\"Abschnitt bearbeiten: Fakten\">Bearbeiten<\/a><span class=\"mw-editsection-bracket\">]<\/span><\/span><\/h3>\n<p><b>Bundesliga &#8211; 2. Spieltag: 5. M\u00e4rz 2011, 16 Uhr<\/b><br \/>\n\n<\/p>\n<table class=\"wikitable\">\n<caption><b><big>FC Red Bull Salzburg gegen SV Mattersburg, 2:0<\/big><\/b><br \/>\n<\/caption>\n<tbody>\n<tr>\n<td>Aufstellung:<\/td>\n<td><a href=\"\/Eddie_Gustafsson\" title=\"Eddie Gustafsson\">Eddie Gustafsson<\/a>\n<\/td>\n<\/tr>\n<tr>\n<td><\/td>\n<td><a href=\"\/Martin_Hinteregger\" title=\"Martin Hinteregger\">Martin Hinteregger<\/a>, <a href=\"\/Franz_Schiemer\" title=\"Franz Schiemer\">Franz Schiemer<\/a>, <a href=\"\/Rabiu_Afolabi\" title=\"Rabiu Afolabi\">Rabiu Afolabi<\/a>, <a href=\"\/Milan_Dudic\" class=\"mw-redirect\" title=\"Milan Dudic\">Milan Dudic<\/a>\n<\/td>\n<\/tr>\n<tr>\n<td><\/td>\n<td><a href=\"\/Jakob_Jantscher\" title=\"Jakob Jantscher\">Jakob Jantscher<\/a>, <a href=\"\/Christoph_Leitgeb\" title=\"Christoph Leitgeb\">Christoph Leitgeb<\/a>, <a href=\"\/Simon_Cziommer\" title=\"Simon Cziommer\">Simon Cziommer<\/a>, <a href=\"\/Alan\" title=\"Alan\">Alan<\/a>, <a href=\"\/Dusan_Svento\" class=\"mw-redirect\" title=\"Dusan Svento\">Dusan Svento<\/a>\n<\/td>\n<\/tr>\n<tr>\n<td><\/td>\n<td><a href=\"\/Roman_Wallner\" title=\"Roman Wallner\">Roman Wallner<\/a>\n<\/td>\n<\/tr>\n<tr>\n<td>Wechsel:<\/td>\n<td><a href=\"\/Stefan_Hierl%C3%A4nder\" title=\"Stefan Hierl\u00e4nder\">Stefan Hierl\u00e4nder<\/a> f\u00fcr Dudic (80.), <a href=\"\/Daniel_Offenbacher\" title=\"Daniel Offenbacher\">Daniel Offenbacher <\/a> f\u00fcr Alan(89.)\n<\/td>\n<\/tr>\n<tr>\n<td>Endstand:<\/td>\n<td>2:0 (0:0)\n<\/td>\n<\/tr>\n<tr>\n<td>Torsch\u00fctzen:<\/td>\n<td>Cziommer (49.), Svento (57.)\n<\/td>\n<\/tr>\n<tr>\n<td>Gelbe Karten:<\/td>\n<td>Dudic (20.), Hinteregger (47.); M\u00f6rz (24.), Schmidt (35.), Seidl (52.), Parlov (60.)\n<\/td>\n<\/tr>\n<tr>\n<td>Gelb-rote Karten:<\/td>\n<td>\n<\/td>\n<\/tr>\n<tr>\n<td>Rote Karten:<\/td>\n<td>\n<\/td>\n<\/tr>\n<tr>\n<td>Schiedsrichter:<\/td>\n<td>Alexander Harkam\n<\/td>\n<\/tr>\n<tr>\n<td>Stadion:<\/td>\n<td>Red Bull Arena, Salzburg\n<\/td>\n<\/tr>\n<tr>\n<td>Zuschauer:<\/td>\n<td>6 149\n<\/td>\n<\/tr>\n<\/tbody>\n<\/table>\n<p>\n<\/p>\n<h2><span class=\"mw-headline\" id=\"Bilder\">Bilder<\/span><a href=\"\/index.php?title=24._Runde,_Saison_2010\/11,_RBS_vs_SVM&amp;action=edit&amp;section=2\" title=\"Abschnitt bearbeiten: Bilder\">Bearbeiten<\/a><span class=\"mw-editsection-bracket\">]<\/span><\/span><\/h2>\n<ul class=\"gallery mw-gallery-traditional\">\n<li class=\"gallerybox\" style=\"width: 155px\">\n<div style=\"width: 155px\">\n<div class=\"thumb\" style=\"width: 150px;\">\n<div style=\"margin:15px auto;\"><a href=\"\/Datei:Dusan_Svento2.JPG\" class=\"image\"><img alt=\"Dusan Svento2.JPG\" src=\"\/images\/thumb\/7\/78\/Dusan_Svento2.JPG\/120px-Dusan_Svento2.JPG%3Futm_source%3Dcommons.wikimedia.org%26utm_campaign%3Dimageinfo%26utm_content%3Dthumbnail\" decoding=\"async\" width=\"83\" height=\"120\" srcset=\"\/images\/thumb\/7\/78\/Dusan_Svento2.JPG\/250px-Dusan_Svento2.JPG%3Futm_source%3Dcommons.wikimedia.org%26utm_campaign%3Dimageinfo%26utm_content%3Dthumbnail 1.5x\" \/><\/a><\/div>\n<\/div>\n<div class=\"gallerytext\">\n\t\t\t<\/div>\n<\/p><\/div>\n<\/li>\n<li class=\"gallerybox\" style=\"width: 155px\">\n<div style=\"width: 155px\">\n<div class=\"thumb\" style=\"width: 150px;\">\n<div style=\"margin:15px auto;\"><a href=\"\/Datei:Eddie_Gustafsson29.JPG\" class=\"image\"><img alt=\"Eddie Gustafsson29.JPG\" src=\"\/images\/thumb\/d\/d1\/Eddie_Gustafsson29.JPG\/120px-Eddie_Gustafsson29.JPG%3Futm_source%3Dcommons.wikimedia.org%26utm_campaign%3Dimageinfo%26utm_content%3Dthumbnail\" decoding=\"async\" width=\"75\" height=\"120\" srcset=\"\/images\/thumb\/d\/d1\/Eddie_Gustafsson29.JPG\/250px-Eddie_Gustafsson29.JPG%3Futm_source%3Dcommons.wikimedia.org%26utm_campaign%3Dimageinfo%26utm_content%3Dthumbnail 2x\" \/><\/a><\/div>\n<\/div>\n<div class=\"gallerytext\">\n\t\t\t<\/div>\n<\/p><\/div>\n<\/li>\n<li class=\"gallerybox\" style=\"width: 155px\">\n<div style=\"width: 155px\">\n<div class=\"thumb\" style=\"width: 150px;\">\n<div style=\"margin:51px auto;\"><a href=\"\/Datei:Players_of_Red_Bull_Salzburg5.JPG\" class=\"image\"><img alt=\"Players of Red Bull Salzburg5.JPG\" src=\"\/images\/thumb\/4\/4e\/Players_of_Red_Bull_Salzburg5.JPG\/120px-Players_of_Red_Bull_Salzburg5.JPG%3Futm_source%3Dcommons.wikimedia.org%26utm_campaign%3Dimageinfo%26utm_content%3Dthumbnail\" decoding=\"async\" width=\"120\" height=\"48\" srcset=\"\/images\/thumb\/4\/4e\/Players_of_Red_Bull_Salzburg5.JPG\/250px-Players_of_Red_Bull_Salzburg5.JPG%3Futm_source%3Dcommons.wikimedia.org%26utm_campaign%3Dimageinfo%26utm_content%3Dthumbnail 1.5x\" \/><\/a><\/div>\n<\/div>\n<div class=\"gallerytext\">\n\t\t\t<\/div>\n<\/p><\/div>\n<\/li>\n<li class=\"gallerybox\" style=\"width: 155px\">\n<div style=\"width: 155px\">\n<div class=\"thumb\" style=\"width: 150px;\">\n<div style=\"margin:49px auto;\"><a href=\"\/Datei:RBS-Mattersburg4.JPG\" class=\"image\"><img loading=\"lazy\" alt=\"RBS-Mattersburg4.JPG\" src=\"\/images\/thumb\/5\/59\/RBS-Mattersburg4.JPG\/120px-RBS-Mattersburg4.JPG%3Futm_source%3Dcommons.wikimedia.org%26utm_campaign%3Dimageinfo%26utm_content%3Dthumbnail\" decoding=\"async\" width=\"120\" height=\"52\" srcset=\"\/images\/thumb\/5\/59\/RBS-Mattersburg4.JPG\/250px-RBS-Mattersburg4.JPG%3Futm_source%3Dcommons.wikimedia.org%26utm_campaign%3Dimageinfo%26utm_content%3Dthumbnail 1.5x\" \/><\/a><\/div>\n<\/div>\n<div class=\"gallerytext\">\n\t\t\t<\/div>\n<\/p><\/div>\n<\/li>\n<li class=\"gallerybox\" style=\"width: 155px\">\n<div style=\"width: 155px\">\n<div class=\"thumb\" style=\"width: 150px;\">\n<div style=\"margin:49px auto;\"><a href=\"\/Datei:Roman_Wallner6.JPG\" class=\"image\"><img loading=\"lazy\" alt=\"Roman Wallner6.JPG\" src=\"\/images\/thumb\/e\/ee\/Roman_Wallner6.JPG\/120px-Roman_Wallner6.JPG%3Futm_source%3Dcommons.wikimedia.org%26utm_campaign%3Dimageinfo%26utm_content%3Dthumbnail\" decoding=\"async\" width=\"120\" height=\"52\" srcset=\"\/images\/thumb\/e\/ee\/Roman_Wallner6.JPG\/250px-Roman_Wallner6.JPG%3Futm_source%3Dcommons.wikimedia.org%26utm_campaign%3Dimageinfo%26utm_content%3Dthumbnail 1.5x\" \/><\/a><\/div>\n<\/div>\n<div class=\"gallerytext\">\n\t\t\t<\/div>\n<\/p><\/div>\n<\/li>\n<\/ul>\n<\/div>\n","protected":false},"excerpt":{"rendered":"<p>FaktenBearbeiten] Bundesliga &#8211; 2. Spieltag: 5. M\u00e4rz 2011, 16 Uhr FC Red Bull Salzburg gegen SV Mattersburg, 2:0 Aufstellung: Eddie Gustafsson Martin Hinteregger, Franz Schiemer, Rabiu Afolabi, Milan Dudic Jakob Jantscher, Christoph Leitgeb, Simon Cziommer, Alan, Dusan Svento Roman Wallner Wechsel: Stefan Hierl\u00e4nder f\u00fcr Dudic (80.), Daniel Offenbacher f\u00fcr Alan(89.) Endstand: 2:0 (0:0) Torsch\u00fctzen: Cziommer [&hellip;]<\/p>\n","protected":false},"author":1,"featured_media":0,"comment_status":"open","ping_status":"open","sticky":false,"template":"","format":"standard","meta":{"footnotes":""},"categories":[1152],"tags":[],"class_list":["post-1466","post","type-post","status-publish","format-standard","hentry","category-24-runde-saison-2010"],"_links":{"self":[{"href":"https:\/\/wiki.s12.at\/index.php\/wp-json\/wp\/v2\/posts\/1466","targetHints":{"allow":["GET"]}}],"collection":[{"href":"https:\/\/wiki.s12.at\/index.php\/wp-json\/wp\/v2\/posts"}],"about":[{"href":"https:\/\/wiki.s12.at\/index.php\/wp-json\/wp\/v2\/types\/post"}],"author":[{"embeddable":true,"href":"https:\/\/wiki.s12.at\/index.php\/wp-json\/wp\/v2\/users\/1"}],"replies":[{"embeddable":true,"href":"https:\/\/wiki.s12.at\/index.php\/wp-json\/wp\/v2\/comments?post=1466"}],"version-history":[{"count":0,"href":"https:\/\/wiki.s12.at\/index.php\/wp-json\/wp\/v2\/posts\/1466\/revisions"}],"wp:attachment":[{"href":"https:\/\/wiki.s12.at\/index.php\/wp-json\/wp\/v2\/media?parent=1466"}],"wp:term":[{"taxonomy":"category","embeddable":true,"href":"https:\/\/wiki.s12.at\/index.php\/wp-json\/wp\/v2\/categories?post=1466"},{"taxonomy":"post_tag","embeddable":true,"href":"https:\/\/wiki.s12.at\/index.php\/wp-json\/wp\/v2\/tags?post=1466"}],"curies":[{"name":"wp","href":"https:\/\/api.w.org\/{rel}","templated":true}]}}