{"id":1419,"date":"2026-05-06T13:47:56","date_gmt":"2026-05-06T11:47:56","guid":{"rendered":"https:\/\/wiki.s12.at\/index.php\/2026\/05\/06\/24-runde-saison-2024-25-fc-red-bull-salzburg-gegen-fc-blau-weiss-linz\/"},"modified":"2026-05-06T13:47:56","modified_gmt":"2026-05-06T11:47:56","slug":"24-runde-saison-2024-25-fc-red-bull-salzburg-gegen-fc-blau-weiss-linz","status":"publish","type":"post","link":"https:\/\/wiki.s12.at\/index.php\/2026\/05\/06\/24-runde-saison-2024-25-fc-red-bull-salzburg-gegen-fc-blau-weiss-linz\/","title":{"rendered":"25, FC Red Bull Salzburg gegen FC Blau-Wei\u00df Linz"},"content":{"rendered":"<div class=\"mw-parser-output\">\n<table class=\"toptextcells toccolours\">\n<tbody>\n<tr>\n<th colspan=\"2\" style=\"text-align: center; vertical-align: top; padding: 0.3em 0.8em; font-size: 125%; background-color: lightsteelblue;\">FC Red Bull Salzburg gegen  FC Blau-Wei\u00df Linz, 2:1\n<\/th>\n<\/tr>\n<tr>\n<th style=\"text-align:left;\"><b>Spieltag<\/b>\n<\/th>\n<th style=\"text-align:left;\">Bundesliga-24.Runde\n<\/th>\n<\/tr>\n<tr>\n<th style=\"text-align:left;\"><b>Datum<\/b>\n<\/th>\n<th style=\"text-align:left;\">6. April 2025\n<\/th>\n<\/tr>\n<tr>\n<th style=\"text-align:left;\"><b>Anpfiff<\/b>\n<\/th>\n<th style=\"text-align:left;\">14:30 Uhr\n<\/th>\n<\/tr>\n<tr>\n<td colspan=\"2\" style=\"text-align:center;\" bgcolor=\"lightgray\"><b>Aufstellung<\/b>\n<\/td>\n<\/tr>\n<tr>\n<th style=\"text-align:left;\"><b>Tor<\/b>\n<\/th>\n<th><a href=\"\/Janis_Blaswich\" title=\"Janis Blaswich\">Janis Blaswich<\/a>\n<\/th>\n<\/tr>\n<tr>\n<th style=\"text-align:left;\"><b>Verteidigung<\/b>\n<\/th>\n<th><a href=\"\/Leandro_Morgalla\" title=\"Leandro Morgalla\">Leandro Morgalla<\/a>  &#8211; <a href=\"\/Joane_Gadou\" title=\"Joane Gadou\">Joane Gadou<\/a>  &#8211;<a href=\"\/Samson_Baidoo\" title=\"Samson Baidoo\">Samson Baidoo<\/a>  &#8211;  <a href=\"\/Aleksa_Terzic\" title=\"Aleksa Terzic\">Aleksa Terzic<\/a>\n<\/th>\n<\/tr>\n<tr>\n<th style=\"text-align:left;\"><b>Mittelfeld<\/b>\n<\/th>\n<th><a href=\"\/Mads_Bidstrup\" title=\"Mads Bidstrup\">Mads Bidstrup<\/a>  &#8211;  <a href=\"\/Valentin_Sulzbacher\" title=\"Valentin Sulzbacher\">Valentin Sulzbacher<\/a>  &#8211;   <a href=\"\/Yorbe_Vertessen\" title=\"Yorbe Vertessen\">Yorbe Vertessen<\/a> &#8211; [Dorgeles Nene]]\n<\/th>\n<\/tr>\n<tr>\n<th style=\"text-align:left;\"><b>Sturm<\/b>\n<\/th>\n<th><a href=\"\/Yorbe_Vertessen\" title=\"Yorbe Vertessen\">Yorbe Vertessen<\/a> &#8211; <a href=\"\/Karim_Onisiwo\" title=\"Karim Onisiwo\">Karim Onisiwo<\/a>\n<\/th>\n<\/tr>\n<tr>\n<td colspan=\"2\" style=\"text-align:center;\" bgcolor=\"lightgray\"><b>Wechsel<\/b>\n<\/td>\n<\/tr>\n<tr>\n<th style=\"text-align:left;\"><b>Wechsel<\/b>\n<\/th>\n<th style=\"text-align:left;\"><a href=\"\/Tim_Trummer\" title=\"Tim Trummer\">Tim Trummer<\/a> f\u00fcr Morgalla (33.), <a href=\"\/Oscar_Gloukh\" title=\"Oscar Gloukh\">Oscar  Gloukh<\/a> f\u00fcr Vertessen (46.), <a href=\"\/Maximiliano_Caufriez\" title=\"Maximiliano Caufriez\">Maximiliano Caufriez<\/a> f\u00fcr Bidstrup (86.), <br \/> <a href=\"\/Bobby_Clark\" title=\"Bobby Clark\">Bobby Clark<\/a> f\u00fcr E. Baidoo (86.), <a href=\"\/Petar_Ratkov\" title=\"Petar Ratkov\">Petar Ratkov<\/a> f\u00fcr Nene (86.)\n<\/th>\n<\/tr>\n<tr>\n<td colspan=\"2\" style=\"text-align:center;\" bgcolor=\"lightgray\"><b>Statistik<\/b>\n<\/td>\n<\/tr>\n<tr>\n<th style=\"text-align:left;\"><b>Endstand<\/b>\n<\/th>\n<th style=\"text-align:left;\">2:1 (0:0)\n<\/th>\n<\/tr>\n<tr>\n<th style=\"text-align:left;\"><b>Torsch\u00fctzen<\/b>\n<\/th>\n<th style=\"text-align:left;\">Nene (58.), E. Baidoo (71.); Mitrovic (82.)\n<\/th>\n<\/tr>\n<tr>\n<th style=\"text-align:left;\"><b>Gelbe Karten<\/b>\n<\/th>\n<th style=\"text-align:left;\">Ratkov (87.)\n<\/th>\n<\/tr>\n<tr>\n<th style=\"text-align:left;\"><b>Rote Karten<\/b>\n<\/th>\n<th style=\"text-align:left;\">\n<\/th>\n<\/tr>\n<tr>\n<th style=\"text-align:left;\"><b>Schiedsrichter<\/b>\n<\/th>\n<th style=\"text-align:left;\">Jakob Semler\n<\/th>\n<\/tr>\n<tr>\n<th style=\"text-align:left;\"><b>Stadion<\/b>\n<\/th>\n<th style=\"text-align:left;\">EM-Stadion Wals-Siezenheim, Salzburg\n<\/th>\n<\/tr>\n<tr>\n<th style=\"text-align:left;\"><b>Zuschauer<\/b>\n<\/th>\n<th style=\"text-align:left;\">9.016\n<\/th>\n<\/tr>\n<\/tbody>\n<\/table>\n<p><a href=\"\/Valentin_Sulzbacher\" title=\"Valentin Sulzbacher\">Valentin Sulzbacher<\/a> feierte sein Debut in der Bundesliga. In der Pause wurde die U20 (w) f\u00fcr den Gewinn der Futureleague geehrt.\n<\/p>\n<h2><span class=\"mw-headline\" id=\"Spielbericht\">Spielbericht<\/span><a href=\"\/index.php?title=24.Runde,_Saison_2024\/25,_FC_Red_Bull_Salzburg_gegen_FC_Blau-Wei%C3%9F_Linz&amp;action=edit&amp;section=1\" title=\"Abschnitt bearbeiten: Spielbericht\">Bearbeiten<\/a><span class=\"mw-editsection-bracket\">]<\/span><\/span><\/h2>\n<p><a rel=\"nofollow\" class=\"external text\" href=\"https:\/\/www.redbullsalzburg.at\/de\/2024-2025\/spielplan\/bundesliga-runde-24-fc-red-bull-salzburg-vs-fc-blau-weiss-linz#spielbericht\">Spielbericht Vereinshomepage<\/a>\n<\/p>\n<h2><span class=\"mw-headline\" id=\"Bilder\">Bilder<\/span><a href=\"\/index.php?title=24.Runde,_Saison_2024\/25,_FC_Red_Bull_Salzburg_gegen_FC_Blau-Wei%C3%9F_Linz&amp;action=edit&amp;section=2\" title=\"Abschnitt bearbeiten: Bilder\">Bearbeiten<\/a><span class=\"mw-editsection-bracket\">]<\/span><\/span><\/h2>\n<p><img alt=\"\" src=\"\/images\/thumb\/4\/4a\/Commons-logo.svg\/langde-20px-Commons-logo.svg.png%3Futm_source%3Dcommons.wikimedia.org%26utm_campaign%3Dimageinfo%26utm_content%3Dthumbnail\" decoding=\"async\" title=\"Commons\" width=\"12\" height=\"16\" srcset=\"\/images\/thumb\/4\/4a\/Commons-logo.svg\/langde-40px-Commons-logo.svg.png%3Futm_source%3Dcommons.wikimedia.org%26utm_campaign%3Dimageinfo%26utm_content%3Dthumbnail 2x\" \/>&#160;<b><a href=\"http:\/\/commons.wikimedia.org\/wiki\/Category:FC_Red_Bull_Salzburg_gegen_FC_Blau-Wei%C3%9F_Linz_(2025-04-06)\" class=\"extiw\" title=\"commons:Category:FC Red Bull Salzburg gegen FC Blau-Wei\u00df Linz (2025-04-06)\">24.Runde, Saison 2024\/25, FC Red Bull Salzburg gegen FC Blau-Wei\u00df Linz<\/a><\/b>&#160;\u2013 Sammlung von Bildern, Videos und Audiodateien auf <a href=\"\/Wikimedia_Commons\" title=\"Wikimedia Commons\">Wikimedia Commons<\/a>\n<\/p>\n<h2><span class=\"mw-headline\" id=\"Stimmen_zum_Spiel\">Stimmen zum Spiel<\/span><a href=\"\/index.php?title=24.Runde,_Saison_2024\/25,_FC_Red_Bull_Salzburg_gegen_FC_Blau-Wei%C3%9F_Linz&amp;action=edit&amp;section=3\" title=\"Abschnitt bearbeiten: Stimmen zum Spiel\">Bearbeiten<\/a><span class=\"mw-editsection-bracket\">]<\/span><\/span><\/h2>\n<p><b>Thomas Letsch:<\/b> Es war in der ersten H\u00e4lfte kein gutes Spiel, dann kamen noch die verletzungsbedingten Auswechslungen von Morgalla und Vertessen dazu, trotzdem sind wir zum zweiten Durchgang ganz gut reingekommen und haben dann auch das Tor gemacht \u2013 danach sind wir wieder etwas schlampig geworden und haben die Struktur zu sehr verloren. Es war ein Spiel, bei dem wir einiges kritisieren m\u00fcssen, aber es letztlich doch trotz vieler Ausf\u00e4lle gewinnen konnten, daf\u00fcr muss ich die Jungs auch loben! Ich freue mich sehr \u00fcber die drei Punkte, und wir wissen, woran wir arbeiten m\u00fcssen.\n<\/p>\n<p>Mit Valentin Sulzbacher in der Startelf hat nat\u00fcrlich keiner gerechnet. Wir haben uns f\u00fcr ihn entschieden, weil er auf genau dieser Position die letzten Wochen viel gespielt hat. Er war immer pr\u00e4sent und hat absolut das erf\u00fcllt, was wir uns von ihm erhofft haben!\n<\/p>\n<p><b>Karim Onisiwo:<\/b> Es war ein Arbeitssieg, mehr nicht. Solche Spiele musst du auch gewinnen, um am Ende ganz oben zu stehen. Wir haben gut begonnen und dann zwischenzeitlich den Faden verloren, aber die Tore haben uns dann nat\u00fcrlich gutgetan. Der Coach hat in der Halbzeit ein paar Dinge umgestellt, damit ist mehr Flow reingekommen. Wir m\u00fcssen aber auf jeden Fall ordentlich was drauflegen, wenn wir n\u00e4chste Woche gegen Sturm Graz gewinnen wollen. Pflicht erf\u00fcllt, aber wir wissen, dass es heute kein Leckerbissen war.\n<\/p>\n<p><b>Valentin Sulzbacher:<\/b> Es war ein riesiger Tag f\u00fcr mich! Mein erstes Spiel hier im Stadion zu machen und dann auch direkt zu gewinnen, macht mich richtig gl\u00fccklich. Die Woche ist alles relativ schnell gegangen, ich habe am Mittwoch Bescheid bekommen, dass ich mit dem Team mittrainiere, und alle haben mir direkt ein richtig gutes Gef\u00fchl gegeben, da konnte ich mich schnell gut einfinden. Jetzt genie\u00dfe ich mal das Hier und Jetzt, und dann schauen wir, was die n\u00e4chsten Wochen mit sich bringen.\n<\/p>\n<\/div>\n","protected":false},"excerpt":{"rendered":"<p>FC Red Bull Salzburg gegen FC Blau-Wei\u00df Linz, 2:1 Spieltag Bundesliga-24.Runde Datum 6. April 2025 Anpfiff 14:30 Uhr Aufstellung Tor Janis Blaswich Verteidigung Leandro Morgalla &#8211; Joane Gadou &#8211;Samson Baidoo &#8211; Aleksa Terzic Mittelfeld Mads Bidstrup &#8211; Valentin Sulzbacher &#8211; Yorbe Vertessen &#8211; [Dorgeles Nene]] Sturm Yorbe Vertessen &#8211; Karim Onisiwo Wechsel Wechsel Tim Trummer [&hellip;]<\/p>\n","protected":false},"author":1,"featured_media":0,"comment_status":"open","ping_status":"open","sticky":false,"template":"","format":"standard","meta":{"footnotes":""},"categories":[1112],"tags":[],"class_list":["post-1419","post","type-post","status-publish","format-standard","hentry","category-24-runde-saison-2024"],"_links":{"self":[{"href":"https:\/\/wiki.s12.at\/index.php\/wp-json\/wp\/v2\/posts\/1419","targetHints":{"allow":["GET"]}}],"collection":[{"href":"https:\/\/wiki.s12.at\/index.php\/wp-json\/wp\/v2\/posts"}],"about":[{"href":"https:\/\/wiki.s12.at\/index.php\/wp-json\/wp\/v2\/types\/post"}],"author":[{"embeddable":true,"href":"https:\/\/wiki.s12.at\/index.php\/wp-json\/wp\/v2\/users\/1"}],"replies":[{"embeddable":true,"href":"https:\/\/wiki.s12.at\/index.php\/wp-json\/wp\/v2\/comments?post=1419"}],"version-history":[{"count":0,"href":"https:\/\/wiki.s12.at\/index.php\/wp-json\/wp\/v2\/posts\/1419\/revisions"}],"wp:attachment":[{"href":"https:\/\/wiki.s12.at\/index.php\/wp-json\/wp\/v2\/media?parent=1419"}],"wp:term":[{"taxonomy":"category","embeddable":true,"href":"https:\/\/wiki.s12.at\/index.php\/wp-json\/wp\/v2\/categories?post=1419"},{"taxonomy":"post_tag","embeddable":true,"href":"https:\/\/wiki.s12.at\/index.php\/wp-json\/wp\/v2\/tags?post=1419"}],"curies":[{"name":"wp","href":"https:\/\/api.w.org\/{rel}","templated":true}]}}