{"id":1418,"date":"2026-05-06T13:47:55","date_gmt":"2026-05-06T11:47:55","guid":{"rendered":"https:\/\/wiki.s12.at\/index.php\/2026\/05\/06\/24-runde-regionalliga-west-saison-2012-13-sv-seekirchen-gegen-fc-liefering\/"},"modified":"2026-05-06T13:47:55","modified_gmt":"2026-05-06T11:47:55","slug":"24-runde-regionalliga-west-saison-2012-13-sv-seekirchen-gegen-fc-liefering","status":"publish","type":"post","link":"https:\/\/wiki.s12.at\/index.php\/2026\/05\/06\/24-runde-regionalliga-west-saison-2012-13-sv-seekirchen-gegen-fc-liefering\/","title":{"rendered":"13, SV Seekirchen gegen FC Liefering"},"content":{"rendered":"<div class=\"mw-parser-output\">\n<p><b>Regionalliga West &#8211; 24. Spieltag, 5. Mai 2013, 15 Uhr<\/b><br \/>\n\n<\/p>\n<table class=\"wikitable\">\n<caption><b><big>SV Seekirchen gegen FC Liefering, 0:2 <\/big><\/b><br \/>\n<\/caption>\n<tbody>\n<tr>\n<td>Aufstellung:<\/td>\n<td><a href=\"\/Thomas_D%C3%A4hne\" title=\"Thomas D\u00e4hne\">Thomas D\u00e4hne<\/a> <a href=\"\/Rene_Aufhauser\" class=\"mw-redirect\" title=\"Rene Aufhauser\">Rene Aufhauser<\/a> <a href=\"\/Stefan_Lainer\" title=\"Stefan Lainer\">Stefan Lainer<\/a> <a href=\"\/Andre_Ramalho\" class=\"mw-redirect\" title=\"Andre Ramalho\">Andre Ramalho<\/a> <a href=\"\/Stefan_Savic\" title=\"Stefan Savic\">Stefan Savic<\/a> <a href=\"\/Daniel_Krenn\" title=\"Daniel Krenn\">Daniel Krenn<\/a> <a href=\"\/Felix_Adjei\" title=\"Felix Adjei\">Felix Adjei<\/a> <a href=\"\/Stefan_Schwendinger\" title=\"Stefan Schwendinger\">Stefan Schwendinger<\/a> <a href=\"\/Andreas_Schrott\" title=\"Andreas Schrott\">Andreas Schrott<\/a> <a href=\"\/Alexander_Aschauer\" title=\"Alexander Aschauer\">Alexander Aschauer<\/a> <a href=\"\/Mario_Konrad\" title=\"Mario Konrad\">Mario Konrad<\/a>\n<\/td>\n<\/tr>\n<tr>\n<td>Wechsel:<\/td>\n<td><a href=\"\/Wolfgang_Mair\" title=\"Wolfgang Mair\">Wolfgang Mair<\/a> f\u00fcr f\u00fcr Schwendinger (56.), <a href=\"\/Josip_Coric\" class=\"mw-redirect\" title=\"Josip Coric\">Josip Coric<\/a> f\u00fcr Aschauer (63.), <a href=\"\/Nikola_Dovedan\" title=\"Nikola Dovedan\">Nikola Dovedan<\/a> f\u00fcr Krenn (82.)\n<\/td>\n<\/tr>\n<tr>\n<td>Endstand:<\/td>\n<td>0:2 (0:1)\n<\/td>\n<\/tr>\n<tr>\n<td>Torsch\u00fctzen:<\/td>\n<td>Konrad (21.), Dovedan (86.)\n<\/td>\n<\/tr>\n<tr>\n<td>Gelbe Karten:<\/td>\n<td>\n<\/td>\n<\/tr>\n<tr>\n<td>Gelb-rote Karten:<\/td>\n<td>\n<\/td>\n<\/tr>\n<tr>\n<td>Rote Karten:<\/td>\n<td>\n<\/td>\n<\/tr>\n<tr>\n<td>Schiedsrichter:<\/td>\n<td>Wolfram Aufschnaiter\n<\/td>\n<\/tr>\n<tr>\n<td>Stadion:<\/td>\n<td>Sportzentrum Aug, Seekirchen\n<\/td>\n<\/tr>\n<tr>\n<td>Zuschauer:<\/td>\n<td>100\n<\/td>\n<\/tr>\n<\/tbody>\n<\/table>\n<h2><span class=\"mw-headline\" id=\"Weblinks\">Weblinks<\/span><a href=\"\/index.php?title=24.Runde,_Regionalliga_West,_Saison_2012\/13,_SV_Seekirchen_gegen_FC_Liefering&amp;action=edit&amp;section=1\" title=\"Abschnitt bearbeiten: Weblinks\">Bearbeiten<\/a><span class=\"mw-editsection-bracket\">]<\/span><\/span><\/h2>\n<ul>\n<li><a rel=\"nofollow\" class=\"external text\" href=\"http:\/\/redbulls.com\/soccer\/salzburg\/de\/juniors-news-detail_6618.html\">Spielbericht auf der Vereinshomepage<\/a><\/li>\n<\/ul>\n<h2><span class=\"mw-headline\" id=\"Stimmen_zum_Spiel\">Stimmen zum Spiel<\/span><a href=\"\/index.php?title=24.Runde,_Regionalliga_West,_Saison_2012\/13,_SV_Seekirchen_gegen_FC_Liefering&amp;action=edit&amp;section=2\" title=\"Abschnitt bearbeiten: Stimmen zum Spiel\">Bearbeiten<\/a><span class=\"mw-editsection-bracket\">]<\/span><\/span><\/h2>\n<p><b>Peter Zeidler:<\/b> \u201eIn erster Linie z\u00e4hlt das Ergebnis und die Tatsache, dass wir jetzt acht Punkte Vorsprung in der Tabelle haben. Seekirchen hat eine taktisch gute Leistung erbracht und sich nach unserem F\u00fchrungstor nicht herauslocken lassen. Da wurden uns die R\u00e4ume sehr eng gemacht. Die n\u00e4chsten beiden Spiele in der englischen Woche werden wir wieder ordentlich Gas geben.\u201c\n<\/p>\n<\/div>\n","protected":false},"excerpt":{"rendered":"<p>Regionalliga West &#8211; 24. Spieltag, 5. Mai 2013, 15 Uhr SV Seekirchen gegen FC Liefering, 0:2 Aufstellung: Thomas D\u00e4hne Rene Aufhauser Stefan Lainer Andre Ramalho Stefan Savic Daniel Krenn Felix Adjei Stefan Schwendinger Andreas Schrott Alexander Aschauer Mario Konrad Wechsel: Wolfgang Mair f\u00fcr f\u00fcr Schwendinger (56.), Josip Coric f\u00fcr Aschauer (63.), Nikola Dovedan f\u00fcr Krenn [&hellip;]<\/p>\n","protected":false},"author":1,"featured_media":0,"comment_status":"open","ping_status":"open","sticky":false,"template":"","format":"standard","meta":{"footnotes":""},"categories":[1111],"tags":[],"class_list":["post-1418","post","type-post","status-publish","format-standard","hentry","category-24-runde-regionalliga-west-saison-2012"],"_links":{"self":[{"href":"https:\/\/wiki.s12.at\/index.php\/wp-json\/wp\/v2\/posts\/1418","targetHints":{"allow":["GET"]}}],"collection":[{"href":"https:\/\/wiki.s12.at\/index.php\/wp-json\/wp\/v2\/posts"}],"about":[{"href":"https:\/\/wiki.s12.at\/index.php\/wp-json\/wp\/v2\/types\/post"}],"author":[{"embeddable":true,"href":"https:\/\/wiki.s12.at\/index.php\/wp-json\/wp\/v2\/users\/1"}],"replies":[{"embeddable":true,"href":"https:\/\/wiki.s12.at\/index.php\/wp-json\/wp\/v2\/comments?post=1418"}],"version-history":[{"count":0,"href":"https:\/\/wiki.s12.at\/index.php\/wp-json\/wp\/v2\/posts\/1418\/revisions"}],"wp:attachment":[{"href":"https:\/\/wiki.s12.at\/index.php\/wp-json\/wp\/v2\/media?parent=1418"}],"wp:term":[{"taxonomy":"category","embeddable":true,"href":"https:\/\/wiki.s12.at\/index.php\/wp-json\/wp\/v2\/categories?post=1418"},{"taxonomy":"post_tag","embeddable":true,"href":"https:\/\/wiki.s12.at\/index.php\/wp-json\/wp\/v2\/tags?post=1418"}],"curies":[{"name":"wp","href":"https:\/\/api.w.org\/{rel}","templated":true}]}}