{"id":1416,"date":"2026-05-06T13:47:54","date_gmt":"2026-05-06T11:47:54","guid":{"rendered":"https:\/\/wiki.s12.at\/index.php\/2026\/05\/06\/23-runde-bundesliga-saison-1996-97-austria-salzburg-fc-tirol-innsbruck\/"},"modified":"2026-05-06T13:47:54","modified_gmt":"2026-05-06T11:47:54","slug":"23-runde-bundesliga-saison-1996-97-austria-salzburg-fc-tirol-innsbruck","status":"publish","type":"post","link":"https:\/\/wiki.s12.at\/index.php\/2026\/05\/06\/23-runde-bundesliga-saison-1996-97-austria-salzburg-fc-tirol-innsbruck\/","title":{"rendered":"97, Austria Salzburg &#8211; FC Tirol Innsbruck"},"content":{"rendered":"<div class=\"mw-parser-output\">\n<h3><span class=\"mw-headline\" id=\"Fakten\">Fakten<\/span><a href=\"\/index.php?title=23._Runde:_Bundesliga,_Saison_1996\/97,_Austria_Salzburg_-_FC_Tirol_Innsbruck&amp;action=edit&amp;section=1\" title=\"Abschnitt bearbeiten: Fakten\">Bearbeiten<\/a><span class=\"mw-editsection-bracket\">]<\/span><\/span><\/h3>\n<p><b>Bundesliga &#8211; 23. Spieltag: 22. M\u00e4rz 1997, 15.30  Uhr<\/b><br \/>\n\n<\/p>\n<table class=\"wikitable\">\n<caption><b> <big> SV Austria Salzburg gegen FC Tirol Innsbruck, 2:1<\/big><\/b><br \/>\n<\/caption>\n<tbody>\n<tr>\n<td>Aufstellung:<\/td>\n<td><a href=\"\/Oleg_Suslov\" class=\"mw-redirect\" title=\"Oleg Suslov\">Oleg Suslov<\/a>\n<\/td>\n<\/tr>\n<tr>\n<td><\/td>\n<td><a href=\"\/Walter_Kogler\" title=\"Walter Kogler\">Walter Kogler<\/a>, <a href=\"\/Franz_Aigner\" title=\"Franz Aigner\">Franz Aigner<\/a>, <a href=\"\/Roman_Szewczyk\" title=\"Roman Szewczyk\">Roman Szewczyk<\/a>, <a href=\"\/Robert_Ibertsberger\" title=\"Robert Ibertsberger\">Robert Ibertsberger<\/a>\n<\/td>\n<\/tr>\n<tr>\n<td><\/td>\n<td><a href=\"\/Martin_Amerhauser\" title=\"Martin Amerhauser\">Martin Amerhauser<\/a>, <a href=\"\/Tomislav_Kocijan\" title=\"Tomislav Kocijan\">Tomislav Kocijan<\/a>, <a href=\"\/Walter_H%C3%B6rmann\" title=\"Walter H\u00f6rmann\">Walter H\u00f6rmann<\/a>, <a href=\"\/Adolf_H%C3%BCtter\" title=\"Adolf H\u00fctter\">Adolf H\u00fctter<\/a>\n<\/td>\n<\/tr>\n<tr>\n<td><\/td>\n<td><a href=\"\/Eduard_Glieder\" title=\"Eduard Glieder\">Eduard Glieder<\/a>, <a href=\"\/Laszlo_Klaus\" class=\"mw-redirect\" title=\"Laszlo Klaus\">Laszlo Klaus<\/a>\n<\/td>\n<\/tr>\n<tr>\n<td>Wechsel:<\/td>\n<td><a href=\"\/Rene_Aufhauser\" class=\"mw-redirect\" title=\"Rene Aufhauser\">Rene Aufhauser<\/a> f\u00fcr H\u00fctter (46.), <a href=\"\/Dean_Racunica\" title=\"Dean Racunica\">Dean Racunica<\/a> f\u00fcr Kocijan (60.), <a href=\"\/Gernot_Plassnegger\" title=\"Gernot Plassnegger\">Gernot Plassnegger<\/a> f\u00fcr Amerhauser (67.)\n<\/td>\n<\/tr>\n<tr>\n<td>Endstand:<\/td>\n<td>2:1 (0:0)\n<\/td>\n<\/tr>\n<tr>\n<td>Torsch\u00fctzen:<\/td>\n<td>H\u00f6rmann (68.), R. Ibertsberger (71.); Sliwowski (51.)\n<\/td>\n<\/tr>\n<tr>\n<td>Gelbe Karten:<\/td>\n<td>Aigner (50.); Gr\u00fcnner (22.), Kirchler (70.)\n<\/td>\n<\/tr>\n<tr>\n<td>Gelb-rote Karten:<\/td>\n<td>\n<\/td>\n<\/tr>\n<tr>\n<td>Rote Karten:<\/td>\n<td>\n<\/td>\n<\/tr>\n<tr>\n<td>Schiedsrichter:<\/td>\n<td>Dietmar Drabek\n<\/td>\n<\/tr>\n<tr>\n<td>Stadion:<\/td>\n<td>Stadion Lehen, Salzburg\n<\/td>\n<\/tr>\n<tr>\n<td>Zuschauer:<\/td>\n<td>14 000\n<\/td>\n<\/tr>\n<\/tbody>\n<\/table>\n<\/div>\n","protected":false},"excerpt":{"rendered":"<p>FaktenBearbeiten] Bundesliga &#8211; 23. Spieltag: 22. M\u00e4rz 1997, 15.30 Uhr SV Austria Salzburg gegen FC Tirol Innsbruck, 2:1 Aufstellung: Oleg Suslov Walter Kogler, Franz Aigner, Roman Szewczyk, Robert Ibertsberger Martin Amerhauser, Tomislav Kocijan, Walter H\u00f6rmann, Adolf H\u00fctter Eduard Glieder, Laszlo Klaus Wechsel: Rene Aufhauser f\u00fcr H\u00fctter (46.), Dean Racunica f\u00fcr Kocijan (60.), Gernot Plassnegger f\u00fcr [&hellip;]<\/p>\n","protected":false},"author":1,"featured_media":0,"comment_status":"open","ping_status":"open","sticky":false,"template":"","format":"standard","meta":{"footnotes":""},"categories":[1109],"tags":[],"class_list":["post-1416","post","type-post","status-publish","format-standard","hentry","category-23-runde-bundesliga-saison-1996"],"_links":{"self":[{"href":"https:\/\/wiki.s12.at\/index.php\/wp-json\/wp\/v2\/posts\/1416","targetHints":{"allow":["GET"]}}],"collection":[{"href":"https:\/\/wiki.s12.at\/index.php\/wp-json\/wp\/v2\/posts"}],"about":[{"href":"https:\/\/wiki.s12.at\/index.php\/wp-json\/wp\/v2\/types\/post"}],"author":[{"embeddable":true,"href":"https:\/\/wiki.s12.at\/index.php\/wp-json\/wp\/v2\/users\/1"}],"replies":[{"embeddable":true,"href":"https:\/\/wiki.s12.at\/index.php\/wp-json\/wp\/v2\/comments?post=1416"}],"version-history":[{"count":0,"href":"https:\/\/wiki.s12.at\/index.php\/wp-json\/wp\/v2\/posts\/1416\/revisions"}],"wp:attachment":[{"href":"https:\/\/wiki.s12.at\/index.php\/wp-json\/wp\/v2\/media?parent=1416"}],"wp:term":[{"taxonomy":"category","embeddable":true,"href":"https:\/\/wiki.s12.at\/index.php\/wp-json\/wp\/v2\/categories?post=1416"},{"taxonomy":"post_tag","embeddable":true,"href":"https:\/\/wiki.s12.at\/index.php\/wp-json\/wp\/v2\/tags?post=1416"}],"curies":[{"name":"wp","href":"https:\/\/api.w.org\/{rel}","templated":true}]}}