{"id":1411,"date":"2026-05-06T13:47:48","date_gmt":"2026-05-06T11:47:48","guid":{"rendered":"https:\/\/wiki.s12.at\/index.php\/2026\/05\/06\/23-runde-saison-2023-24-fc-red-bull-salzburg-gegen-tsv-hartberg\/"},"modified":"2026-05-06T13:47:48","modified_gmt":"2026-05-06T11:47:48","slug":"23-runde-saison-2023-24-fc-red-bull-salzburg-gegen-tsv-hartberg","status":"publish","type":"post","link":"https:\/\/wiki.s12.at\/index.php\/2026\/05\/06\/23-runde-saison-2023-24-fc-red-bull-salzburg-gegen-tsv-hartberg\/","title":{"rendered":"24, FC Red Bull Salzburg gegen TSV Hartberg"},"content":{"rendered":"<div class=\"mw-parser-output\">\n<table class=\"toptextcells toccolours\">\n<tbody>\n<tr>\n<th colspan=\"2\" style=\"text-align: center; vertical-align: top; padding: 0.3em 0.8em; font-size: 125%; background-color: lightsteelblue;\">FC Red Bull Salzburg gegen TSV Hartberg, 5:1\n<\/th>\n<\/tr>\n<tr>\n<th style=\"text-align:left;\"><b>Spieltag<\/b>\n<\/th>\n<th style=\"text-align:left;\">Bundesliga-23.Runde\n<\/th>\n<\/tr>\n<tr>\n<th style=\"text-align:left;\"><b>Datum<\/b>\n<\/th>\n<th style=\"text-align:left;\">17. M\u00e4rz 2023\n<\/th>\n<\/tr>\n<tr>\n<th style=\"text-align:left;\"><b>Anpfiff<\/b>\n<\/th>\n<th style=\"text-align:left;\">17 Uhr\n<\/th>\n<\/tr>\n<tr>\n<td colspan=\"2\" style=\"text-align:center;\" bgcolor=\"lightgray\"><b>Aufstellung<\/b>\n<\/td>\n<\/tr>\n<tr>\n<th style=\"text-align:left;\"><b>Tor<\/b>\n<\/th>\n<th><a href=\"\/Alexander_Schlager\" title=\"Alexander Schlager\">Alexander Schlager<\/a>\n<\/th>\n<\/tr>\n<tr>\n<th style=\"text-align:left;\"><b>Verteidigung<\/b>\n<\/th>\n<th><a href=\"\/Flavius_Daniliuc\" title=\"Flavius Daniliuc\">Flavius Daniliuc<\/a> &#8211; <a href=\"\/Oumar_Solet\" title=\"Oumar Solet\">Oumar Solet<\/a>  &#8211;<a href=\"\/Strahinja_Pavlovic\" title=\"Strahinja Pavlovic\">Strahinja Pavlovic<\/a>  &#8211;  <a href=\"\/Daouda_Guindo\" title=\"Daouda Guindo\">Daouda Guindo<\/a>\n<\/th>\n<\/tr>\n<tr>\n<th style=\"text-align:left;\"><b>Mittelfeld<\/b>\n<\/th>\n<th><a href=\"\/Lucas_Gourna-Douath\" title=\"Lucas Gourna-Douath\">Lucas Gourna-Douath<\/a> &#8211; <a href=\"\/Maurits_Kjaergaard\" title=\"Maurits Kjaergaard\">Maurits Kjaergaard<\/a>  &#8211;  <a href=\"\/Mads_Bidstrup\" title=\"Mads Bidstrup\">Mads Bidstrup<\/a>&#8211; <a href=\"\/Oscar_Gloukh\" title=\"Oscar Gloukh\">Oscar Gloukh<\/a>\n<\/th>\n<\/tr>\n<tr>\n<th style=\"text-align:left;\"><b>Sturm<\/b>\n<\/th>\n<th><a href=\"\/Petar_Ratkov\" title=\"Petar Ratkov\">Petar Ratkov<\/a> &#8211; <a href=\"\/Fernando\" class=\"mw-redirect\" title=\"Fernando\">Fernando<\/a>\n<\/th>\n<\/tr>\n<tr>\n<td colspan=\"2\" style=\"text-align:center;\" bgcolor=\"lightgray\"><b>Wechsel<\/b>\n<\/td>\n<\/tr>\n<tr>\n<th style=\"text-align:left;\"><b>Wechsel<\/b>\n<\/th>\n<th style=\"text-align:left;\"><a href=\"\/Karim_Konate\" title=\"Karim Konate\">Karim Konate<\/a> f\u00fcr Fernando (60.), <a href=\"\/Amar_Dedic\" title=\"Amar Dedic\">Amar Dedic<\/a> f\u00fcr Daniliuc (60.), <a href=\"\/Mamady_Diambou\" title=\"Mamady Diambou\">Mamady  Diambou<\/a> f\u00fcr Kjaergaard (60.),<br \/><a href=\"\/Sekou_Koita\" title=\"Sekou Koita\">Sekou  Koita<\/a> f\u00fcr Ratkov (72.), <a href=\"\/Amankwah_Forson\" title=\"Amankwah Forson\">Amankwah  Forson<\/a> f\u00fcr Guindo (87.)\n<\/th>\n<\/tr>\n<tr>\n<td colspan=\"2\" style=\"text-align:center;\" bgcolor=\"lightgray\"><b>Statistik<\/b>\n<\/td>\n<\/tr>\n<tr>\n<th style=\"text-align:left;\"><b>Endstand<\/b>\n<\/th>\n<th style=\"text-align:left;\">5:1 (2:0)\n<\/th>\n<\/tr>\n<tr>\n<th style=\"text-align:left;\"><b>Torsch\u00fctzen<\/b>\n<\/th>\n<th style=\"text-align:left;\">Ratkov (28.), Bidstrup (45.), Fernando (51.), Gloukh (84.), Koita (93.); Heil (75.)\n<\/th>\n<\/tr>\n<tr>\n<th style=\"text-align:left;\"><b>Gelbe Karten<\/b>\n<\/th>\n<th style=\"text-align:left;\">Pavlovic (20.), Halwachs  (90.), Pfeifer (91.)\n<\/th>\n<\/tr>\n<tr>\n<th style=\"text-align:left;\"><b>Rote Karten<\/b>\n<\/th>\n<th style=\"text-align:left;\">Bowat (22.)\n<\/th>\n<\/tr>\n<tr>\n<th style=\"text-align:left;\"><b>Schiedsrichter<\/b>\n<\/th>\n<th style=\"text-align:left;\">Harald Lechner\n<\/th>\n<\/tr>\n<tr>\n<th style=\"text-align:left;\"><b>Stadion<\/b>\n<\/th>\n<th style=\"text-align:left;\">EM Stadion Wals-Siezenheim, Salzburg\n<\/th>\n<\/tr>\n<tr>\n<th style=\"text-align:left;\"><b>Zuschauer<\/b>\n<\/th>\n<th style=\"text-align:left;\">8.100\n<\/th>\n<\/tr>\n<\/tbody>\n<\/table>\n<h2><span class=\"mw-headline\" id=\"Spielbericht\">Spielbericht<\/span><a href=\"\/index.php?title=23._Runde,_Saison_2023\/24,_FC_Red_Bull_Salzburg_gegen_TSV_Hartberg&amp;action=edit&amp;section=1\" title=\"Abschnitt bearbeiten: Spielbericht\">Bearbeiten<\/a><span class=\"mw-editsection-bracket\">]<\/span><\/span><\/h2>\n<p><a rel=\"nofollow\" class=\"external text\" href=\"https:\/\/www.redbullsalzburg.at\/de\/2023-2024\/spielplan\/bundesliga-runde-23-fc-red-bull-salzburg-vs-tsv-egger-glas-hartberg#spielbericht\">Spielbericht Vereinshomepage<\/a>\n<\/p>\n<h2><span class=\"mw-headline\" id=\"Stimmen_zum_Spiel\">Stimmen zum Spiel<\/span><a href=\"\/index.php?title=23._Runde,_Saison_2023\/24,_FC_Red_Bull_Salzburg_gegen_TSV_Hartberg&amp;action=edit&amp;section=2\" title=\"Abschnitt bearbeiten: Stimmen zum Spiel\">Bearbeiten<\/a><span class=\"mw-editsection-bracket\">]<\/span><\/span><\/h2>\n<p><b>Gerhard Struber:<\/b>  Wir sind heute den Erwartungen gerecht geworden, haben die Z\u00fcgel relativ schnell in die Hand genommen und uns mit Fortdauer immer wieder Chancen erarbeitet \u2013 nat\u00fcrlich hat die Rote Karte gut reingespielt. Ein verdienter Sieg auch in der H\u00f6he. Jetzt freuen wir uns \u00fcber diesen Auftakt in die Meistergruppe. Es war vieles dabei, das uns hoffnungsfroh macht.\n<\/p>\n<p><b>Amar Dedic:<\/b>  Es war ein gelungener Start in die Meistergruppe! Mit einem 5:1 kann man schon mal loslegen, ein verdienter Sieg. Wir freuen uns f\u00fcr Mads, dass er sein erstes Karrieretor geschossen hat \u2013 Gratulation! Jetzt darf er uns gerne etwas spendieren.\n<\/p>\n<p><b>Mads Bidstrup:<\/b><br \/>\nIn erster Linie freue ich mich immer f\u00fcr die Mannschaft \u2013 aber es ist schon ein sch\u00f6nes Gef\u00fchl, mein erstes Profitor geschossen zu haben. Wir hatten uns richtig gut vorbereitet, sind fr\u00fch ins Pressing gegangen und haben die Tiefe gesucht. Mit der Roten Karte ist es dann aber auch ein anderes Spiel geworden.\n<\/p>\n<\/div>\n","protected":false},"excerpt":{"rendered":"<p>FC Red Bull Salzburg gegen TSV Hartberg, 5:1 Spieltag Bundesliga-23.Runde Datum 17. M\u00e4rz 2023 Anpfiff 17 Uhr Aufstellung Tor Alexander Schlager Verteidigung Flavius Daniliuc &#8211; Oumar Solet &#8211;Strahinja Pavlovic &#8211; Daouda Guindo Mittelfeld Lucas Gourna-Douath &#8211; Maurits Kjaergaard &#8211; Mads Bidstrup&#8211; Oscar Gloukh Sturm Petar Ratkov &#8211; Fernando Wechsel Wechsel Karim Konate f\u00fcr Fernando (60.), [&hellip;]<\/p>\n","protected":false},"author":1,"featured_media":0,"comment_status":"open","ping_status":"open","sticky":false,"template":"","format":"standard","meta":{"footnotes":""},"categories":[1106],"tags":[],"class_list":["post-1411","post","type-post","status-publish","format-standard","hentry","category-23-runde-saison-2023"],"_links":{"self":[{"href":"https:\/\/wiki.s12.at\/index.php\/wp-json\/wp\/v2\/posts\/1411","targetHints":{"allow":["GET"]}}],"collection":[{"href":"https:\/\/wiki.s12.at\/index.php\/wp-json\/wp\/v2\/posts"}],"about":[{"href":"https:\/\/wiki.s12.at\/index.php\/wp-json\/wp\/v2\/types\/post"}],"author":[{"embeddable":true,"href":"https:\/\/wiki.s12.at\/index.php\/wp-json\/wp\/v2\/users\/1"}],"replies":[{"embeddable":true,"href":"https:\/\/wiki.s12.at\/index.php\/wp-json\/wp\/v2\/comments?post=1411"}],"version-history":[{"count":0,"href":"https:\/\/wiki.s12.at\/index.php\/wp-json\/wp\/v2\/posts\/1411\/revisions"}],"wp:attachment":[{"href":"https:\/\/wiki.s12.at\/index.php\/wp-json\/wp\/v2\/media?parent=1411"}],"wp:term":[{"taxonomy":"category","embeddable":true,"href":"https:\/\/wiki.s12.at\/index.php\/wp-json\/wp\/v2\/categories?post=1411"},{"taxonomy":"post_tag","embeddable":true,"href":"https:\/\/wiki.s12.at\/index.php\/wp-json\/wp\/v2\/tags?post=1411"}],"curies":[{"name":"wp","href":"https:\/\/api.w.org\/{rel}","templated":true}]}}