{"id":1404,"date":"2026-05-06T13:47:43","date_gmt":"2026-05-06T11:47:43","guid":{"rendered":"https:\/\/wiki.s12.at\/index.php\/2026\/05\/06\/23-runde-saison-2020-21-fc-liefering-gegen-young-violets-austria-wien\/"},"modified":"2026-05-06T13:47:43","modified_gmt":"2026-05-06T11:47:43","slug":"23-runde-saison-2020-21-fc-liefering-gegen-young-violets-austria-wien","status":"publish","type":"post","link":"https:\/\/wiki.s12.at\/index.php\/2026\/05\/06\/23-runde-saison-2020-21-fc-liefering-gegen-young-violets-austria-wien\/","title":{"rendered":"21, FC Liefering gegen Young Violets Austria Wien"},"content":{"rendered":"<div class=\"mw-parser-output\">\n<h2><span class=\"mw-headline\" id=\"Fakten\">Fakten<\/span><a href=\"\/index.php?title=23._Runde,_Saison_2020\/21,_FC_Liefering_gegen_Young_Violets_Austria_Wien&amp;action=edit&amp;section=1\" title=\"Abschnitt bearbeiten: Fakten\">Bearbeiten<\/a><span class=\"mw-editsection-bracket\">]<\/span><\/span><\/h2>\n<table class=\"toptextcells toccolours\">\n<tbody>\n<tr>\n<th colspan=\"2\" style=\"text-align: center; vertical-align: top; padding: 0.3em 0.8em; font-size: 125%; background-color: lightsteelblue;\">FC Liefering gegen Young Violets Austria Wien, 5:1\n<\/th>\n<\/tr>\n<tr>\n<th style=\"text-align:left;\"><b>Spieltag<\/b>\n<\/th>\n<th style=\"text-align:left;\">2. Liga-23. Runde\n<\/th>\n<\/tr>\n<tr>\n<th style=\"text-align:left;\"><b>Datum<\/b>\n<\/th>\n<th style=\"text-align:left;\">27. April 2021\n<\/th>\n<\/tr>\n<tr>\n<th style=\"text-align:left;\"><b>Anpfiff<\/b>\n<\/th>\n<th style=\"text-align:left;\">18.30 Uhr Uhr\n<\/th>\n<\/tr>\n<tr>\n<td colspan=\"2\" style=\"text-align:center;\" bgcolor=\"lightgray\"><b>Aufstellung<\/b>\n<\/td>\n<\/tr>\n<tr>\n<th style=\"text-align:left;\"><b>Tor<\/b>\n<\/th>\n<th><a href=\"\/Adam_Stejskal\" title=\"Adam Stejskal\">Adam Stejskal<\/a>\n<\/th>\n<\/tr>\n<tr>\n<th style=\"text-align:left;\"><b>Verteidigung<\/b>\n<\/th>\n<th><a href=\"\/Daouda_Guindo\" title=\"Daouda Guindo\">Daouda Guindo<\/a> &#8211; <a href=\"\/Bryan_Okoh\" title=\"Bryan Okoh\">Bryan Okoh<\/a> &#8211; <a href=\"\/Lukas_Wallner\" title=\"Lukas Wallner\">Lukas Wallner<\/a> &#8211; <a href=\"\/Amar_Dedic\" title=\"Amar Dedic\">Amar Dedic<\/a>\n<\/th>\n<\/tr>\n<tr>\n<th style=\"text-align:left;\"><b>Mittelfeld<\/b>\n<\/th>\n<th><a href=\"\/Sebastian_Aigner\" title=\"Sebastian Aigner\">Sebastian Aigner <\/a> &#8211; <a href=\"\/Maurits_Kjaergaard\" title=\"Maurits Kjaergaard\">Maurits Kjaergaard<\/a> &#8211; <a href=\"\/Alexander_Prass\" title=\"Alexander Prass\">Alexander Prass<\/a>  &#8211; <a href=\"\/Forson_Amankwah\" class=\"mw-redirect\" title=\"Forson Amankwah\">Forson Amankwah <\/a>\n<\/th>\n<\/tr>\n<tr>\n<th style=\"text-align:left;\"><b>Sturm<\/b>\n<\/th>\n<th><a href=\"\/Benjamin_Sesko\" class=\"mw-redirect\" title=\"Benjamin Sesko\">Benjamin Sesko<\/a> &#8211; <a href=\"\/Elias_Havel\" title=\"Elias Havel\">Elias Havel<\/a>\n<\/th>\n<\/tr>\n<tr>\n<td colspan=\"2\" style=\"text-align:center;\" bgcolor=\"lightgray\"><b>Wechsel<\/b>\n<\/td>\n<\/tr>\n<tr>\n<th style=\"text-align:left;\"><b>Wechsel<\/b>\n<\/th>\n<th style=\"text-align:left;\"><a href=\"\/Luka_Reischl\" title=\"Luka Reischl\">Luka Reischl<\/a> f\u00fcr Kjaergaard (45.), <a href=\"\/Antonin_Svoboda\" title=\"Antonin Svoboda\">Antonin Svoboda<\/a> f\u00fcr Havel (62.), <a href=\"\/Nene_Dorgeles\" title=\"Nene Dorgeles\">Nene Dorgeles<\/a> f\u00fcr Sesko (69.), <br \/><a href=\"\/Benjamin_B%C3%B6ckle\" title=\"Benjamin B\u00f6ckle\">Benjamin B\u00f6ckle<\/a> f\u00fcr Guindo (69.), <a href=\"\/Samuel_Major\" title=\"Samuel Major\">Samuel Major<\/a> f\u00fcr Amankwah (74.)\n<\/th>\n<\/tr>\n<tr>\n<td colspan=\"2\" style=\"text-align:center;\" bgcolor=\"lightgray\"><b>Statistik<\/b>\n<\/td>\n<\/tr>\n<tr>\n<th style=\"text-align:left;\"><b>Endstand<\/b>\n<\/th>\n<th style=\"text-align:left;\">5:1 (2:1)\n<\/th>\n<\/tr>\n<tr>\n<th style=\"text-align:left;\"><b>Torsch\u00fctzen<\/b>\n<\/th>\n<th style=\"text-align:left;\">Sesko (35., 55., 59., 67., E.), Havel (39.); Huskovic (16.)\n<\/th>\n<\/tr>\n<tr>\n<th style=\"text-align:left;\"><b>Gelbe Karten<\/b>\n<\/th>\n<th style=\"text-align:left;\">Svoboda (72.)\n<\/th>\n<\/tr>\n<tr>\n<th style=\"text-align:left;\"><b>Rote Karten<\/b>\n<\/th>\n<th style=\"text-align:left;\">\n<\/th>\n<\/tr>\n<tr>\n<th style=\"text-align:left;\"><b>Schiedsrichter<\/b>\n<\/th>\n<th style=\"text-align:left;\">Walter Altmann\n<\/th>\n<\/tr>\n<tr>\n<th style=\"text-align:left;\"><b>Stadion<\/b>\n<\/th>\n<th style=\"text-align:left;\">Untersbergarena, Gr\u00f6dig\n<\/th>\n<\/tr>\n<tr>\n<th style=\"text-align:left;\"><b>Zuschauer<\/b>\n<\/th>\n<th style=\"text-align:left;\">Wegen Corona waren keine Zuschauer erlaubt\n<\/th>\n<\/tr>\n<\/tbody>\n<\/table>\n<p>Das Spiel wurde wegen Coronaf\u00e4llen bei den Young Violets am 14. April abgesagt.\n<\/p>\n<h2><span class=\"mw-headline\" id=\"Weblinks\">Weblinks<\/span><a href=\"\/index.php?title=23._Runde,_Saison_2020\/21,_FC_Liefering_gegen_Young_Violets_Austria_Wien&amp;action=edit&amp;section=2\" title=\"Abschnitt bearbeiten: Weblinks\">Bearbeiten<\/a><span class=\"mw-editsection-bracket\">]<\/span><\/span><\/h2>\n<p><a rel=\"nofollow\" class=\"external text\" href=\"https:\/\/www.fc-liefering.at\/de\/fc-liefering\/news\/saison_2020_21\/sesko-zerpflueckt-veilchen-im-alleingang.html\">Spielbericht Vereinshomepage<\/a>\n<\/p>\n<h2><span class=\"mw-headline\" id=\"Stimmen_zum_Spiel\">Stimmen zum Spiel<\/span><a href=\"\/index.php?title=23._Runde,_Saison_2020\/21,_FC_Liefering_gegen_Young_Violets_Austria_Wien&amp;action=edit&amp;section=3\" title=\"Abschnitt bearbeiten: Stimmen zum Spiel\">Bearbeiten<\/a><span class=\"mw-editsection-bracket\">]<\/span><\/span><\/h2>\n<p><b>Matthias Jaissle:<\/b> Wir sind schwer in die Partie gekommen, die Young Violets haben uns vor eine gro\u00dfe Herausforderung gestellt. Wir hatten in den ersten 20 Minuten oft das Nachsehen und sind auch verdient in R\u00fcckstand geraten. Unser Team hat dann eine Reaktion gezeigt, wir wurden griffiger und waren gegen den Ball gemeinsam als Team unterwegs. Wir haben uns dadurch von Minute zu Minute besser ins Spiel zur\u00fcckgek\u00e4mpft, am Ende absolut verdient gewonnen und die n\u00e4chsten drei Punkte eingefahren.\n<\/p>\n<\/div>\n","protected":false},"excerpt":{"rendered":"<p>FaktenBearbeiten] FC Liefering gegen Young Violets Austria Wien, 5:1 Spieltag 2. Liga-23. Runde Datum 27. April 2021 Anpfiff 18.30 Uhr Uhr Aufstellung Tor Adam Stejskal Verteidigung Daouda Guindo &#8211; Bryan Okoh &#8211; Lukas Wallner &#8211; Amar Dedic Mittelfeld Sebastian Aigner &#8211; Maurits Kjaergaard &#8211; Alexander Prass &#8211; Forson Amankwah Sturm Benjamin Sesko &#8211; Elias Havel [&hellip;]<\/p>\n","protected":false},"author":1,"featured_media":0,"comment_status":"open","ping_status":"open","sticky":false,"template":"","format":"standard","meta":{"footnotes":""},"categories":[1101],"tags":[],"class_list":["post-1404","post","type-post","status-publish","format-standard","hentry","category-23-runde-saison-2020"],"_links":{"self":[{"href":"https:\/\/wiki.s12.at\/index.php\/wp-json\/wp\/v2\/posts\/1404","targetHints":{"allow":["GET"]}}],"collection":[{"href":"https:\/\/wiki.s12.at\/index.php\/wp-json\/wp\/v2\/posts"}],"about":[{"href":"https:\/\/wiki.s12.at\/index.php\/wp-json\/wp\/v2\/types\/post"}],"author":[{"embeddable":true,"href":"https:\/\/wiki.s12.at\/index.php\/wp-json\/wp\/v2\/users\/1"}],"replies":[{"embeddable":true,"href":"https:\/\/wiki.s12.at\/index.php\/wp-json\/wp\/v2\/comments?post=1404"}],"version-history":[{"count":0,"href":"https:\/\/wiki.s12.at\/index.php\/wp-json\/wp\/v2\/posts\/1404\/revisions"}],"wp:attachment":[{"href":"https:\/\/wiki.s12.at\/index.php\/wp-json\/wp\/v2\/media?parent=1404"}],"wp:term":[{"taxonomy":"category","embeddable":true,"href":"https:\/\/wiki.s12.at\/index.php\/wp-json\/wp\/v2\/categories?post=1404"},{"taxonomy":"post_tag","embeddable":true,"href":"https:\/\/wiki.s12.at\/index.php\/wp-json\/wp\/v2\/tags?post=1404"}],"curies":[{"name":"wp","href":"https:\/\/api.w.org\/{rel}","templated":true}]}}