{"id":1398,"date":"2026-05-06T13:47:38","date_gmt":"2026-05-06T11:47:38","guid":{"rendered":"https:\/\/wiki.s12.at\/index.php\/2026\/05\/06\/23-runde-saison-2017-18-fc-red-bull-salzburg-gegen-skn-st-poelten\/"},"modified":"2026-05-06T13:47:38","modified_gmt":"2026-05-06T11:47:38","slug":"23-runde-saison-2017-18-fc-red-bull-salzburg-gegen-skn-st-poelten","status":"publish","type":"post","link":"https:\/\/wiki.s12.at\/index.php\/2026\/05\/06\/23-runde-saison-2017-18-fc-red-bull-salzburg-gegen-skn-st-poelten\/","title":{"rendered":"18, FC Red Bull Salzburg gegen SKN St. P\u00f6lten"},"content":{"rendered":"<div class=\"mw-parser-output\">\n<h2><span class=\"mw-headline\" id=\"Fakten\">Fakten<\/span><a href=\"\/index.php?title=23._Runde,_Saison_2017\/18,_FC_Red_Bull_Salzburg_gegen_SKN_St._P%C3%B6lten&amp;action=edit&amp;section=1\" title=\"Abschnitt bearbeiten: Fakten\">Bearbeiten<\/a><span class=\"mw-editsection-bracket\">]<\/span><\/span><\/h2>\n<table class=\"toptextcells toccolours\">\n<tbody>\n<tr>\n<th colspan=\"2\" style=\"text-align: center; vertical-align: top; padding: 0.3em 0.8em; font-size: 125%; background-color: lightsteelblue;\">FC Red Bull Salzburg gegen SKN St. P\u00f6lten, 4:0\n<\/th>\n<\/tr>\n<tr>\n<th style=\"text-align:left;\"><b>Spieltag<\/b>\n<\/th>\n<th style=\"text-align:left;\">Bundesliga &#8211; 23. Spieltag\n<\/th>\n<\/tr>\n<tr>\n<th style=\"text-align:left;\"><b>Datum<\/b>\n<\/th>\n<th style=\"text-align:left;\">18. Februar 2018\n<\/th>\n<\/tr>\n<tr>\n<th style=\"text-align:left;\"><b>Anpfiff<\/b>\n<\/th>\n<th style=\"text-align:left;\">16.30 Uhr\n<\/th>\n<\/tr>\n<tr>\n<td colspan=\"2\" style=\"text-align:center;\" bgcolor=\"lightgray\"><b>Aufstellung<\/b>\n<\/td>\n<\/tr>\n<tr>\n<th style=\"text-align:left;\"><b>Tor<\/b>\n<\/th>\n<th><a href=\"\/Alexander_Walke\" title=\"Alexander Walke\">Alexander Walke<\/a>\n<\/th>\n<\/tr>\n<tr>\n<th style=\"text-align:left;\"><b>Verteidigung<\/b>\n<\/th>\n<th><a href=\"\/Patrick_Farkas\" title=\"Patrick Farkas\">Patrick Farkas<\/a> &#8211; <a href=\"\/Jerome_Onguene\" title=\"Jerome Onguene\">Jerome Onguene<\/a> &#8211; <a href=\"\/Duje_Caleta-Car\" title=\"Duje Caleta-Car\">Duje Caleta-Car<\/a> &#8211; <a href=\"\/Andreas_Ulmer\" title=\"Andreas Ulmer\">Andreas Ulmer<\/a>\n<\/th>\n<\/tr>\n<tr>\n<th style=\"text-align:left;\"><b>Mittelfeld<\/b>\n<\/th>\n<th><a href=\"\/Amadou_Haidara\" title=\"Amadou Haidara\">Amadou Haidara<\/a> &#8211; <a href=\"\/Reinhold_Yabo\" title=\"Reinhold Yabo\">Reinhold Yabo<\/a> &#8211; <a href=\"\/Hannes_Wolf\" title=\"Hannes Wolf\">Hannes Wolf<\/a>&#8211; <a href=\"\/Diadie_Samassekou\" title=\"Diadie Samassekou\">Diadie Samassekou<\/a>\n<\/th>\n<\/tr>\n<tr>\n<th style=\"text-align:left;\"><b>Sturm<\/b>\n<\/th>\n<th><a href=\"\/Fredrik_Gulbrandsen\" title=\"Fredrik Gulbrandsen\">Fredrik Gulbrandsen<\/a> &#8211; <a href=\"\/Takumi_Minamino\" title=\"Takumi Minamino\">Takumi Minamino<\/a>\n<\/th>\n<\/tr>\n<tr>\n<td colspan=\"2\" style=\"text-align:center;\" bgcolor=\"lightgray\"><b>Wechsel<\/b>\n<\/td>\n<\/tr>\n<tr>\n<th style=\"text-align:left;\"><b>Wechsel<\/b>\n<\/th>\n<th style=\"text-align:left;\"><a href=\"\/Munas_Dabbur\" title=\"Munas Dabbur\">Munas Dabbur<\/a> f\u00fcr Wolf (64.), <a href=\"\/Enock_Mwepu\" title=\"Enock Mwepu\">Enock Mwepu<\/a> f\u00fcr Haidara (75.), <a href=\"\/Patson_Daka\" title=\"Patson Daka\">Patson Daka<\/a> f\u00fcr Wolf (84.)\n<\/th>\n<\/tr>\n<tr>\n<td colspan=\"2\" style=\"text-align:center;\" bgcolor=\"lightgray\"><b>Statistik<\/b>\n<\/td>\n<\/tr>\n<tr>\n<th style=\"text-align:left;\"><b>Endstand<\/b>\n<\/th>\n<th style=\"text-align:left;\">4:0 (1:0)\n<\/th>\n<\/tr>\n<tr>\n<th style=\"text-align:left;\"><b>Torsch\u00fctzen<\/b>\n<\/th>\n<th style=\"text-align:left;\">Wolf (24., E.), Gulbrandsen (64.), Onguene (75.), Dabbur (\n<\/th>\n<\/tr>\n<tr>\n<th style=\"text-align:left;\"><b>Gelbe Karten<\/b>\n<\/th>\n<th style=\"text-align:left;\">keine\n<\/th>\n<\/tr>\n<tr>\n<th style=\"text-align:left;\"><b>Rote Karten<\/b>\n<\/th>\n<th style=\"text-align:left;\">\n<\/th>\n<\/tr>\n<tr>\n<th style=\"text-align:left;\"><b>Schiedsrichter<\/b>\n<\/th>\n<th style=\"text-align:left;\">Manuel Sch\u00fcttengruber\n<\/th>\n<\/tr>\n<tr>\n<th style=\"text-align:left;\"><b>Stadion<\/b>\n<\/th>\n<th style=\"text-align:left;\">EM Stadion Wals-Siezenheim, Salzburg\n<\/th>\n<\/tr>\n<tr>\n<th style=\"text-align:left;\"><b>Zuschauer<\/b>\n<\/th>\n<th style=\"text-align:left;\">4 273\n<\/th>\n<\/tr>\n<\/tbody>\n<\/table>\n<ul>\n<li><a href=\"\/Jerome_Onguene\" title=\"Jerome Onguene\">Jerome Onguene<\/a> erzielte heute sein erstes Tor f\u00fcr den FC RB Salzburg.<\/li>\n<\/ul>\n<h2><span class=\"mw-headline\" id=\"Bilder\">Bilder<\/span><a href=\"\/index.php?title=23._Runde,_Saison_2017\/18,_FC_Red_Bull_Salzburg_gegen_SKN_St._P%C3%B6lten&amp;action=edit&amp;section=2\" title=\"Abschnitt bearbeiten: Bilder\">Bearbeiten<\/a><span class=\"mw-editsection-bracket\">]<\/span><\/span><\/h2>\n<ul class=\"gallery mw-gallery-traditional\">\n<li class=\"gallerybox\" style=\"width: 155px\">\n<div style=\"width: 155px\">\n<div class=\"thumb\" style=\"width: 150px;\">\n<div style=\"margin:16px auto;\"><a href=\"\/Datei:FC_Red_Bull_Salzburg_versus_SKN_St._P%C3%B6lten_(18._Februar_2018)_14.jpg\" class=\"image\"><img alt=\"FC Red Bull Salzburg versus SKN St. P\u00f6lten (18. Februar 2018) 14.jpg\" src=\"\/images\/thumb\/7\/75\/FC_Red_Bull_Salzburg_versus_SKN_St._P%C3%B6lten_%2818._Februar_2018%29_14.jpg\/120px-FC_Red_Bull_Salzburg_versus_SKN_St._P%C3%B6lten_%2818._Februar_2018%29_14.jpg%3Futm_source%3Dcommons.wikimedia.org%26utm_campaign%3Dimageinfo%26utm_content%3Dthumbnail\" decoding=\"async\" width=\"120\" height=\"118\" srcset=\"\/images\/thumb\/7\/75\/FC_Red_Bull_Salzburg_versus_SKN_St._P%C3%B6lten_%2818._Februar_2018%29_14.jpg\/250px-FC_Red_Bull_Salzburg_versus_SKN_St._P%C3%B6lten_%2818._Februar_2018%29_14.jpg%3Futm_source%3Dcommons.wikimedia.org%26utm_campaign%3Dimageinfo%26utm_content%3Dthumbnail 1.5x\" \/><\/a><\/div>\n<\/div>\n<div class=\"gallerytext\">\n\t\t\t<\/div>\n<\/p><\/div>\n<\/li>\n<li class=\"gallerybox\" style=\"width: 155px\">\n<div style=\"width: 155px\">\n<div class=\"thumb\" style=\"width: 150px;\">\n<div style=\"margin:15px auto;\"><a href=\"\/Datei:FC_Red_Bull_Salzburg_versus_SKN_St._P%C3%B6lten_(18._Februar_2018)_04.jpg\" class=\"image\"><img alt=\"FC Red Bull Salzburg versus SKN St. P\u00f6lten (18. Februar 2018) 04.jpg\" src=\"\/images\/thumb\/a\/a2\/FC_Red_Bull_Salzburg_versus_SKN_St._P%C3%B6lten_%2818._Februar_2018%29_04.jpg\/120px-FC_Red_Bull_Salzburg_versus_SKN_St._P%C3%B6lten_%2818._Februar_2018%29_04.jpg%3Futm_source%3Dcommons.wikimedia.org%26utm_campaign%3Dimageinfo%26utm_content%3Dthumbnail\" decoding=\"async\" width=\"97\" height=\"120\" srcset=\"\/images\/thumb\/a\/a2\/FC_Red_Bull_Salzburg_versus_SKN_St._P%C3%B6lten_%2818._Februar_2018%29_04.jpg\/250px-FC_Red_Bull_Salzburg_versus_SKN_St._P%C3%B6lten_%2818._Februar_2018%29_04.jpg%3Futm_source%3Dcommons.wikimedia.org%26utm_campaign%3Dimageinfo%26utm_content%3Dthumbnail 1.5x\" \/><\/a><\/div>\n<\/div>\n<div class=\"gallerytext\">\n\t\t\t<\/div>\n<\/p><\/div>\n<\/li>\n<li class=\"gallerybox\" style=\"width: 155px\">\n<div style=\"width: 155px\">\n<div class=\"thumb\" style=\"width: 150px;\">\n<div style=\"margin:22.5px auto;\"><a href=\"\/Datei:FC_Red_Bull_Salzburg_gegen_SKN_St._P%C3%B6lten_(18._Februar_2018)_18.jpg\" class=\"image\"><img alt=\"FC Red Bull Salzburg gegen SKN St. P\u00f6lten (18. Februar 2018) 18.jpg\" src=\"\/images\/thumb\/c\/c8\/FC_Red_Bull_Salzburg_gegen_SKN_St._P%C3%B6lten_%2818._Februar_2018%29_18.jpg\/120px-FC_Red_Bull_Salzburg_gegen_SKN_St._P%C3%B6lten_%2818._Februar_2018%29_18.jpg%3Futm_source%3Dcommons.wikimedia.org%26utm_campaign%3Dimageinfo%26utm_content%3Dthumbnail\" decoding=\"async\" width=\"120\" height=\"105\" srcset=\"\/images\/thumb\/c\/c8\/FC_Red_Bull_Salzburg_gegen_SKN_St._P%C3%B6lten_%2818._Februar_2018%29_18.jpg\/250px-FC_Red_Bull_Salzburg_gegen_SKN_St._P%C3%B6lten_%2818._Februar_2018%29_18.jpg%3Futm_source%3Dcommons.wikimedia.org%26utm_campaign%3Dimageinfo%26utm_content%3Dthumbnail 1.5x\" \/><\/a><\/div>\n<\/div>\n<div class=\"gallerytext\">\n\t\t\t<\/div>\n<\/p><\/div>\n<\/li>\n<\/ul>\n<p><img loading=\"lazy\" alt=\"\" src=\"\/images\/thumb\/4\/4a\/Commons-logo.svg\/langde-20px-Commons-logo.svg.png%3Futm_source%3Dcommons.wikimedia.org%26utm_campaign%3Dimageinfo%26utm_content%3Dthumbnail\" decoding=\"async\" title=\"Commons\" width=\"12\" height=\"16\" srcset=\"\/images\/thumb\/4\/4a\/Commons-logo.svg\/langde-40px-Commons-logo.svg.png%3Futm_source%3Dcommons.wikimedia.org%26utm_campaign%3Dimageinfo%26utm_content%3Dthumbnail 2x\" \/>&#160;<b><a href=\"http:\/\/commons.wikimedia.org\/wiki\/Category:FC_Red_Bull_Salzburg_gegen_SKN_St._P%C3%B6lten_(18._Februar_2018)\" class=\"extiw\" title=\"commons:Category:FC Red Bull Salzburg gegen SKN St. P\u00f6lten (18. Februar 2018)\">23. Runde, Saison 2017\/18, FC Red Bull Salzburg gegen SKN St. P\u00f6lten<\/a><\/b>&#160;\u2013 Sammlung von Bildern, Videos und Audiodateien auf <a href=\"\/Wikimedia_Commons\" title=\"Wikimedia Commons\">Wikimedia Commons<\/a>\n<\/p>\n<h2><span class=\"mw-headline\" id=\"Weblinks\">Weblinks<\/span><a href=\"\/index.php?title=23._Runde,_Saison_2017\/18,_FC_Red_Bull_Salzburg_gegen_SKN_St._P%C3%B6lten&amp;action=edit&amp;section=3\" title=\"Abschnitt bearbeiten: Weblinks\">Bearbeiten<\/a><span class=\"mw-editsection-bracket\">]<\/span><\/span><\/h2>\n<ul>\n<li><a rel=\"nofollow\" class=\"external text\" href=\"http:\/\/www.redbullsalzburg.at\/de\/fc-red-bull-salzburg\/news\/saison_2017_18\/rote-bullen-lassen-st-poelten-keine-chance.html\">Spielbericht Vereinshomepage<\/a><\/li>\n<\/ul>\n<h2><span class=\"mw-headline\" id=\"Stimmen_zum_Spiel\">Stimmen zum Spiel<\/span><a href=\"\/index.php?title=23._Runde,_Saison_2017\/18,_FC_Red_Bull_Salzburg_gegen_SKN_St._P%C3%B6lten&amp;action=edit&amp;section=4\" title=\"Abschnitt bearbeiten: Stimmen zum Spiel\">Bearbeiten<\/a><span class=\"mw-editsection-bracket\">]<\/span><\/span><\/h2>\n<p><b>Marco Rose:<\/b> Gl\u00fcckwunsch an meine Mannschaft. Es war vor allem nicht einfach f\u00fcr uns, R\u00e4ume zu finden. Hinten raus ist der Sieg trotzdem sehr verdient, weil wir geduldig geblieben sind, wenig zugelassen haben und im richtigen Moment die Tore geschossen haben. Deswegen bin ich mit der Leistung und dem Ergebnis zufrieden.\n<\/p>\n<p><b>Patrick Farkas:<\/b> Wir haben gewusst, was auf uns zukommt und dass wir unbedingt das erste Tor machen m\u00fcssen. Wir haben zeitweise schlampig gespielt, aber nach den Einwechslungen in der Schlussphase, als St. P\u00f6lten die Kr\u00e4fte etwas ausgegangen sind, haben wir unsere Klasse ausgespielt.\n<\/p>\n<\/div>\n","protected":false},"excerpt":{"rendered":"<p>FaktenBearbeiten] FC Red Bull Salzburg gegen SKN St. P\u00f6lten, 4:0 Spieltag Bundesliga &#8211; 23. Spieltag Datum 18. Februar 2018 Anpfiff 16.30 Uhr Aufstellung Tor Alexander Walke Verteidigung Patrick Farkas &#8211; Jerome Onguene &#8211; Duje Caleta-Car &#8211; Andreas Ulmer Mittelfeld Amadou Haidara &#8211; Reinhold Yabo &#8211; Hannes Wolf&#8211; Diadie Samassekou Sturm Fredrik Gulbrandsen &#8211; Takumi Minamino [&hellip;]<\/p>\n","protected":false},"author":1,"featured_media":0,"comment_status":"open","ping_status":"open","sticky":false,"template":"","format":"standard","meta":{"footnotes":""},"categories":[1098],"tags":[],"class_list":["post-1398","post","type-post","status-publish","format-standard","hentry","category-23-runde-saison-2017"],"_links":{"self":[{"href":"https:\/\/wiki.s12.at\/index.php\/wp-json\/wp\/v2\/posts\/1398","targetHints":{"allow":["GET"]}}],"collection":[{"href":"https:\/\/wiki.s12.at\/index.php\/wp-json\/wp\/v2\/posts"}],"about":[{"href":"https:\/\/wiki.s12.at\/index.php\/wp-json\/wp\/v2\/types\/post"}],"author":[{"embeddable":true,"href":"https:\/\/wiki.s12.at\/index.php\/wp-json\/wp\/v2\/users\/1"}],"replies":[{"embeddable":true,"href":"https:\/\/wiki.s12.at\/index.php\/wp-json\/wp\/v2\/comments?post=1398"}],"version-history":[{"count":0,"href":"https:\/\/wiki.s12.at\/index.php\/wp-json\/wp\/v2\/posts\/1398\/revisions"}],"wp:attachment":[{"href":"https:\/\/wiki.s12.at\/index.php\/wp-json\/wp\/v2\/media?parent=1398"}],"wp:term":[{"taxonomy":"category","embeddable":true,"href":"https:\/\/wiki.s12.at\/index.php\/wp-json\/wp\/v2\/categories?post=1398"},{"taxonomy":"post_tag","embeddable":true,"href":"https:\/\/wiki.s12.at\/index.php\/wp-json\/wp\/v2\/tags?post=1398"}],"curies":[{"name":"wp","href":"https:\/\/api.w.org\/{rel}","templated":true}]}}