{"id":1388,"date":"2026-05-06T13:47:27","date_gmt":"2026-05-06T11:47:27","guid":{"rendered":"https:\/\/wiki.s12.at\/index.php\/2026\/05\/06\/23-runde-saison-2011-12-rbs-vs-svm\/"},"modified":"2026-05-06T13:47:27","modified_gmt":"2026-05-06T11:47:27","slug":"23-runde-saison-2011-12-rbs-vs-svm","status":"publish","type":"post","link":"https:\/\/wiki.s12.at\/index.php\/2026\/05\/06\/23-runde-saison-2011-12-rbs-vs-svm\/","title":{"rendered":"12, RBS vs SVM"},"content":{"rendered":"<div class=\"mw-parser-output\">\n<h3><span class=\"mw-headline\" id=\"Fakten\">Fakten<\/span><a href=\"\/index.php?title=23._Runde,_Saison_2011\/12,_RBS_vs_SVM&amp;action=edit&amp;section=1\" title=\"Abschnitt bearbeiten: Fakten\">Bearbeiten<\/a><span class=\"mw-editsection-bracket\">]<\/span><\/span><\/h3>\n<p><b>Bundesliga &#8211; 23. Spieltag: 3. M\u00e4rz 2011, 18.30 Uhr<\/b><br \/>\n\n<\/p>\n<table class=\"wikitable\">\n<caption><b><big>FC Red Bull Salzburg gegen SV Mattersburg, 0:1<\/big><\/b><br \/>\n<\/caption>\n<tbody>\n<tr>\n<td>Aufstellung:<\/td>\n<td><a href=\"\/Alexander_Walke\" title=\"Alexander Walke\">Alexander Walke<\/a>\n<\/td>\n<\/tr>\n<tr>\n<td><\/td>\n<td><a href=\"\/Franz_Schiemer\" title=\"Franz Schiemer\">Franz Schiemer<\/a>, <a href=\"\/Douglas\" class=\"mw-redirect\" title=\"Douglas\">Douglas<\/a>, <a href=\"\/Martin_Hinteregger\" title=\"Martin Hinteregger\">Martin Hinteregger<\/a>, <a href=\"\/Andreas_Ulmer\" title=\"Andreas Ulmer\">Andreas Ulmer<\/a>\n<\/td>\n<\/tr>\n<tr>\n<td><\/td>\n<td><a href=\"\/Jakob_Jantscher\" title=\"Jakob Jantscher\">Jakob Jantscher<\/a>, <a href=\"\/Rasmus_Lindgren\" title=\"Rasmus Lindgren\">Rasmus Lindgren<\/a>, <a href=\"\/Dusan_Svento\" class=\"mw-redirect\" title=\"Dusan Svento\">Dusan Svento<\/a>, <a href=\"\/Leonardo\" title=\"Leonardo\">Leonardo<\/a>, <a href=\"\/Jonathan_Soriano\" class=\"mw-redirect\" title=\"Jonathan Soriano\">Jonathan Soriano<\/a>\n<\/td>\n<\/tr>\n<tr>\n<td><\/td>\n<td><a href=\"\/Stefan_Maierhofer\" title=\"Stefan Maierhofer\">Stefan Maierhofer<\/a>\n<\/td>\n<\/tr>\n<tr>\n<td>Wechsel:<\/td>\n<td><a href=\"\/David_Mendes\" title=\"David Mendes\">David Mendes<\/a> f\u00fcr Douglas (45.), <a href=\"\/Georg_Teigl\" title=\"Georg Teigl\">Georg Teigl<\/a> f\u00fcr Maierhofer (67.), <a href=\"\/Cristiano\" class=\"mw-redirect\" title=\"Cristiano\">Cristiano<\/a> f\u00fcr Ulmer (72.)\n<\/td>\n<\/tr>\n<tr>\n<td>Endstand:<\/td>\n<td>0:1 (0:1)\n<\/td>\n<\/tr>\n<tr>\n<td>Torsch\u00fctzen:<\/td>\n<td>Naumoski (8.)\n<\/td>\n<\/tr>\n<tr>\n<td>Gelbe Karten:<\/td>\n<td>Lindgren (63.), Mendes (89.), Christiano (92.); Ilsanker (25.), Mravac (82.), M\u00f6rz (93.)\n<\/td>\n<\/tr>\n<tr>\n<td>Gelb-rote Karten:<\/td>\n<td>Ilsanker (75.)\n<\/td>\n<\/tr>\n<tr>\n<td>Rote Karten:<\/td>\n<td>\n<\/td>\n<\/tr>\n<tr>\n<td>Schiedsrichter:<\/td>\n<td>Alexander Harkam\n<\/td>\n<\/tr>\n<tr>\n<td>Stadion:<\/td>\n<td>Red Bull Arena, Salzburg\n<\/td>\n<\/tr>\n<tr>\n<td>Zuschauer:<\/td>\n<td>\n<\/td>\n<\/tr>\n<\/tbody>\n<\/table>\n<h2><span class=\"mw-headline\" id=\"Weblinks\">Weblinks<\/span><a href=\"\/index.php?title=23._Runde,_Saison_2011\/12,_RBS_vs_SVM&amp;action=edit&amp;section=2\" title=\"Abschnitt bearbeiten: Weblinks\">Bearbeiten<\/a><span class=\"mw-editsection-bracket\">]<\/span><\/span><\/h2>\n<ul>\n<li><a rel=\"nofollow\" class=\"external text\" href=\"http:\/\/tvthek.orf.at\/programs\/70019-Salzburg-heute\/episodes\/3676235-Salzburg-heute\/3679555-Fussball-Nachlese--RB-Mattersburg%7C\">Bericht auf Salzburg heute<\/a><\/li>\n<li><a rel=\"nofollow\" class=\"external text\" href=\"http:\/\/www.salzburg12.at\/?p=4560\">Spielbericht salzburg12.at<\/a><\/li>\n<li><a rel=\"nofollow\" class=\"external text\" href=\"http:\/\/www.redbullsfan.tv\/video\/page\/view=1019\">Video auf redbullsfan.tv<\/a><\/li>\n<li><a rel=\"nofollow\" class=\"external text\" href=\"http:\/\/www.redbullsfan.tv\/specials\/demolux\/spielanalyse-23runde-%7C-demolux\/page\/view=1025\">Spielanalyse Demolux<\/a><\/li>\n<\/ul>\n<h2><span class=\"mw-headline\" id=\"Bilder\">Bilder<\/span><a href=\"\/index.php?title=23._Runde,_Saison_2011\/12,_RBS_vs_SVM&amp;action=edit&amp;section=3\" title=\"Abschnitt bearbeiten: Bilder\">Bearbeiten<\/a><span class=\"mw-editsection-bracket\">]<\/span><\/span><\/h2>\n<p><a rel=\"nofollow\" class=\"external text\" href=\"http:\/\/www.facebook.com\/media\/set\/?set=a.10150573007535563.372445.15871855562&amp;type=1\">Bilder im facebook-Album<\/a>\n<\/p>\n<\/div>\n","protected":false},"excerpt":{"rendered":"<p>FaktenBearbeiten] Bundesliga &#8211; 23. Spieltag: 3. M\u00e4rz 2011, 18.30 Uhr FC Red Bull Salzburg gegen SV Mattersburg, 0:1 Aufstellung: Alexander Walke Franz Schiemer, Douglas, Martin Hinteregger, Andreas Ulmer Jakob Jantscher, Rasmus Lindgren, Dusan Svento, Leonardo, Jonathan Soriano Stefan Maierhofer Wechsel: David Mendes f\u00fcr Douglas (45.), Georg Teigl f\u00fcr Maierhofer (67.), Cristiano f\u00fcr Ulmer (72.) Endstand: [&hellip;]<\/p>\n","protected":false},"author":1,"featured_media":0,"comment_status":"open","ping_status":"open","sticky":false,"template":"","format":"standard","meta":{"footnotes":""},"categories":[1092],"tags":[],"class_list":["post-1388","post","type-post","status-publish","format-standard","hentry","category-23-runde-saison-2011"],"_links":{"self":[{"href":"https:\/\/wiki.s12.at\/index.php\/wp-json\/wp\/v2\/posts\/1388","targetHints":{"allow":["GET"]}}],"collection":[{"href":"https:\/\/wiki.s12.at\/index.php\/wp-json\/wp\/v2\/posts"}],"about":[{"href":"https:\/\/wiki.s12.at\/index.php\/wp-json\/wp\/v2\/types\/post"}],"author":[{"embeddable":true,"href":"https:\/\/wiki.s12.at\/index.php\/wp-json\/wp\/v2\/users\/1"}],"replies":[{"embeddable":true,"href":"https:\/\/wiki.s12.at\/index.php\/wp-json\/wp\/v2\/comments?post=1388"}],"version-history":[{"count":0,"href":"https:\/\/wiki.s12.at\/index.php\/wp-json\/wp\/v2\/posts\/1388\/revisions"}],"wp:attachment":[{"href":"https:\/\/wiki.s12.at\/index.php\/wp-json\/wp\/v2\/media?parent=1388"}],"wp:term":[{"taxonomy":"category","embeddable":true,"href":"https:\/\/wiki.s12.at\/index.php\/wp-json\/wp\/v2\/categories?post=1388"},{"taxonomy":"post_tag","embeddable":true,"href":"https:\/\/wiki.s12.at\/index.php\/wp-json\/wp\/v2\/tags?post=1388"}],"curies":[{"name":"wp","href":"https:\/\/api.w.org\/{rel}","templated":true}]}}