{"id":1383,"date":"2026-05-06T13:47:23","date_gmt":"2026-05-06T11:47:23","guid":{"rendered":"https:\/\/wiki.s12.at\/index.php\/2026\/05\/06\/23-runde-saison-2006-07-fcp-vs-rbs\/"},"modified":"2026-05-06T13:47:23","modified_gmt":"2026-05-06T11:47:23","slug":"23-runde-saison-2006-07-fcp-vs-rbs","status":"publish","type":"post","link":"https:\/\/wiki.s12.at\/index.php\/2026\/05\/06\/23-runde-saison-2006-07-fcp-vs-rbs\/","title":{"rendered":"07, FCP vs. RBS"},"content":{"rendered":"<div class=\"mw-parser-output\">\n<h3><span class=\"mw-headline\" id=\"Fakten\">Fakten<\/span><a href=\"\/index.php?title=23._Runde,_Saison_2006\/07,_FCP_vs._RBS&amp;action=edit&amp;section=1\" title=\"Abschnitt bearbeiten: Fakten\">Bearbeiten<\/a><span class=\"mw-editsection-bracket\">]<\/span><\/span><\/h3>\n<p><b>Bundesliga &#8211; 23. Spieltag: 3. M\u00e4rz 2007, 18.30 Uhr<\/b><br \/>\n\n<\/p>\n<table class=\"wikitable\">\n<caption><b> <big>  FC Pasching gegen FC Red Bull Salzburg, 0:1<\/big><\/b><br \/>\n<\/caption>\n<tbody>\n<tr>\n<td>Aufstellung:<\/td>\n<td><a href=\"\/Timo_Ochs\" title=\"Timo Ochs\">Timo Ochs<\/a>, <a href=\"\/Remo_Meyer\" class=\"mw-redirect\" title=\"Remo Meyer\">Remo Meyer<\/a>, <a href=\"\/Jorge_Vargas\" title=\"Jorge Vargas\">Jorge Vargas<\/a>, <a href=\"\/Alex\" class=\"mw-redirect\" title=\"Alex\">Alex<\/a>, <a href=\"\/Milan_Dudi%C4%87\" title=\"Milan Dudi\u0107\">Milan Dudi\u0107<\/a>, <a href=\"\/Niko_Kovac\" class=\"mw-redirect\" title=\"Niko Kovac\">Niko Kovac<\/a> <a href=\"\/Ezequiel_Carboni\" class=\"mw-redirect\" title=\"Ezequiel Carboni\">Ezequiel Carboni<\/a>, <a href=\"\/Karel_Pitak\" class=\"mw-redirect\" title=\"Karel Pitak\">Karel Pitak<\/a>, <a href=\"\/Rene_Aufhauser\" class=\"mw-redirect\" title=\"Rene Aufhauser\">Rene Aufhauser<\/a>, <a href=\"\/Johan_Vonlanthen\" title=\"Johan Vonlanthen\">Johan Vonlanthen<\/a>, <a href=\"\/Alexander_Zickler\" title=\"Alexander Zickler\">Alexander Zickler<\/a>\n<\/td>\n<\/tr>\n<tr>\n<td>Wechsel:<\/td>\n<td><a href=\"\/Markus_Steinh%C3%B6fer\" title=\"Markus Steinh\u00f6fer\">Markus Steinh\u00f6fer<\/a> f\u00fcr Dudic (86.), <a href=\"\/Vratislav_Lokvenc\" title=\"Vratislav Lokvenc\">Vratislav Lokvenc<\/a> f\u00fcr Zickler (87.)\n<\/td>\n<\/tr>\n<tr>\n<td>Endstand:<\/td>\n<td>0:1 (0:0)\n<\/td>\n<\/tr>\n<tr>\n<td>Torsch\u00fctzen:<\/td>\n<td>Zickler (60.)\n<\/td>\n<\/tr>\n<tr>\n<td>Gelbe Karten:<\/td>\n<td>Mayrleb (56.),  Baur (70.), Dospl (70.); Dudic (12.), Kovac (76.)\n<\/td>\n<\/tr>\n<tr>\n<td>Gelb-rote Karten:<\/td>\n<td>Mayrleb (77.)\n<\/td>\n<\/tr>\n<tr>\n<td>Rote Karten:<\/td>\n<td>\n<\/td>\n<\/tr>\n<tr>\n<td>Schiedsrichter:<\/td>\n<td>Manfred Krassnitzer\n<\/td>\n<\/tr>\n<tr>\n<td>Stadion:<\/td>\n<td>Waldstadion, Pasching\n<\/td>\n<\/tr>\n<tr>\n<td>Zuschauer:<\/td>\n<td>4 852\n<\/td>\n<\/tr>\n<\/tbody>\n<\/table>\n<\/div>\n","protected":false},"excerpt":{"rendered":"<p>FaktenBearbeiten] Bundesliga &#8211; 23. Spieltag: 3. M\u00e4rz 2007, 18.30 Uhr FC Pasching gegen FC Red Bull Salzburg, 0:1 Aufstellung: Timo Ochs, Remo Meyer, Jorge Vargas, Alex, Milan Dudi\u0107, Niko Kovac Ezequiel Carboni, Karel Pitak, Rene Aufhauser, Johan Vonlanthen, Alexander Zickler Wechsel: Markus Steinh\u00f6fer f\u00fcr Dudic (86.), Vratislav Lokvenc f\u00fcr Zickler (87.) Endstand: 0:1 (0:0) Torsch\u00fctzen: [&hellip;]<\/p>\n","protected":false},"author":1,"featured_media":0,"comment_status":"open","ping_status":"open","sticky":false,"template":"","format":"standard","meta":{"footnotes":""},"categories":[1087],"tags":[],"class_list":["post-1383","post","type-post","status-publish","format-standard","hentry","category-23-runde-saison-2006"],"_links":{"self":[{"href":"https:\/\/wiki.s12.at\/index.php\/wp-json\/wp\/v2\/posts\/1383","targetHints":{"allow":["GET"]}}],"collection":[{"href":"https:\/\/wiki.s12.at\/index.php\/wp-json\/wp\/v2\/posts"}],"about":[{"href":"https:\/\/wiki.s12.at\/index.php\/wp-json\/wp\/v2\/types\/post"}],"author":[{"embeddable":true,"href":"https:\/\/wiki.s12.at\/index.php\/wp-json\/wp\/v2\/users\/1"}],"replies":[{"embeddable":true,"href":"https:\/\/wiki.s12.at\/index.php\/wp-json\/wp\/v2\/comments?post=1383"}],"version-history":[{"count":0,"href":"https:\/\/wiki.s12.at\/index.php\/wp-json\/wp\/v2\/posts\/1383\/revisions"}],"wp:attachment":[{"href":"https:\/\/wiki.s12.at\/index.php\/wp-json\/wp\/v2\/media?parent=1383"}],"wp:term":[{"taxonomy":"category","embeddable":true,"href":"https:\/\/wiki.s12.at\/index.php\/wp-json\/wp\/v2\/categories?post=1383"},{"taxonomy":"post_tag","embeddable":true,"href":"https:\/\/wiki.s12.at\/index.php\/wp-json\/wp\/v2\/tags?post=1383"}],"curies":[{"name":"wp","href":"https:\/\/api.w.org\/{rel}","templated":true}]}}