{"id":1348,"date":"2026-05-06T13:46:36","date_gmt":"2026-05-06T11:46:36","guid":{"rendered":"https:\/\/wiki.s12.at\/index.php\/2026\/05\/06\/23-runde-saison-2025-26-fc-red-bull-salzburg-gegen-sk-rapid-wien\/"},"modified":"2026-05-06T13:46:36","modified_gmt":"2026-05-06T11:46:36","slug":"23-runde-saison-2025-26-fc-red-bull-salzburg-gegen-sk-rapid-wien","status":"publish","type":"post","link":"https:\/\/wiki.s12.at\/index.php\/2026\/05\/06\/23-runde-saison-2025-26-fc-red-bull-salzburg-gegen-sk-rapid-wien\/","title":{"rendered":"26, FC Red Bull Salzburg gegen SK Rapid Wien"},"content":{"rendered":"<div class=\"mw-parser-output\">\n<table class=\"toptextcells toccolours\">\n<tbody>\n<tr>\n<th colspan=\"2\" style=\"text-align: center; vertical-align: top; padding: 0.3em 0.8em; font-size: 125%; background-color: lightsteelblue;\">FC Red Bull Salzburg gegen SK Rapid Wien, 0:1\n<\/th>\n<\/tr>\n<tr>\n<th style=\"text-align:left;\"><b>Spieltag<\/b>\n<\/th>\n<th style=\"text-align:left;\">Bundesliga &#8211; 23. Runde\n<\/th>\n<\/tr>\n<tr>\n<th style=\"text-align:left;\"><b>Datum<\/b>\n<\/th>\n<th style=\"text-align:left;\">15. M\u00e4rz 2026\n<\/th>\n<\/tr>\n<tr>\n<th style=\"text-align:left;\"><b>Anpfiff<\/b>\n<\/th>\n<th style=\"text-align:left;\">14:30 Uhr\n<\/th>\n<\/tr>\n<tr>\n<td colspan=\"2\" style=\"text-align:center;\" bgcolor=\"lightgray\"><b>Aufstellung<\/b>\n<\/td>\n<\/tr>\n<tr>\n<th style=\"text-align:left;\"><b>Tor<\/b>\n<\/th>\n<th><a href=\"\/Alexander_Schlager\" title=\"Alexander Schlager\">Alexander Schlager<\/a>\n<\/th>\n<\/tr>\n<tr>\n<th style=\"text-align:left;\"><b>Verteidigung<\/b>\n<\/th>\n<th><a href=\"\/Tim_Drexler\" title=\"Tim Drexler\">Tim Drexler<\/a> &#8211;  <a href=\"\/Joane_Gadou\" title=\"Joane Gadou\">Joane Gadou<\/a> &#8211;  <a href=\"\/Jannik_Schuster\" title=\"Jannik Schuster\">Jannik Schuster<\/a>&#8211; <a href=\"\/Frans_Kr%C3%A4tzig\" title=\"Frans Kr\u00e4tzig\">Frans Kr\u00e4tzig<\/a>\n<\/th>\n<\/tr>\n<tr>\n<th style=\"text-align:left;\"><b>Mittelfeld<\/b>\n<\/th>\n<th><a href=\"\/Mads_Bidstrup\" title=\"Mads Bidstrup\">Mads Bidstrup<\/a>  &#8211;  <a href=\"\/Soumaila_Diabate\" title=\"Soumaila Diabate\">Soumaila Diabate<\/a> &#8211;  <a href=\"\/Oliver_Lukic\" title=\"Oliver Lukic\">Oliver Lukic<\/a>\n<\/th>\n<\/tr>\n<tr>\n<th style=\"text-align:left;\"><b>Sturm<\/b>\n<\/th>\n<th><a href=\"\/Damir_Redzic\" title=\"Damir Redzic\">Damir Redzic<\/a> &#8211; <a href=\"\/Karim_Konate\" title=\"Karim Konate\">Karim Konate<\/a>  &#8211;<a href=\"\/Kerim_Alajbegovic\" title=\"Kerim Alajbegovic\">Kerim Alajbegovic<\/a>\n<\/th>\n<\/tr>\n<tr>\n<td colspan=\"2\" style=\"text-align:center;\" bgcolor=\"lightgray\"><b>Wechsel<\/b>\n<\/td>\n<\/tr>\n<tr>\n<th style=\"text-align:left;\"><b>Wechsel<\/b>\n<\/th>\n<th style=\"text-align:left;\"><a href=\"\/Yorbe_Vertessen\" title=\"Yorbe Vertessen\">Yorbe Vertessen<\/a> f\u00fcr Redciz (62.), <a href=\"\/Clement_Bischoff\" title=\"Clement Bischoff\">Clement Bischoff<\/a> f\u00fcr Alajbegovic (62.), <a href=\"\/Tim_Trummer\" title=\"Tim Trummer\">Tim Trummer <\/a> <br \/>f\u00fcr Lukic (70.), <a href=\"\/Aleksa_Terzic\" title=\"Aleksa Terzic\">Aleksa Terzic<\/a> f\u00fcr Diabate (83.), <a href=\"\/Karim_Onisiwo\" title=\"Karim Onisiwo\">Karim Onisiwo<\/a> f\u00fcr Konate (83.)\n<\/th>\n<\/tr>\n<tr>\n<td colspan=\"2\" style=\"text-align:center;\" bgcolor=\"lightgray\"><b>Statistik<\/b>\n<\/td>\n<\/tr>\n<tr>\n<th style=\"text-align:left;\"><b>Endstand<\/b>\n<\/th>\n<th style=\"text-align:left;\">0:1 (0:0)\n<\/th>\n<\/tr>\n<tr>\n<th style=\"text-align:left;\"><b>Torsch\u00fctzen<\/b>\n<\/th>\n<th style=\"text-align:left;\">Seidl (69.)\n<\/th>\n<\/tr>\n<tr>\n<th style=\"text-align:left;\"><b>Gelbe Karten<\/b>\n<\/th>\n<th style=\"text-align:left;\">Vertessen (76.); Horn (19.), Grgic (22.), Cvetkovic (76.), Amane (79.)\n<\/th>\n<\/tr>\n<tr>\n<th style=\"text-align:left;\"><b>Rote Karten<\/b>\n<\/th>\n<th style=\"text-align:left;\">Gadou (68.)\n<\/th>\n<\/tr>\n<tr>\n<th style=\"text-align:left;\"><b>Schiedsrichter<\/b>\n<\/th>\n<th style=\"text-align:left;\">Markus Hameter\n<\/th>\n<\/tr>\n<tr>\n<th style=\"text-align:left;\"><b>Stadion<\/b>\n<\/th>\n<th style=\"text-align:left;\">EM-Stadion Wals- Siezenheim, Salzburg\n<\/th>\n<\/tr>\n<tr>\n<th style=\"text-align:left;\"><b>Zuschauer<\/b>\n<\/th>\n<th style=\"text-align:left;\">9.957\n<\/th>\n<\/tr>\n<\/tbody>\n<\/table>\n<h2><span class=\"mw-headline\" id=\"Spielbericht\">Spielbericht<\/span><a href=\"\/index.php?title=23.Runde,_Saison_2025\/26,_FC_Red_Bull_Salzburg_gegen_SK_Rapid_Wien&amp;action=edit&amp;section=1\" title=\"Abschnitt bearbeiten: Spielbericht\">Bearbeiten<\/a><span class=\"mw-editsection-bracket\">]<\/span><\/span><\/h2>\n<p><a rel=\"nofollow\" class=\"external text\" href=\"https:\/\/www.redbullsalzburg.at\/de\/2025-2026\/spielplan\/bundesliga-26-runde-23-fc-red-bull-salzburg-vs-sk-rapid-wien\">Spielbericht Vereinshomepage<\/a>\n<\/p>\n<h2><span class=\"mw-headline\" id=\"Stimmen_zum_Spiel\">Stimmen zum Spiel<\/span><a href=\"\/index.php?title=23.Runde,_Saison_2025\/26,_FC_Red_Bull_Salzburg_gegen_SK_Rapid_Wien&amp;action=edit&amp;section=2\" title=\"Abschnitt bearbeiten: Stimmen zum Spiel\">Bearbeiten<\/a><span class=\"mw-editsection-bracket\">]<\/span><\/span><\/h2>\n<p><b>Daniel Beichler:<\/b>  Wie es am Ende zustande kommt \u2013 Rote Karte, abgef\u00e4lschter Freisto\u00df und hinten raus die gro\u00dfe Chance \u2013 das passt im Moment zu unserer Situation, aber ich bin auch nicht zufrieden mit der Leistung der Jungs. Die gew\u00fcnschte Dominanz und \u00dcberlegenheit haben wir \u00fcberhaupt nicht ausgestrahlt. Dominant und \u00fcberlegen k\u00f6nnen wir auch nur dann sein, wenn wir in den vermeintlichen Basics richtig gut sind. In den letzten Wochen waren es andere Gr\u00fcnde, warum es nicht geklappt hat, aber heute waren wir da einfach nicht gut genug. Letzte Woche war es von der Leistung her wesentlich besser.\n<\/p>\n<p><b>Jannik Schuster:<\/b> Wir wollten viel zu viel Klein-Klein spielen, sie haben auf jeden Ball, den wir ins Zentrum gespielt haben, nur gewartet \u2013 dann funktioniert es halt nicht. Wir sind etwas ratlos, es ist eine schwierige Phase f\u00fcr uns. Nat\u00fcrlich ist es verst\u00e4ndlich, dass die Fans gefrustet sind. Sie wollen Erfolge und Tore sehen, wenn sie ins Stadion kommen \u2013 das k\u00f6nnen wir ihnen zurzeit nicht bieten.\n<\/p>\n<\/div>\n","protected":false},"excerpt":{"rendered":"<p>FC Red Bull Salzburg gegen SK Rapid Wien, 0:1 Spieltag Bundesliga &#8211; 23. Runde Datum 15. M\u00e4rz 2026 Anpfiff 14:30 Uhr Aufstellung Tor Alexander Schlager Verteidigung Tim Drexler &#8211; Joane Gadou &#8211; Jannik Schuster&#8211; Frans Kr\u00e4tzig Mittelfeld Mads Bidstrup &#8211; Soumaila Diabate &#8211; Oliver Lukic Sturm Damir Redzic &#8211; Karim Konate &#8211;Kerim Alajbegovic Wechsel Wechsel [&hellip;]<\/p>\n","protected":false},"author":1,"featured_media":0,"comment_status":"open","ping_status":"open","sticky":false,"template":"","format":"standard","meta":{"footnotes":""},"categories":[1054],"tags":[],"class_list":["post-1348","post","type-post","status-publish","format-standard","hentry","category-23-runde-saison-2025"],"_links":{"self":[{"href":"https:\/\/wiki.s12.at\/index.php\/wp-json\/wp\/v2\/posts\/1348","targetHints":{"allow":["GET"]}}],"collection":[{"href":"https:\/\/wiki.s12.at\/index.php\/wp-json\/wp\/v2\/posts"}],"about":[{"href":"https:\/\/wiki.s12.at\/index.php\/wp-json\/wp\/v2\/types\/post"}],"author":[{"embeddable":true,"href":"https:\/\/wiki.s12.at\/index.php\/wp-json\/wp\/v2\/users\/1"}],"replies":[{"embeddable":true,"href":"https:\/\/wiki.s12.at\/index.php\/wp-json\/wp\/v2\/comments?post=1348"}],"version-history":[{"count":0,"href":"https:\/\/wiki.s12.at\/index.php\/wp-json\/wp\/v2\/posts\/1348\/revisions"}],"wp:attachment":[{"href":"https:\/\/wiki.s12.at\/index.php\/wp-json\/wp\/v2\/media?parent=1348"}],"wp:term":[{"taxonomy":"category","embeddable":true,"href":"https:\/\/wiki.s12.at\/index.php\/wp-json\/wp\/v2\/categories?post=1348"},{"taxonomy":"post_tag","embeddable":true,"href":"https:\/\/wiki.s12.at\/index.php\/wp-json\/wp\/v2\/tags?post=1348"}],"curies":[{"name":"wp","href":"https:\/\/api.w.org\/{rel}","templated":true}]}}