{"id":1347,"date":"2026-05-06T13:46:36","date_gmt":"2026-05-06T11:46:36","guid":{"rendered":"https:\/\/wiki.s12.at\/index.php\/2026\/05\/06\/23-runde-saison-2024-25-sk-rapid-wien-gegen-fc-red-bull-salzburg\/"},"modified":"2026-05-06T13:46:36","modified_gmt":"2026-05-06T11:46:36","slug":"23-runde-saison-2024-25-sk-rapid-wien-gegen-fc-red-bull-salzburg","status":"publish","type":"post","link":"https:\/\/wiki.s12.at\/index.php\/2026\/05\/06\/23-runde-saison-2024-25-sk-rapid-wien-gegen-fc-red-bull-salzburg\/","title":{"rendered":"25, SK Rapid Wien gegen FC Red Bull Salzburg"},"content":{"rendered":"<div class=\"mw-parser-output\">\n<table class=\"toptextcells toccolours\">\n<tbody>\n<tr>\n<th colspan=\"2\" style=\"text-align: center; vertical-align: top; padding: 0.3em 0.8em; font-size: 125%; background-color: lightsteelblue;\">SK Rapid Wien  gegen FC Red Bull Salzburg, 0:2\n<\/th>\n<\/tr>\n<tr>\n<th style=\"text-align:left;\"><b>Spieltag<\/b>\n<\/th>\n<th style=\"text-align:left;\">Bundesliga-23.Runde\n<\/th>\n<\/tr>\n<tr>\n<th style=\"text-align:left;\"><b>Datum<\/b>\n<\/th>\n<th style=\"text-align:left;\">30. M\u00e4rz 2025\n<\/th>\n<\/tr>\n<tr>\n<th style=\"text-align:left;\"><b>Anpfiff<\/b>\n<\/th>\n<th style=\"text-align:left;\">17 Uhr\n<\/th>\n<\/tr>\n<tr>\n<td colspan=\"2\" style=\"text-align:center;\" bgcolor=\"lightgray\"><b>Aufstellung<\/b>\n<\/td>\n<\/tr>\n<tr>\n<th style=\"text-align:left;\"><b>Tor<\/b>\n<\/th>\n<th><a href=\"\/Alexander_Schlager\" title=\"Alexander Schlager\">Alexander Schlager<\/a>\n<\/th>\n<\/tr>\n<tr>\n<th style=\"text-align:left;\"><b>Verteidigung<\/b>\n<\/th>\n<th><a href=\"\/Leandro_Morgalla\" title=\"Leandro Morgalla\">Leandro Morgalla<\/a> &#8211; <a href=\"\/Joane_Gadou\" title=\"Joane Gadou\">Joane Gadou<\/a>  &#8211;<a href=\"\/Samson_Baidoo\" title=\"Samson Baidoo\">Samson Baidoo<\/a>  &#8211;  <a href=\"\/Aleksa_Terzic\" title=\"Aleksa Terzic\">Aleksa Terzic<\/a>\n<\/th>\n<\/tr>\n<tr>\n<th style=\"text-align:left;\"><b>Mittelfeld<\/b>\n<\/th>\n<th><a href=\"\/Nicolas_Capaldo\" title=\"Nicolas Capaldo\">Nicolas Capaldo<\/a>&#8211; <a href=\"\/Dorgeles_Nene\" class=\"mw-redirect\" title=\"Dorgeles Nene\">Dorgeles Nene<\/a>&#8211;  <a href=\"\/Mads_Bidstrup\" title=\"Mads Bidstrup\">Mads Bidstrup<\/a> &#8211;  <a href=\"\/Moussa_Yeo\" class=\"mw-redirect\" title=\"Moussa Yeo\">Moussa Yeo<\/a>\n<\/th>\n<\/tr>\n<tr>\n<th style=\"text-align:left;\"><b>Sturm<\/b>\n<\/th>\n<th><a href=\"\/Yorbe_Vertessen\" title=\"Yorbe Vertessen\">Yorbe Vertessen<\/a>  &#8211; <a href=\"\/Karim_Onisiwo\" title=\"Karim Onisiwo\">Karim Onisiwo<\/a>\n<\/th>\n<\/tr>\n<tr>\n<td colspan=\"2\" style=\"text-align:center;\" bgcolor=\"lightgray\"><b>Wechsel<\/b>\n<\/td>\n<\/tr>\n<tr>\n<th style=\"text-align:left;\"><b>Wechsel<\/b>\n<\/th>\n<th style=\"text-align:left;\"><a href=\"\/Mamady_Diambou\" title=\"Mamady Diambou\">Mamady Diambou<\/a> f\u00fcr Vertessen (85.), <a href=\"\/Edmund_Baidoo\" title=\"Edmund Baidoo\">Edmund Baidoo<\/a> f\u00fcr Yeo (91.), <a href=\"\/Petar_Ratkov\" title=\"Petar Ratkov\">Petar Ratkov<\/a> f\u00fcr Onisiwo (91.), <br \/> <a href=\"\/Daouda_Guindo\" title=\"Daouda Guindo\">Daouda Guindo<\/a> f\u00fcr Nene (96.)\n<\/th>\n<\/tr>\n<tr>\n<td colspan=\"2\" style=\"text-align:center;\" bgcolor=\"lightgray\"><b>Statistik<\/b>\n<\/td>\n<\/tr>\n<tr>\n<th style=\"text-align:left;\"><b>Endstand<\/b>\n<\/th>\n<th style=\"text-align:left;\">0:2 (0:1)\n<\/th>\n<\/tr>\n<tr>\n<th style=\"text-align:left;\"><b>Torsch\u00fctzen<\/b>\n<\/th>\n<th style=\"text-align:left;\">Vertessen (37., 48.)\n<\/th>\n<\/tr>\n<tr>\n<th style=\"text-align:left;\"><b>Gelbe Karten<\/b>\n<\/th>\n<th style=\"text-align:left;\">Grgic (33.), Auer  (80.), Cvetkovic  (89.), Kara  (89.); Yeo (11.), Capaldo (75.), S. Baidoo (89.)\n<\/th>\n<\/tr>\n<tr>\n<th style=\"text-align:left;\"><b>Rote Karten<\/b>\n<\/th>\n<th style=\"text-align:left;\">gelb-rot:Grgic (72.)\n<\/th>\n<\/tr>\n<tr>\n<th style=\"text-align:left;\"><b>Schiedsrichter<\/b>\n<\/th>\n<th style=\"text-align:left;\">Alexander Harkam\n<\/th>\n<\/tr>\n<tr>\n<th style=\"text-align:left;\"><b>Stadion<\/b>\n<\/th>\n<th style=\"text-align:left;\">Allianz Stadion, Wien\n<\/th>\n<\/tr>\n<tr>\n<th style=\"text-align:left;\"><b>Zuschauer<\/b>\n<\/th>\n<th style=\"text-align:left;\">11.680\n<\/th>\n<\/tr>\n<\/tbody>\n<\/table>\n<h2><span class=\"mw-headline\" id=\"Spielbericht\">Spielbericht<\/span><a href=\"\/index.php?title=23.Runde,_Saison_2024\/25,_SK_Rapid_Wien_gegen_FC_Red_Bull_Salzburg&amp;action=edit&amp;section=1\" title=\"Abschnitt bearbeiten: Spielbericht\">Bearbeiten<\/a><span class=\"mw-editsection-bracket\">]<\/span><\/span><\/h2>\n<p><a rel=\"nofollow\" class=\"external text\" href=\"https:\/\/www.redbullsalzburg.at\/de\/2024-2025\/spielplan\/bundesliga-runde-23-sk-rapid-wien-vs-fc-red-bull-salzburg#spielbericht\">Spielbericht Vereinshomepage<\/a>\n<\/p>\n<h2><span class=\"mw-headline\" id=\"Stimmen_zum_Spiel\">Stimmen zum Spiel<\/span><a href=\"\/index.php?title=23.Runde,_Saison_2024\/25,_SK_Rapid_Wien_gegen_FC_Red_Bull_Salzburg&amp;action=edit&amp;section=2\" title=\"Abschnitt bearbeiten: Stimmen zum Spiel\">Bearbeiten<\/a><span class=\"mw-editsection-bracket\">]<\/span><\/span><\/h2>\n<p><b>Thomas Letsch:<\/b> Es war insgesamt ein sehr gutes Spiel von uns. Wir haben das Match mit Ball \u00fcber 90 Minuten hinweg kontrolliert, in der ersten Halbzeit hatten wir nur einige Probleme gegen den Ball. Das haben wir modifiziert, die Burschen waren dann sch\u00e4rfer und konnten agieren statt reagieren \u2013 aber die Umschaltsituationen h\u00e4tten wir besser nutzen m\u00fcssen. Hier in H\u00fctteldorf einen Sieg zu feiern, kann schon ein Boost sein, das gibt uns Selbstbewusstsein!\n<\/p>\n<p><b>Mads Bidstrup:<\/b> Der Sieg war unglaublich wichtig! Wir haben vorher gesagt, dass wir zehn Finalspiele haben und das erste ist jetzt erfolgreich abgehakt. Wir haben heute gesehen, dass wir eine gute Truppe mit viel Qualit\u00e4t sind. Entscheidend war, dass wir eine gute, stabile Defensive hatten und dann vorne auch das zweite Tor nachlegen konnten. Jetzt geht\u2019s Schritt f\u00fcr Schritt weiter f\u00fcr uns.\n<\/p>\n<p><b>Yorbe Vertessen:<\/b> Der Schl\u00fcssel war eine gute Teamleistung. Am Anfang mussten wir nach L\u00f6sungen suchen, es war nicht so einfach. In der Halbzeit haben wir noch mal ausf\u00fchrlich dar\u00fcber gesprochen und es in den zweiten 45 Minuten deutlich besser hinbekommen. Das war ein wichtiger Sieg und ein guter Start!\n<\/p>\n<\/div>\n","protected":false},"excerpt":{"rendered":"<p>SK Rapid Wien gegen FC Red Bull Salzburg, 0:2 Spieltag Bundesliga-23.Runde Datum 30. M\u00e4rz 2025 Anpfiff 17 Uhr Aufstellung Tor Alexander Schlager Verteidigung Leandro Morgalla &#8211; Joane Gadou &#8211;Samson Baidoo &#8211; Aleksa Terzic Mittelfeld Nicolas Capaldo&#8211; Dorgeles Nene&#8211; Mads Bidstrup &#8211; Moussa Yeo Sturm Yorbe Vertessen &#8211; Karim Onisiwo Wechsel Wechsel Mamady Diambou f\u00fcr Vertessen [&hellip;]<\/p>\n","protected":false},"author":1,"featured_media":0,"comment_status":"open","ping_status":"open","sticky":false,"template":"","format":"standard","meta":{"footnotes":""},"categories":[1053],"tags":[],"class_list":["post-1347","post","type-post","status-publish","format-standard","hentry","category-23-runde-saison-2024"],"_links":{"self":[{"href":"https:\/\/wiki.s12.at\/index.php\/wp-json\/wp\/v2\/posts\/1347","targetHints":{"allow":["GET"]}}],"collection":[{"href":"https:\/\/wiki.s12.at\/index.php\/wp-json\/wp\/v2\/posts"}],"about":[{"href":"https:\/\/wiki.s12.at\/index.php\/wp-json\/wp\/v2\/types\/post"}],"author":[{"embeddable":true,"href":"https:\/\/wiki.s12.at\/index.php\/wp-json\/wp\/v2\/users\/1"}],"replies":[{"embeddable":true,"href":"https:\/\/wiki.s12.at\/index.php\/wp-json\/wp\/v2\/comments?post=1347"}],"version-history":[{"count":0,"href":"https:\/\/wiki.s12.at\/index.php\/wp-json\/wp\/v2\/posts\/1347\/revisions"}],"wp:attachment":[{"href":"https:\/\/wiki.s12.at\/index.php\/wp-json\/wp\/v2\/media?parent=1347"}],"wp:term":[{"taxonomy":"category","embeddable":true,"href":"https:\/\/wiki.s12.at\/index.php\/wp-json\/wp\/v2\/categories?post=1347"},{"taxonomy":"post_tag","embeddable":true,"href":"https:\/\/wiki.s12.at\/index.php\/wp-json\/wp\/v2\/tags?post=1347"}],"curies":[{"name":"wp","href":"https:\/\/api.w.org\/{rel}","templated":true}]}}