{"id":1344,"date":"2026-05-06T13:46:33","date_gmt":"2026-05-06T11:46:33","guid":{"rendered":"https:\/\/wiki.s12.at\/index.php\/2026\/05\/06\/22-runde-bundesliga-saison-1998-99-sturm-graz-austria-salzburg\/"},"modified":"2026-05-06T13:46:33","modified_gmt":"2026-05-06T11:46:33","slug":"22-runde-bundesliga-saison-1998-99-sturm-graz-austria-salzburg","status":"publish","type":"post","link":"https:\/\/wiki.s12.at\/index.php\/2026\/05\/06\/22-runde-bundesliga-saison-1998-99-sturm-graz-austria-salzburg\/","title":{"rendered":"99, Sturm Graz &#8211; Austria Salzburg"},"content":{"rendered":"<div class=\"mw-parser-output\">\n<h3><span class=\"mw-headline\" id=\"Fakten\">Fakten<\/span><a href=\"\/index.php?title=22._Runde:_Bundesliga_Saison_1998\/99,_Sturm_Graz_-_Austria_Salzburg&amp;action=edit&amp;section=1\" title=\"Abschnitt bearbeiten: Fakten\">Bearbeiten<\/a><span class=\"mw-editsection-bracket\">]<\/span><\/span><\/h3>\n<p><b>Bundesliga &#8211; 22. Spieltag: 13. M\u00e4rz 1999, 17.15 Uhr<\/b><br \/>\n\n<\/p>\n<table class=\"wikitable\">\n<caption><b><big> SV Austria Salzburg gegen SK Sturm Graz, 3:1<\/big><\/b><br \/>\n<\/caption>\n<tbody>\n<tr>\n<td>Aufstellung:<\/td>\n<td><a href=\"\/Szabolcs_S%C3%A1f%C3%A1r\" title=\"Szabolcs S\u00e1f\u00e1r\">Szabolcs S\u00e1f\u00e1r<\/a>, <a href=\"\/Roman_Szewczyk\" title=\"Roman Szewczyk\">Roman Szewczyk<\/a>, <a href=\"\/Thomas_Winklhofer\" title=\"Thomas Winklhofer\">Thomas Winklhofer<\/a>, <a href=\"\/Heiko_Laessig\" title=\"Heiko Laessig\">Heiko Laessig<\/a>, <a href=\"\/Richard_Kitzbichler\" title=\"Richard Kitzbichler\">Richard Kitzbichler<\/a> , <a href=\"\/Peter_Lipcsei\" title=\"Peter Lipcsei\">Peter Lipcsei<\/a>, <a href=\"\/Adolf_H%C3%BCtter\" title=\"Adolf H\u00fctter\">Adolf H\u00fctter<\/a>, <a href=\"\/Amir_Bradaric\" title=\"Amir Bradaric\">Amir Bradaric<\/a> , <a href=\"\/Martin_Amerhauser\" title=\"Martin Amerhauser\">Martin Amerhauser<\/a>, <a href=\"\/Eduard_Glieder\" title=\"Eduard Glieder\">Eduard Glieder<\/a>, <a href=\"\/Samuel_Koejoe\" title=\"Samuel Koejoe\">Samuel Koejoe<\/a>\n<\/td>\n<\/tr>\n<tr>\n<td>Wechsel:<\/td>\n<td><a href=\"\/Robert_Ibertsberger\" title=\"Robert Ibertsberger\">Robert Ibertsberger<\/a> f\u00fcr Amerhauser (68.), <a href=\"\/Rene_Aufhauser\" class=\"mw-redirect\" title=\"Rene Aufhauser\">Rene Aufhauser<\/a> f\u00fcr Koejoe (75.), <a href=\"\/Heimo_Pfeifenberger\" title=\"Heimo Pfeifenberger\">Heimo Pfeifenberger<\/a> f\u00fcr Lipcsei (81.)\n<\/td>\n<\/tr>\n<tr>\n<td>Endstand:<\/td>\n<td>3:1 (1:0)\n<\/td>\n<\/tr>\n<tr>\n<td>Torsch\u00fctzen:<\/td>\n<td>Lipcsei (37., 50.), Glieder (87.); Haas (72.)\n<\/td>\n<\/tr>\n<tr>\n<td>Gelbe Karten:<\/td>\n<td>Winklhofer (11.), H\u00fctter (43.); Prilasnig (45.), Milanic (64.), Babalade (84.)\n<\/td>\n<\/tr>\n<tr>\n<td>Gelb-rote Karten:<\/td>\n<td>\n<\/td>\n<\/tr>\n<tr>\n<td>Rote Karten:<\/td>\n<td>\n<\/td>\n<\/tr>\n<tr>\n<td>Schiedsrichter:<\/td>\n<td>Konrad Plautz\n<\/td>\n<\/tr>\n<tr>\n<td>Stadion:<\/td>\n<td>Stadion Lehen, Salzburg\n<\/td>\n<\/tr>\n<tr>\n<td>Zuschauer:<\/td>\n<td>10 000\n<\/td>\n<\/tr>\n<\/tbody>\n<\/table>\n<\/div>\n","protected":false},"excerpt":{"rendered":"<p>FaktenBearbeiten] Bundesliga &#8211; 22. Spieltag: 13. M\u00e4rz 1999, 17.15 Uhr SV Austria Salzburg gegen SK Sturm Graz, 3:1 Aufstellung: Szabolcs S\u00e1f\u00e1r, Roman Szewczyk, Thomas Winklhofer, Heiko Laessig, Richard Kitzbichler , Peter Lipcsei, Adolf H\u00fctter, Amir Bradaric , Martin Amerhauser, Eduard Glieder, Samuel Koejoe Wechsel: Robert Ibertsberger f\u00fcr Amerhauser (68.), Rene Aufhauser f\u00fcr Koejoe (75.), Heimo [&hellip;]<\/p>\n","protected":false},"author":1,"featured_media":0,"comment_status":"open","ping_status":"open","sticky":false,"template":"","format":"standard","meta":{"footnotes":""},"categories":[1050],"tags":[],"class_list":["post-1344","post","type-post","status-publish","format-standard","hentry","category-22-runde-bundesliga-saison-1998"],"_links":{"self":[{"href":"https:\/\/wiki.s12.at\/index.php\/wp-json\/wp\/v2\/posts\/1344","targetHints":{"allow":["GET"]}}],"collection":[{"href":"https:\/\/wiki.s12.at\/index.php\/wp-json\/wp\/v2\/posts"}],"about":[{"href":"https:\/\/wiki.s12.at\/index.php\/wp-json\/wp\/v2\/types\/post"}],"author":[{"embeddable":true,"href":"https:\/\/wiki.s12.at\/index.php\/wp-json\/wp\/v2\/users\/1"}],"replies":[{"embeddable":true,"href":"https:\/\/wiki.s12.at\/index.php\/wp-json\/wp\/v2\/comments?post=1344"}],"version-history":[{"count":0,"href":"https:\/\/wiki.s12.at\/index.php\/wp-json\/wp\/v2\/posts\/1344\/revisions"}],"wp:attachment":[{"href":"https:\/\/wiki.s12.at\/index.php\/wp-json\/wp\/v2\/media?parent=1344"}],"wp:term":[{"taxonomy":"category","embeddable":true,"href":"https:\/\/wiki.s12.at\/index.php\/wp-json\/wp\/v2\/categories?post=1344"},{"taxonomy":"post_tag","embeddable":true,"href":"https:\/\/wiki.s12.at\/index.php\/wp-json\/wp\/v2\/tags?post=1344"}],"curies":[{"name":"wp","href":"https:\/\/api.w.org\/{rel}","templated":true}]}}