{"id":1343,"date":"2026-05-06T13:46:32","date_gmt":"2026-05-06T11:46:32","guid":{"rendered":"https:\/\/wiki.s12.at\/index.php\/2026\/05\/06\/22-runde-bundesliga-saison-1996-97-sv-ried-austria-salzburg\/"},"modified":"2026-05-06T13:46:32","modified_gmt":"2026-05-06T11:46:32","slug":"22-runde-bundesliga-saison-1996-97-sv-ried-austria-salzburg","status":"publish","type":"post","link":"https:\/\/wiki.s12.at\/index.php\/2026\/05\/06\/22-runde-bundesliga-saison-1996-97-sv-ried-austria-salzburg\/","title":{"rendered":"97, SV Ried &#8211; Austria Salzburg"},"content":{"rendered":"<div class=\"mw-parser-output\">\n<h3><span class=\"mw-headline\" id=\"Fakten\">Fakten<\/span><a href=\"\/index.php?title=22._Runde:_Bundesliga,_Saison_1996\/97,_SV_Ried_-_Austria_Salzburg&amp;action=edit&amp;section=1\" title=\"Abschnitt bearbeiten: Fakten\">Bearbeiten<\/a><span class=\"mw-editsection-bracket\">]<\/span><\/span><\/h3>\n<p><b>Bundesliga &#8211; 22. Spieltag: 15. M\u00e4rz 1997, 15.30  Uhr<\/b><br \/>\n\n<\/p>\n<table class=\"wikitable\">\n<caption><b> <big> SV Ried gegen SV Austria Salzburg, 0:0<\/big><\/b><br \/>\n<\/caption>\n<tbody>\n<tr>\n<td>Aufstellung:<\/td>\n<td><a href=\"\/Oleg_Suslov\" class=\"mw-redirect\" title=\"Oleg Suslov\">Oleg Suslov<\/a>\n<\/td>\n<\/tr>\n<tr>\n<td><\/td>\n<td><a href=\"\/Walter_Kogler\" title=\"Walter Kogler\">Walter Kogler<\/a>, <a href=\"\/Thomas_Winklhofer\" title=\"Thomas Winklhofer\">Thomas Winklhofer<\/a>, <a href=\"\/Roman_Szewczyk\" title=\"Roman Szewczyk\">Roman Szewczyk<\/a> <a href=\"\/Franz_Aigner\" title=\"Franz Aigner\">Franz Aigner<\/a>\n<\/td>\n<\/tr>\n<tr>\n<td><\/td>\n<td><a href=\"\/Walter_H%C3%B6rmann\" title=\"Walter H\u00f6rmann\">Walter H\u00f6rmann<\/a>, <a href=\"\/Tomislav_Kocijan\" title=\"Tomislav Kocijan\">Tomislav Kocijan<\/a>, <a href=\"\/Rene_Aufhauser\" class=\"mw-redirect\" title=\"Rene Aufhauser\">Rene Aufhauser<\/a>, <a href=\"\/Adolf_H%C3%BCtter\" title=\"Adolf H\u00fctter\">Adolf H\u00fctter<\/a>\n<\/td>\n<\/tr>\n<tr>\n<td><\/td>\n<td><a href=\"\/L%C3%A1szl%C3%B3_Klausz\" title=\"L\u00e1szl\u00f3 Klausz\">L\u00e1szl\u00f3 Klausz<\/a>, <a href=\"\/Eduard_Glieder\" title=\"Eduard Glieder\">Eduard Glieder<\/a>\n<\/td>\n<\/tr>\n<tr>\n<td>Wechsel:<\/td>\n<td><a href=\"\/Tibor_Jancula\" title=\"Tibor Jancula\">Tibor Jancula<\/a> f\u00fcr Glieder (65.), <a href=\"\/Robert_Ibertsberger\" title=\"Robert Ibertsberger\">Robert Ibertsberger<\/a> f\u00fcr Kogler (57.)<a href=\"\/Martin_Amerhauser\" title=\"Martin Amerhauser\">Martin Amerhauser<\/a> f\u00fcr Aufhauser (46.)\n<\/td>\n<\/tr>\n<tr>\n<td>Endstand:<\/td>\n<td>0:0\n<\/td>\n<\/tr>\n<tr>\n<td>Torsch\u00fctzen:<\/td>\n<td>\n<\/td>\n<\/tr>\n<tr>\n<td>Gelbe Karten:<\/td>\n<td>Hansen (19.),; Winklhofer (52.)\n<\/td>\n<\/tr>\n<tr>\n<td>Gelb-rote Karten:<\/td>\n<td>\n<\/td>\n<\/tr>\n<tr>\n<td>Rote Karten:<\/td>\n<td>\n<\/td>\n<\/tr>\n<tr>\n<td>Schiedsrichter:<\/td>\n<td>Fritz Stuchlik\n<\/td>\n<\/tr>\n<tr>\n<td>Stadion:<\/td>\n<td>Stadion der Stadt Ried\n<\/td>\n<\/tr>\n<tr>\n<td>Zuschauer:<\/td>\n<td>7 000\n<\/td>\n<\/tr>\n<\/tbody>\n<\/table>\n<\/div>\n","protected":false},"excerpt":{"rendered":"<p>FaktenBearbeiten] Bundesliga &#8211; 22. Spieltag: 15. M\u00e4rz 1997, 15.30 Uhr SV Ried gegen SV Austria Salzburg, 0:0 Aufstellung: Oleg Suslov Walter Kogler, Thomas Winklhofer, Roman Szewczyk Franz Aigner Walter H\u00f6rmann, Tomislav Kocijan, Rene Aufhauser, Adolf H\u00fctter L\u00e1szl\u00f3 Klausz, Eduard Glieder Wechsel: Tibor Jancula f\u00fcr Glieder (65.), Robert Ibertsberger f\u00fcr Kogler (57.)Martin Amerhauser f\u00fcr Aufhauser (46.) [&hellip;]<\/p>\n","protected":false},"author":1,"featured_media":0,"comment_status":"open","ping_status":"open","sticky":false,"template":"","format":"standard","meta":{"footnotes":""},"categories":[1049],"tags":[],"class_list":["post-1343","post","type-post","status-publish","format-standard","hentry","category-22-runde-bundesliga-saison-1996"],"_links":{"self":[{"href":"https:\/\/wiki.s12.at\/index.php\/wp-json\/wp\/v2\/posts\/1343","targetHints":{"allow":["GET"]}}],"collection":[{"href":"https:\/\/wiki.s12.at\/index.php\/wp-json\/wp\/v2\/posts"}],"about":[{"href":"https:\/\/wiki.s12.at\/index.php\/wp-json\/wp\/v2\/types\/post"}],"author":[{"embeddable":true,"href":"https:\/\/wiki.s12.at\/index.php\/wp-json\/wp\/v2\/users\/1"}],"replies":[{"embeddable":true,"href":"https:\/\/wiki.s12.at\/index.php\/wp-json\/wp\/v2\/comments?post=1343"}],"version-history":[{"count":0,"href":"https:\/\/wiki.s12.at\/index.php\/wp-json\/wp\/v2\/posts\/1343\/revisions"}],"wp:attachment":[{"href":"https:\/\/wiki.s12.at\/index.php\/wp-json\/wp\/v2\/media?parent=1343"}],"wp:term":[{"taxonomy":"category","embeddable":true,"href":"https:\/\/wiki.s12.at\/index.php\/wp-json\/wp\/v2\/categories?post=1343"},{"taxonomy":"post_tag","embeddable":true,"href":"https:\/\/wiki.s12.at\/index.php\/wp-json\/wp\/v2\/tags?post=1343"}],"curies":[{"name":"wp","href":"https:\/\/api.w.org\/{rel}","templated":true}]}}