{"id":1338,"date":"2026-05-06T13:46:29","date_gmt":"2026-05-06T11:46:29","guid":{"rendered":"https:\/\/wiki.s12.at\/index.php\/2026\/05\/06\/22-runde-saison-2024-25-sv-horn-gegen-fc-liefering\/"},"modified":"2026-05-06T13:46:29","modified_gmt":"2026-05-06T11:46:29","slug":"22-runde-saison-2024-25-sv-horn-gegen-fc-liefering","status":"publish","type":"post","link":"https:\/\/wiki.s12.at\/index.php\/2026\/05\/06\/22-runde-saison-2024-25-sv-horn-gegen-fc-liefering\/","title":{"rendered":"25, SV Horn gegen FC Liefering"},"content":{"rendered":"<div class=\"mw-parser-output\">\n<table class=\"toptextcells toccolours\">\n<tbody>\n<tr>\n<th colspan=\"2\" style=\"text-align: center; vertical-align: top; padding: 0.3em 0.8em; font-size: 125%; background-color: lightsteelblue;\">SV Horn  gegen FC Liefering , 0:1\n<\/th>\n<\/tr>\n<tr>\n<th style=\"text-align:left;\"><b>Spieltag<\/b>\n<\/th>\n<th style=\"text-align:left;\">2. Liga &#8211; 22. Runde\n<\/th>\n<\/tr>\n<tr>\n<th style=\"text-align:left;\"><b>Datum<\/b>\n<\/th>\n<th style=\"text-align:left;\">5. April 2025\n<\/th>\n<\/tr>\n<tr>\n<th style=\"text-align:left;\"><b>Anpfiff<\/b>\n<\/th>\n<th style=\"text-align:left;\">14:30 Uhr\n<\/th>\n<\/tr>\n<tr>\n<td colspan=\"2\" style=\"text-align:center;\" bgcolor=\"lightgray\"><b>Aufstellung<\/b>\n<\/td>\n<\/tr>\n<tr>\n<th style=\"text-align:left;\"><b>Tor<\/b>\n<\/th>\n<th><a href=\"\/Benjamin_Ozegovic\" title=\"Benjamin Ozegovic\">Benjamin Ozegovic<\/a>\n<\/th>\n<\/tr>\n<tr>\n<th style=\"text-align:left;\"><b>Verteidigung<\/b>\n<\/th>\n<th><a href=\"\/Kristjan_Bendra\" title=\"Kristjan Bendra\">Kristjan Bendra<\/a> &#8211; <a href=\"\/Marcel_Moswitzer\" title=\"Marcel Moswitzer\">Marcel Moswitzer<\/a>  &#8211;  <a href=\"\/John_Mellberg\" title=\"John Mellberg\">John Mellberg<\/a> &#8211;  <a href=\"\/Jakob_Brandtner\" title=\"Jakob Brandtner\">Jakob Brandtner<\/a>\n<\/th>\n<\/tr>\n<tr>\n<th style=\"text-align:left;\"><b>Mittelfeld<\/b>\n<\/th>\n<th><a href=\"\/Jannik_Schuster\" title=\"Jannik Schuster\">Jannik Schuster<\/a>&#8211; <a href=\"\/Oliver_Lukic\" title=\"Oliver Lukic\">Oliver Lukic<\/a> &#8211;   <a href=\"\/Tolgahan_Sahin\" title=\"Tolgahan Sahin\">Tolgahan Sahin<\/a> &#8211;   <a href=\"\/Marc_Striednig\" title=\"Marc Striednig\">Marc Striednig<\/a>\n<\/th>\n<\/tr>\n<tr>\n<th style=\"text-align:left;\"><b>Sturm<\/b>\n<\/th>\n<th><a href=\"\/Alexander_Murillo\" title=\"Alexander Murillo\">Alexander Murillo<\/a> &#8211;  <a href=\"\/Gaoussou_Diakite\" title=\"Gaoussou Diakite\">Gaoussou Diakite<\/a>\n<\/th>\n<\/tr>\n<tr>\n<td colspan=\"2\" style=\"text-align:center;\" bgcolor=\"lightgray\"><b>Wechsel<\/b>\n<\/td>\n<\/tr>\n<tr>\n<th style=\"text-align:left;\"><b>Wechsel<\/b>\n<\/th>\n<th style=\"text-align:left;\"><a href=\"\/Julian_Hussauf\" title=\"Julian Hussauf\">Julian Hussauf<\/a> f\u00fcr Bendra (62.), <a href=\"\/Tim_Paumgartner\" title=\"Tim Paumgartner\">Tim Paumgartner <\/a> f\u00fcr Lukic (62.), <a href=\"\/Rocco_Zikovic\" title=\"Rocco Zikovic\">Rocco Zikovic<\/a> f\u00fcr Moswitzer (76.), <br \/><a href=\"\/Jakob_Zangerl\" title=\"Jakob Zangerl\">Jakob Zangerl<\/a> f\u00fcr Murillo (76.), <a href=\"\/R%C3%BCst%C3%BC_Erdogan\" title=\"R\u00fcst\u00fc Erdogan\">R\u00fcst\u00fc Erdogan<\/a> f\u00fcr Striednig (84.)\n<\/th>\n<\/tr>\n<tr>\n<td colspan=\"2\" style=\"text-align:center;\" bgcolor=\"lightgray\"><b>Statistik<\/b>\n<\/td>\n<\/tr>\n<tr>\n<th style=\"text-align:left;\"><b>Endstand<\/b>\n<\/th>\n<th style=\"text-align:left;\">0:1 (0:1)\n<\/th>\n<\/tr>\n<tr>\n<th style=\"text-align:left;\"><b>Torsch\u00fctzen<\/b>\n<\/th>\n<th style=\"text-align:left;\">Diakite (40.)\n<\/th>\n<\/tr>\n<tr>\n<th style=\"text-align:left;\"><b>Gelbe Karten<\/b>\n<\/th>\n<th style=\"text-align:left;\">Velimirovic (71.), Gobara (91.); Schuster (45.), Erdogan (88.), Ozegovic (91.)\n<\/th>\n<\/tr>\n<tr>\n<th style=\"text-align:left;\"><b>Rote Karten<\/b>\n<\/th>\n<th style=\"text-align:left;\">\n<\/th>\n<\/tr>\n<tr>\n<th style=\"text-align:left;\"><b>Schiedsrichter<\/b>\n<\/th>\n<th style=\"text-align:left;\">Markus Greinecker\n<\/th>\n<\/tr>\n<tr>\n<th style=\"text-align:left;\"><b>Stadion<\/b>\n<\/th>\n<th style=\"text-align:left;\">Sparkasse Horn Arena, Horn\n<\/th>\n<\/tr>\n<tr>\n<th style=\"text-align:left;\"><b>Zuschauer<\/b>\n<\/th>\n<th style=\"text-align:left;\">\n<\/th>\n<\/tr>\n<\/tbody>\n<\/table>\n<h2><span class=\"mw-headline\" id=\"Spielbericht\">Spielbericht<\/span><a href=\"\/index.php?title=22._Runde,_Saison_2024\/25,_SV_Horn_gegen_FC_Liefering&amp;action=edit&amp;section=1\" title=\"Abschnitt bearbeiten: Spielbericht\">Bearbeiten<\/a><span class=\"mw-editsection-bracket\">]<\/span><\/span><\/h2>\n<p><a rel=\"nofollow\" class=\"external text\" href=\"https:\/\/www.fc-liefering.at\/de\/fc-liefering\/news\/saison_2024_25\/ligaspiel-horn-runde-22.html\">Spielbericht Vereinshomepage<\/a>\n<\/p>\n<h2><span class=\"mw-headline\" id=\"Stimmen_zum_Spiel\">Stimmen zum Spiel<\/span><a href=\"\/index.php?title=22._Runde,_Saison_2024\/25,_SV_Horn_gegen_FC_Liefering&amp;action=edit&amp;section=2\" title=\"Abschnitt bearbeiten: Stimmen zum Spiel\">Bearbeiten<\/a><span class=\"mw-editsection-bracket\">]<\/span><\/span><\/h2>\n<p><b>Daniel Beichler:<\/b>  Zwei v\u00f6llig unterschiedliche Halbzeiten. In der ersten haben wir es verabs\u00e4umt, fr\u00fch in F\u00fchrung zu gehen. Alleine schon durch den Elfmeter, aber wir haben auch die eine oder andere Chance vorgefunden, um deutlicher zu f\u00fchren. Der zweite Durchgang war v\u00f6llig kontr\u00e4r, wir waren \u00fcberhaupt nicht mehr im Spiel und mussten richtig leiden. Da haben wir zu viel zugelassen \u2013 wir hatten Gl\u00fcck, dass es beim 1:0 geblieben ist. Nichtsdestotrotz war es ein wichtiger Sieg.\n<\/p>\n<\/div>\n","protected":false},"excerpt":{"rendered":"<p>SV Horn gegen FC Liefering , 0:1 Spieltag 2. Liga &#8211; 22. Runde Datum 5. April 2025 Anpfiff 14:30 Uhr Aufstellung Tor Benjamin Ozegovic Verteidigung Kristjan Bendra &#8211; Marcel Moswitzer &#8211; John Mellberg &#8211; Jakob Brandtner Mittelfeld Jannik Schuster&#8211; Oliver Lukic &#8211; Tolgahan Sahin &#8211; Marc Striednig Sturm Alexander Murillo &#8211; Gaoussou Diakite Wechsel Wechsel [&hellip;]<\/p>\n","protected":false},"author":1,"featured_media":0,"comment_status":"open","ping_status":"open","sticky":false,"template":"","format":"standard","meta":{"footnotes":""},"categories":[987],"tags":[],"class_list":["post-1338","post","type-post","status-publish","format-standard","hentry","category-22-runde-saison-2024"],"_links":{"self":[{"href":"https:\/\/wiki.s12.at\/index.php\/wp-json\/wp\/v2\/posts\/1338","targetHints":{"allow":["GET"]}}],"collection":[{"href":"https:\/\/wiki.s12.at\/index.php\/wp-json\/wp\/v2\/posts"}],"about":[{"href":"https:\/\/wiki.s12.at\/index.php\/wp-json\/wp\/v2\/types\/post"}],"author":[{"embeddable":true,"href":"https:\/\/wiki.s12.at\/index.php\/wp-json\/wp\/v2\/users\/1"}],"replies":[{"embeddable":true,"href":"https:\/\/wiki.s12.at\/index.php\/wp-json\/wp\/v2\/comments?post=1338"}],"version-history":[{"count":0,"href":"https:\/\/wiki.s12.at\/index.php\/wp-json\/wp\/v2\/posts\/1338\/revisions"}],"wp:attachment":[{"href":"https:\/\/wiki.s12.at\/index.php\/wp-json\/wp\/v2\/media?parent=1338"}],"wp:term":[{"taxonomy":"category","embeddable":true,"href":"https:\/\/wiki.s12.at\/index.php\/wp-json\/wp\/v2\/categories?post=1338"},{"taxonomy":"post_tag","embeddable":true,"href":"https:\/\/wiki.s12.at\/index.php\/wp-json\/wp\/v2\/tags?post=1338"}],"curies":[{"name":"wp","href":"https:\/\/api.w.org\/{rel}","templated":true}]}}