{"id":1335,"date":"2026-05-06T13:46:27","date_gmt":"2026-05-06T11:46:27","guid":{"rendered":"https:\/\/wiki.s12.at\/index.php\/2026\/05\/06\/22-runde-saison-2022-23-fc-red-bull-salzburg-gegen-scr-altach\/"},"modified":"2026-05-06T13:46:27","modified_gmt":"2026-05-06T11:46:27","slug":"22-runde-saison-2022-23-fc-red-bull-salzburg-gegen-scr-altach","status":"publish","type":"post","link":"https:\/\/wiki.s12.at\/index.php\/2026\/05\/06\/22-runde-saison-2022-23-fc-red-bull-salzburg-gegen-scr-altach\/","title":{"rendered":"23, FC Red Bull Salzburg gegen SCR Altach"},"content":{"rendered":"<div class=\"mw-parser-output\">\n<table class=\"toptextcells toccolours\">\n<tbody>\n<tr>\n<th colspan=\"2\" style=\"text-align: center; vertical-align: top; padding: 0.3em 0.8em; font-size: 125%; background-color: lightsteelblue;\">FC Red Bull Salzburg gegen SCR Altach, 1:1\n<\/th>\n<\/tr>\n<tr>\n<th style=\"text-align:left;\"><b>Spieltag<\/b>\n<\/th>\n<th style=\"text-align:left;\">Bundesliga 22. Runde\n<\/th>\n<\/tr>\n<tr>\n<th style=\"text-align:left;\"><b>Datum<\/b>\n<\/th>\n<th style=\"text-align:left;\">19. M\u00e4rz 2023\n<\/th>\n<\/tr>\n<tr>\n<th style=\"text-align:left;\"><b>Anpfiff<\/b>\n<\/th>\n<th style=\"text-align:left;\">17  Uhr\n<\/th>\n<\/tr>\n<tr>\n<td colspan=\"2\" style=\"text-align:center;\" bgcolor=\"lightgray\"><b>Aufstellung<\/b>\n<\/td>\n<\/tr>\n<tr>\n<th style=\"text-align:left;\"><b>Tor<\/b>\n<\/th>\n<th><a href=\"\/Philipp_K%C3%B6hn\" title=\"Philipp K\u00f6hn\">Philipp K\u00f6hn <\/a>\n<\/th>\n<\/tr>\n<tr>\n<th style=\"text-align:left;\"><b>Verteidigung<\/b>\n<\/th>\n<th><a href=\"\/Ignace_Van_der_Brempt\" title=\"Ignace Van der Brempt\">Ignace Van der Brempt<\/a> &#8211; <a href=\"\/Oumar_Solet\" title=\"Oumar Solet\">Oumar Solet<\/a>  &#8211; <a href=\"\/Bernardo\" title=\"Bernardo\">Bernardo<\/a>  &#8211; <a href=\"\/Andreas_Ulmer\" title=\"Andreas Ulmer\">Andreas Ulmer<\/a>\n<\/th>\n<\/tr>\n<tr>\n<th style=\"text-align:left;\"><b>Mittelfeld<\/b>\n<\/th>\n<th><a href=\"\/Lucas_Gourna-Douath\" title=\"Lucas Gourna-Douath\">Lucas Gourna-Douath<\/a> &#8211; <a href=\"\/Nicolas_Seiwald\" title=\"Nicolas Seiwald\">Nicolas Seiwald<\/a> &#8211; <a href=\"\/Nicolas_Capaldo\" title=\"Nicolas Capaldo\">Nicolas Capaldo<\/a> &#8211; <a href=\"\/Oscar_Gloukh\" title=\"Oscar Gloukh\">Oscar Gloukh<\/a>\n<\/th>\n<\/tr>\n<tr>\n<th style=\"text-align:left;\"><b>Sturm<\/b>\n<\/th>\n<th><a href=\"\/Benjamin_Sesko\" class=\"mw-redirect\" title=\"Benjamin Sesko\">Benjamin Sesko<\/a>   &#8211; <a href=\"\/Sekou_Koita\" title=\"Sekou Koita\">Sekou Koita<\/a>\n<\/th>\n<\/tr>\n<tr>\n<td colspan=\"2\" style=\"text-align:center;\" bgcolor=\"lightgray\"><b>Wechsel<\/b>\n<\/td>\n<\/tr>\n<tr>\n<th style=\"text-align:left;\"><b>Wechsel<\/b>\n<\/th>\n<th style=\"text-align:left;\"><a href=\"\/Noah_Okafor\" title=\"Noah Okafor\">Noah Okafor<\/a> f\u00fcr Koita (58.), <a href=\"\/Amankwah_Forson\" title=\"Amankwah Forson\">Amankwah Forson<\/a> f\u00fcr Capaldo (58.), <a href=\"\/Maurits_Kjaergaard\" title=\"Maurits Kjaergaard\">Maurits Kjaergaard<\/a> f\u00fcr Bernardo (77.), <br \/> <a href=\"\/Junior_Adamu\" class=\"mw-redirect\" title=\"Junior Adamu\">Junior Adamu<\/a> f\u00fcr Gloukh (77.)\n<\/th>\n<\/tr>\n<tr>\n<td colspan=\"2\" style=\"text-align:center;\" bgcolor=\"lightgray\"><b>Statistik<\/b>\n<\/td>\n<\/tr>\n<tr>\n<th style=\"text-align:left;\"><b>Endstand<\/b>\n<\/th>\n<th style=\"text-align:left;\">1:1 (0:0)\n<\/th>\n<\/tr>\n<tr>\n<th style=\"text-align:left;\"><b>Torsch\u00fctzen<\/b>\n<\/th>\n<th style=\"text-align:left;\">Sesko (83.);  Nuhiu (55.)\n<\/th>\n<\/tr>\n<tr>\n<th style=\"text-align:left;\"><b>Gelbe Karten<\/b>\n<\/th>\n<th style=\"text-align:left;\">Gourna-Douath (54.), Solet (73.); Abdijanovic (52.), Strauss (58.), Nuhiu (61.), Herold (75.), Bukta (97.)\n<\/th>\n<\/tr>\n<tr>\n<th style=\"text-align:left;\"><b>Rote Karten<\/b>\n<\/th>\n<th style=\"text-align:left;\">\n<\/th>\n<\/tr>\n<tr>\n<th style=\"text-align:left;\"><b>Schiedsrichter<\/b>\n<\/th>\n<th style=\"text-align:left;\">Stefan Ebner\n<\/th>\n<\/tr>\n<tr>\n<th style=\"text-align:left;\"><b>Stadion<\/b>\n<\/th>\n<th style=\"text-align:left;\">EM-Stadion, Wals-Siezenheim\n<\/th>\n<\/tr>\n<tr>\n<th style=\"text-align:left;\"><b>Zuschauer<\/b>\n<\/th>\n<th style=\"text-align:left;\">9 708\n<\/th>\n<\/tr>\n<\/tbody>\n<\/table>\n<h2><span class=\"mw-headline\" id=\"Spielbericht\">Spielbericht<\/span><a href=\"\/index.php?title=22._Runde,_Saison_2022\/23,_FC_Red_Bull_Salzburg_gegen_SCR_Altach&amp;action=edit&amp;section=1\" title=\"Abschnitt bearbeiten: Spielbericht\">Bearbeiten<\/a><span class=\"mw-editsection-bracket\">]<\/span><\/span><\/h2>\n<p><a rel=\"nofollow\" class=\"external text\" href=\"https:\/\/www.redbullsalzburg.at\/de\/2022-2023\/spielplan\/bundesliga-runde-22-fc-red-bull-salzburg-vs-cashpoint-scr-altach#spielbericht\">Spielbericht Vereinshomepage<\/a>\n<\/p>\n<h2><span class=\"mw-headline\" id=\"Bilder\">Bilder<\/span><a href=\"\/index.php?title=22._Runde,_Saison_2022\/23,_FC_Red_Bull_Salzburg_gegen_SCR_Altach&amp;action=edit&amp;section=2\" title=\"Abschnitt bearbeiten: Bilder\">Bearbeiten<\/a><span class=\"mw-editsection-bracket\">]<\/span><\/span><\/h2>\n<p><img alt=\"\" src=\"\/images\/thumb\/4\/4a\/Commons-logo.svg\/langde-20px-Commons-logo.svg.png%3Futm_source%3Dcommons.wikimedia.org%26utm_campaign%3Dimageinfo%26utm_content%3Dthumbnail\" decoding=\"async\" title=\"Commons\" width=\"12\" height=\"16\" srcset=\"\/images\/thumb\/4\/4a\/Commons-logo.svg\/langde-40px-Commons-logo.svg.png%3Futm_source%3Dcommons.wikimedia.org%26utm_campaign%3Dimageinfo%26utm_content%3Dthumbnail 2x\" \/>&#160;<b><a href=\"http:\/\/commons.wikimedia.org\/wiki\/Category:FC_RB_Salzburg_gegen_SCR_Altach_(2023-03-19)\" class=\"extiw\" title=\"commons:Category:FC RB Salzburg gegen SCR Altach (2023-03-19)\">22. Runde, Saison 2022\/23, FC Red Bull Salzburg gegen SCR Altach<\/a><\/b>&#160;\u2013 Sammlung von Bildern, Videos und Audiodateien auf <a href=\"\/Wikimedia_Commons\" title=\"Wikimedia Commons\">Wikimedia Commons<\/a>\n<\/p>\n<h2><span class=\"mw-headline\" id=\"Stimmen_zum_Spiel\">Stimmen zum Spiel<\/span><a href=\"\/index.php?title=22._Runde,_Saison_2022\/23,_FC_Red_Bull_Salzburg_gegen_SCR_Altach&amp;action=edit&amp;section=3\" title=\"Abschnitt bearbeiten: Stimmen zum Spiel\">Bearbeiten<\/a><span class=\"mw-editsection-bracket\">]<\/span><\/span><\/h2>\n<p><b>Andreas Ulmer:<\/b>Wir hatten uns sicher mehr vorgenommen. Als wir in R\u00fcckstand geraten sind, haben wir einen Gang zugelegt und dann den Ausgleich gemacht. Wir haben dann noch einmal versucht, den Siegtreffer zu erzwingen, er ist aber nicht mehr reingegangen. Es ist ein Unentschieden, das wir jetzt mitnehmen \u2013 und jetzt kommen die Spiele in der Meistergruppe!\n<\/p>\n<p><b>Benjamin Sesko:<\/b> Ich bin im Gesamten echt entt\u00e4uscht \u00fcber das Remis. Es hat weitere Chancen gegeben, die ich nutzen h\u00e4tte sollen. Wir hatten viele M\u00f6glichkeiten, manchmal gehen sie aber eben nicht rein. Wir haben alles gegeben, nicht schlecht gespielt, der Torwart hatte einen der besten Tage seines Lebens \u2013 es war aber eben nicht unser Tag.\n<\/p>\n<\/div>\n","protected":false},"excerpt":{"rendered":"<p>FC Red Bull Salzburg gegen SCR Altach, 1:1 Spieltag Bundesliga 22. Runde Datum 19. M\u00e4rz 2023 Anpfiff 17 Uhr Aufstellung Tor Philipp K\u00f6hn Verteidigung Ignace Van der Brempt &#8211; Oumar Solet &#8211; Bernardo &#8211; Andreas Ulmer Mittelfeld Lucas Gourna-Douath &#8211; Nicolas Seiwald &#8211; Nicolas Capaldo &#8211; Oscar Gloukh Sturm Benjamin Sesko &#8211; Sekou Koita Wechsel [&hellip;]<\/p>\n","protected":false},"author":1,"featured_media":0,"comment_status":"open","ping_status":"open","sticky":false,"template":"","format":"standard","meta":{"footnotes":""},"categories":[1043],"tags":[],"class_list":["post-1335","post","type-post","status-publish","format-standard","hentry","category-22-runde-saison-2022"],"_links":{"self":[{"href":"https:\/\/wiki.s12.at\/index.php\/wp-json\/wp\/v2\/posts\/1335","targetHints":{"allow":["GET"]}}],"collection":[{"href":"https:\/\/wiki.s12.at\/index.php\/wp-json\/wp\/v2\/posts"}],"about":[{"href":"https:\/\/wiki.s12.at\/index.php\/wp-json\/wp\/v2\/types\/post"}],"author":[{"embeddable":true,"href":"https:\/\/wiki.s12.at\/index.php\/wp-json\/wp\/v2\/users\/1"}],"replies":[{"embeddable":true,"href":"https:\/\/wiki.s12.at\/index.php\/wp-json\/wp\/v2\/comments?post=1335"}],"version-history":[{"count":0,"href":"https:\/\/wiki.s12.at\/index.php\/wp-json\/wp\/v2\/posts\/1335\/revisions"}],"wp:attachment":[{"href":"https:\/\/wiki.s12.at\/index.php\/wp-json\/wp\/v2\/media?parent=1335"}],"wp:term":[{"taxonomy":"category","embeddable":true,"href":"https:\/\/wiki.s12.at\/index.php\/wp-json\/wp\/v2\/categories?post=1335"},{"taxonomy":"post_tag","embeddable":true,"href":"https:\/\/wiki.s12.at\/index.php\/wp-json\/wp\/v2\/tags?post=1335"}],"curies":[{"name":"wp","href":"https:\/\/api.w.org\/{rel}","templated":true}]}}