{"id":1318,"date":"2026-05-06T13:45:45","date_gmt":"2026-05-06T11:45:45","guid":{"rendered":"https:\/\/wiki.s12.at\/index.php\/2026\/05\/06\/22-runde-saison-2014-15-fc-red-bull-salzburg-gegen-sv-groedig\/"},"modified":"2026-05-06T13:45:45","modified_gmt":"2026-05-06T11:45:45","slug":"22-runde-saison-2014-15-fc-red-bull-salzburg-gegen-sv-groedig","status":"publish","type":"post","link":"https:\/\/wiki.s12.at\/index.php\/2026\/05\/06\/22-runde-saison-2014-15-fc-red-bull-salzburg-gegen-sv-groedig\/","title":{"rendered":"15, FC Red Bull Salzburg gegen SV Gr\u00f6dig"},"content":{"rendered":"<div class=\"mw-parser-output\">\n<h2><span class=\"mw-headline\" id=\"Fakten\">Fakten<\/span><a href=\"\/index.php?title=22._Runde,_Saison_2014\/15,_FC_Red_Bull_Salzburg_gegen_SV_Gr%C3%B6dig&amp;action=edit&amp;section=1\" title=\"Abschnitt bearbeiten: Fakten\">Bearbeiten<\/a><span class=\"mw-editsection-bracket\">]<\/span><\/span><\/h2>\n<table class=\"toptextcells toccolours\">\n<tbody>\n<tr>\n<th colspan=\"2\" style=\"text-align: center; vertical-align: top; padding: 0.3em 0.8em; font-size: 125%; background-color: lightsteelblue;\">FC Red Bull Salzburg gegen SV Gr\u00f6dig, 3:1\n<\/th>\n<\/tr>\n<tr>\n<th style=\"text-align:left;\"><b>Spieltag<\/b>\n<\/th>\n<th style=\"text-align:left;\">Bundesliga &#8211; 22. Spieltag\n<\/th>\n<\/tr>\n<tr>\n<th style=\"text-align:left;\"><b>Datum<\/b>\n<\/th>\n<th style=\"text-align:left;\">1. M\u00e4rz 2015\n<\/th>\n<\/tr>\n<tr>\n<th style=\"text-align:left;\"><b>Anpfiff<\/b>\n<\/th>\n<th style=\"text-align:left;\">16.30 Uhr\n<\/th>\n<\/tr>\n<tr>\n<td colspan=\"2\" style=\"text-align:center;\" bgcolor=\"lightgray\"><b>Aufstellung<\/b>\n<\/td>\n<\/tr>\n<tr>\n<th style=\"text-align:left;\"><b>Tor<\/b>\n<\/th>\n<th><a href=\"\/Peter_Gulacsi\" class=\"mw-redirect\" title=\"Peter Gulacsi\">Peter Gulacsi<\/a>\n<\/th>\n<\/tr>\n<tr>\n<th style=\"text-align:left;\"><b>Verteidigung<\/b>\n<\/th>\n<th><a href=\"\/Christian_Schwegler\" title=\"Christian Schwegler\">Christian Schwegler<\/a> &#8211; <a href=\"\/Martin_Hinteregger\" title=\"Martin Hinteregger\">Martin Hinteregger<\/a> &#8211; <a href=\"\/Duje_Caleta-Car\" title=\"Duje Caleta-Car\">Duje Caleta-Car<\/a> &#8211; <a href=\"\/Andreas_Ulmer\" title=\"Andreas Ulmer\">Andreas Ulmer<\/a>\n<\/th>\n<\/tr>\n<tr>\n<th style=\"text-align:left;\"><b>Mittelfeld<\/b>\n<\/th>\n<th><a href=\"\/Stefan_Ilsanker\" title=\"Stefan Ilsanker\">Stefan Ilsanker<\/a> &#8211; <a href=\"\/Naby_Keita\" title=\"Naby Keita\">Naby Keita<\/a> &#8211; <a href=\"\/Marcel_Sabitzer\" title=\"Marcel Sabitzer\">Marcel Sabitzer<\/a> &#8211; <a href=\"\/Valentino_Lazaro\" title=\"Valentino Lazaro\">Valentino Lazaro<\/a>\n<\/th>\n<\/tr>\n<tr>\n<th style=\"text-align:left;\"><b>Sturm<\/b>\n<\/th>\n<th><a href=\"\/Marco_Djuricin\" title=\"Marco Djuricin\">Marco Djuricin<\/a> &#8211; <a href=\"\/Jonatan_Soriano\" title=\"Jonatan Soriano\">Jonatan Soriano<\/a>\n<\/th>\n<\/tr>\n<tr>\n<td colspan=\"2\" style=\"text-align:center;\" bgcolor=\"lightgray\"><b>Wechsel<\/b>\n<\/td>\n<\/tr>\n<tr>\n<th style=\"text-align:left;\"><b>Wechsel<\/b>\n<\/th>\n<th style=\"text-align:left;\"><a href=\"\/Peter_Ankersen\" title=\"Peter Ankersen\">Peter Ankersen<\/a> f\u00fcr Schwegler (46.), <a href=\"\/Takumi_Minamino\" title=\"Takumi Minamino\">Takumi Minamino<\/a> f\u00fcr Lazaro (79.), <a href=\"\/Felipe_Pires\" title=\"Felipe Pires\">Felipe Pires<\/a> f\u00fcr Djuricin (71.)\n<\/th>\n<\/tr>\n<tr>\n<td colspan=\"2\" style=\"text-align:center;\" bgcolor=\"lightgray\"><b>Statistik<\/b>\n<\/td>\n<\/tr>\n<tr>\n<th style=\"text-align:left;\"><b>Endstand<\/b>\n<\/th>\n<th style=\"text-align:left;\">3:1 (1:1)\n<\/th>\n<\/tr>\n<tr>\n<th style=\"text-align:left;\"><b>Torsch\u00fctzen<\/b>\n<\/th>\n<th style=\"text-align:left;\">Sabitzer (1., 78.), Keita (59.); Tomi (40.)\n<\/th>\n<\/tr>\n<tr>\n<th style=\"text-align:left;\"><b>Gelbe Karten<\/b>\n<\/th>\n<th style=\"text-align:left;\">Ilsanker (50.); Cabrera (79.)\n<\/th>\n<\/tr>\n<tr>\n<th style=\"text-align:left;\"><b>Rote Karten<\/b>\n<\/th>\n<th style=\"text-align:left;\">Ankersen (81.), Strobl (85. gelb-rot)\n<\/th>\n<\/tr>\n<tr>\n<th style=\"text-align:left;\"><b>Schiedsrichter<\/b>\n<\/th>\n<th style=\"text-align:left;\">Dominik Ouschan\n<\/th>\n<\/tr>\n<tr>\n<th style=\"text-align:left;\"><b>Stadion<\/b>\n<\/th>\n<th style=\"text-align:left;\"><a href=\"\/index.php?title=Red_Bull_Arena&amp;action=edit&amp;redlink=1\" class=\"new\" title=\"Red Bull Arena (Seite nicht vorhanden)\">Red Bull Arena<\/a>, Salzburg\n<\/th>\n<\/tr>\n<tr>\n<th style=\"text-align:left;\"><b>Zuschauer<\/b>\n<\/th>\n<th style=\"text-align:left;\">6 980\n<\/th>\n<\/tr>\n<\/tbody>\n<\/table>\n<h2><span class=\"mw-headline\" id=\"Bilder\">Bilder<\/span><a href=\"\/index.php?title=22._Runde,_Saison_2014\/15,_FC_Red_Bull_Salzburg_gegen_SV_Gr%C3%B6dig&amp;action=edit&amp;section=2\" title=\"Abschnitt bearbeiten: Bilder\">Bearbeiten<\/a><span class=\"mw-editsection-bracket\">]<\/span><\/span><\/h2>\n<p><img alt=\"\" src=\"\/images\/thumb\/4\/4a\/Commons-logo.svg\/langde-20px-Commons-logo.svg.png%3Futm_source%3Dcommons.wikimedia.org%26utm_campaign%3Dimageinfo%26utm_content%3Dthumbnail\" decoding=\"async\" title=\"Commons\" width=\"12\" height=\"16\" srcset=\"\/images\/thumb\/4\/4a\/Commons-logo.svg\/langde-40px-Commons-logo.svg.png%3Futm_source%3Dcommons.wikimedia.org%26utm_campaign%3Dimageinfo%26utm_content%3Dthumbnail 2x\" \/>&#160;<b><a href=\"http:\/\/commons.wikimedia.org\/wiki\/Category:FC_Red_Bull_Salzburg_gegen_SV_Gr%C3%B6dig_(1.M%C3%A4rz_2015)\" class=\"extiw\" title=\"commons:Category:FC Red Bull Salzburg gegen SV Gr\u00f6dig (1.M\u00e4rz 2015)\">22. Runde, Saison 2014\/15, FC Red Bull Salzburg gegen SV Gr\u00f6dig<\/a><\/b>&#160;\u2013 Sammlung von Bildern, Videos und Audiodateien auf <a href=\"\/Wikimedia_Commons\" title=\"Wikimedia Commons\">Wikimedia Commons<\/a>\n<\/p>\n<h2><span class=\"mw-headline\" id=\"Weblinks\">Weblinks<\/span><a href=\"\/index.php?title=22._Runde,_Saison_2014\/15,_FC_Red_Bull_Salzburg_gegen_SV_Gr%C3%B6dig&amp;action=edit&amp;section=3\" title=\"Abschnitt bearbeiten: Weblinks\">Bearbeiten<\/a><span class=\"mw-editsection-bracket\">]<\/span><\/span><\/h2>\n<ul>\n<li><a rel=\"nofollow\" class=\"external text\" href=\"http:\/\/www.redbulls.com\/de\/fc-red-bull-salzburg\/news\/saison_2014_15\/rote-bullen-gewinnen-salzburger-derby.html\">Spielbericht Vereinshomepage<\/a><\/li>\n<\/ul>\n<p><center>&lt;youtube&gt;IbYV0hA7PTM&lt;\/youtube&gt;<\/center><\/p>\n<h2><span class=\"mw-headline\" id=\"Stimmen_zum_Spiel\">Stimmen zum Spiel<\/span><a href=\"\/index.php?title=22._Runde,_Saison_2014\/15,_FC_Red_Bull_Salzburg_gegen_SV_Gr%C3%B6dig&amp;action=edit&amp;section=4\" title=\"Abschnitt bearbeiten: Stimmen zum Spiel\">Bearbeiten<\/a><span class=\"mw-editsection-bracket\">]<\/span><\/span><\/h2>\n<p><b>Adi H\u00fctter:<\/b> &#8222;Mit dem Sieg bin ich zufrieden. Wir haben vor der Pause sehr gut gespielt, haben aber viele hochkar\u00e4tige Chancen ausgelassen. \u00dcber 90 Minuten gesehen war es ein hochverdienter Erfolg, wenngleich es zum Schluss ein Arbeitssieg wurde. Neben der Tatsache, dass wir weit h\u00f6her gewinnen h\u00e4tten k\u00f6nnen, ist auch das dumme Gegentor \u00e4rgerlich. Das darf nicht passieren.&#8220;\n<\/p>\n<p><b>Marcel Sabitzer:<\/b> &#8222;Wir wollten heute unbedingt die drei Punkte, haben es \u00fcber 90 Minuten auch gut gemacht, haben nur vor der Pause zu viele Chancen vergeben. Letztendlich haben wir ein wichtiges Spiel verdient gewonnen.&#8220;\n<\/p>\n<\/div>\n","protected":false},"excerpt":{"rendered":"<p>FaktenBearbeiten] FC Red Bull Salzburg gegen SV Gr\u00f6dig, 3:1 Spieltag Bundesliga &#8211; 22. Spieltag Datum 1. M\u00e4rz 2015 Anpfiff 16.30 Uhr Aufstellung Tor Peter Gulacsi Verteidigung Christian Schwegler &#8211; Martin Hinteregger &#8211; Duje Caleta-Car &#8211; Andreas Ulmer Mittelfeld Stefan Ilsanker &#8211; Naby Keita &#8211; Marcel Sabitzer &#8211; Valentino Lazaro Sturm Marco Djuricin &#8211; Jonatan Soriano [&hellip;]<\/p>\n","protected":false},"author":1,"featured_media":0,"comment_status":"open","ping_status":"open","sticky":false,"template":"","format":"standard","meta":{"footnotes":""},"categories":[1035],"tags":[],"class_list":["post-1318","post","type-post","status-publish","format-standard","hentry","category-22-runde-saison-2014"],"_links":{"self":[{"href":"https:\/\/wiki.s12.at\/index.php\/wp-json\/wp\/v2\/posts\/1318","targetHints":{"allow":["GET"]}}],"collection":[{"href":"https:\/\/wiki.s12.at\/index.php\/wp-json\/wp\/v2\/posts"}],"about":[{"href":"https:\/\/wiki.s12.at\/index.php\/wp-json\/wp\/v2\/types\/post"}],"author":[{"embeddable":true,"href":"https:\/\/wiki.s12.at\/index.php\/wp-json\/wp\/v2\/users\/1"}],"replies":[{"embeddable":true,"href":"https:\/\/wiki.s12.at\/index.php\/wp-json\/wp\/v2\/comments?post=1318"}],"version-history":[{"count":0,"href":"https:\/\/wiki.s12.at\/index.php\/wp-json\/wp\/v2\/posts\/1318\/revisions"}],"wp:attachment":[{"href":"https:\/\/wiki.s12.at\/index.php\/wp-json\/wp\/v2\/media?parent=1318"}],"wp:term":[{"taxonomy":"category","embeddable":true,"href":"https:\/\/wiki.s12.at\/index.php\/wp-json\/wp\/v2\/categories?post=1318"},{"taxonomy":"post_tag","embeddable":true,"href":"https:\/\/wiki.s12.at\/index.php\/wp-json\/wp\/v2\/tags?post=1318"}],"curies":[{"name":"wp","href":"https:\/\/api.w.org\/{rel}","templated":true}]}}