{"id":1316,"date":"2026-05-06T13:45:42","date_gmt":"2026-05-06T11:45:42","guid":{"rendered":"https:\/\/wiki.s12.at\/index.php\/2026\/05\/06\/22-runde-saison-2013-14fc-liefering-gegen-sc-esv-parndorf\/"},"modified":"2026-05-06T13:45:42","modified_gmt":"2026-05-06T11:45:42","slug":"22-runde-saison-2013-14fc-liefering-gegen-sc-esv-parndorf","status":"publish","type":"post","link":"https:\/\/wiki.s12.at\/index.php\/2026\/05\/06\/22-runde-saison-2013-14fc-liefering-gegen-sc-esv-parndorf\/","title":{"rendered":"ESV Parndorf"},"content":{"rendered":"<div class=\"mw-parser-output\">\n<h2><span class=\"mw-headline\" id=\"Fakten\">Fakten<\/span><a href=\"\/index.php?title=22._Runde,_Saison_2013\/14,FC_Liefering_gegen_SC\/ESV_Parndorf&amp;action=edit&amp;section=1\" title=\"Abschnitt bearbeiten: Fakten\">Bearbeiten<\/a><span class=\"mw-editsection-bracket\">]<\/span><\/span><\/h2>\n<table class=\"toptextcells toccolours\">\n<tbody>\n<tr>\n<th colspan=\"2\" style=\"text-align: center; vertical-align: top; padding: 0.3em 0.8em; font-size: 125%; background-color: lightsteelblue;\">FC Liefering gegen SC\/ESV Parndorf, 0:1\n<\/th>\n<\/tr>\n<tr>\n<th style=\"text-align:left;\"><b>Spieltag<\/b>\n<\/th>\n<th style=\"text-align:left;\">Heute f\u00fcr Morgen Erste Liga- 22. Spieltag\n<\/th>\n<\/tr>\n<tr>\n<th style=\"text-align:left;\"><b>Datum<\/b>\n<\/th>\n<th style=\"text-align:left;\">11. M\u00e4rz 2014\n<\/th>\n<\/tr>\n<tr>\n<th style=\"text-align:left;\"><b>Anpfiff<\/b>\n<\/th>\n<th style=\"text-align:left;\">18.30 Uhr\n<\/th>\n<\/tr>\n<tr>\n<td colspan=\"2\" style=\"text-align:center;\" bgcolor=\"lightgray\"><b>Aufstellung<\/b>\n<\/td>\n<\/tr>\n<tr>\n<th style=\"text-align:left;\"><b>Tor<\/b>\n<\/th>\n<th><a href=\"\/Thomas_D%C3%A4hne\" title=\"Thomas D\u00e4hne\">Thomas D\u00e4hne<\/a>\n<\/th>\n<\/tr>\n<tr>\n<th style=\"text-align:left;\"><b>Verteidigung<\/b>\n<\/th>\n<th><a href=\"\/Stefan_Lainer\" title=\"Stefan Lainer\">Stefan Lainer<\/a> <a href=\"\/Asger_S%C3%B6rensen\" title=\"Asger S\u00f6rensen\">Asger S\u00f6rensen<\/a> <a href=\"\/Lukas_Gugganig\" title=\"Lukas Gugganig\">Lukas Gugganig<\/a> <a href=\"\/Philipp_Wiesinger\" title=\"Philipp Wiesinger\">Philipp Wiesinger<\/a>\n<\/th>\n<\/tr>\n<tr>\n<th style=\"text-align:left;\"><b>Mittelfeld<\/b>\n<\/th>\n<th><a href=\"\/Ante_Roguljic\" class=\"mw-redirect\" title=\"Ante Roguljic\">Ante Roguljic<\/a> <a href=\"\/Robert_V%C3%B6lkl\" title=\"Robert V\u00f6lkl\">Robert V\u00f6lkl<\/a> <a href=\"\/Yordy_Reyna\" title=\"Yordy Reyna\">Yordy Reyna<\/a> <a href=\"\/Sandro_Djuric\" title=\"Sandro Djuric\">Sandro Djuric<\/a>\n<\/th>\n<\/tr>\n<tr>\n<th style=\"text-align:left;\"><b>Sturm<\/b>\n<\/th>\n<th><a href=\"\/Nils_Quaschner\" title=\"Nils Quaschner\">Nils Quaschner<\/a> <a href=\"\/Nikola_Dovedan\" title=\"Nikola Dovedan\">Nikola Dovedan<\/a>\n<\/th>\n<\/tr>\n<tr>\n<td colspan=\"2\" style=\"text-align:center;\" bgcolor=\"lightgray\"><b>Wechsel<\/b>\n<\/td>\n<\/tr>\n<tr>\n<th style=\"text-align:left;\"><b>Wechsel<\/b>\n<\/th>\n<th style=\"text-align:left;\"><a href=\"\/Stefan_Savic\" title=\"Stefan Savic\">Stefan Savic<\/a> f\u00fcr Reyna (68.) <a href=\"\/Andreas_Bammer\" title=\"Andreas Bammer\">Andreas Bammer<\/a> f\u00fcr Djuric (78.), <a href=\"\/Wolfgang_Mair\" title=\"Wolfgang Mair\">Wolfgang Mair<\/a> f\u00fcr Gugganig (83.)\n<\/th>\n<\/tr>\n<tr>\n<td colspan=\"2\" style=\"text-align:center;\" bgcolor=\"lightgray\"><b>Statistik<\/b>\n<\/td>\n<\/tr>\n<tr>\n<th style=\"text-align:left;\"><b>Endstand<\/b>\n<\/th>\n<th style=\"text-align:left;\">0:1 (0:1)\n<\/th>\n<\/tr>\n<tr>\n<th style=\"text-align:left;\"><b>Torsch\u00fctzen<\/b>\n<\/th>\n<th style=\"text-align:left;\">Wimmer (33.)\n<\/th>\n<\/tr>\n<tr>\n<th style=\"text-align:left;\"><b>Gelbe Karten<\/b>\n<\/th>\n<th style=\"text-align:left;\">Bammer (75.), V\u00f6lkl (77.), Dovedan (90.); Silberbauer (82.)\n<\/th>\n<\/tr>\n<tr>\n<th style=\"text-align:left;\"><b>Rote Karten<\/b>\n<\/th>\n<th style=\"text-align:left;\">\n<\/th>\n<\/tr>\n<tr>\n<th style=\"text-align:left;\"><b>Schiedsrichter<\/b>\n<\/th>\n<th style=\"text-align:left;\">Helmut Trattnig\n<\/th>\n<\/tr>\n<tr>\n<th style=\"text-align:left;\"><b>Stadion<\/b>\n<\/th>\n<th style=\"text-align:left;\">Waldstadion, Pasching\n<\/th>\n<\/tr>\n<tr>\n<th style=\"text-align:left;\"><b>Zuschauer<\/b>\n<\/th>\n<th style=\"text-align:left;\">265\n<\/th>\n<\/tr>\n<\/tbody>\n<\/table>\n<p>\n<\/p>\n<h2><span class=\"mw-headline\" id=\"Stimmen_zum_Spiel\">Stimmen zum Spiel<\/span><a href=\"\/index.php?title=22._Runde,_Saison_2013\/14,FC_Liefering_gegen_SC\/ESV_Parndorf&amp;action=edit&amp;section=2\" title=\"Abschnitt bearbeiten: Stimmen zum Spiel\">Bearbeiten<\/a><span class=\"mw-editsection-bracket\">]<\/span><\/span><\/h2>\n<ul>\n<li><b>Peter Zeidler<\/b>:Wir haben heute gegen einen Gegner gespielt, der sehr kampf- und kopfballstark war. Am Anfang hatten wir Probleme, haben aber im Laufe des Spiels die Zweik\u00e4mpfe immer angenommen und viele Chancen kreiert, hatten da aber teilweise Pech im Abschluss. In der zweiten Halbzeit war es eine Abwehrschlacht des Gegners, der taktisch diszipliniert gespielt und das Ergebnis \u00fcber die Zeit gebracht hat. Nichts desto trotz haben wir wieder einen kleinen Schritt gemacht &#8211; auch wenn es sich noch nicht im Ergebnis widerspiegelt. Am Freitag haben wir bereits die n\u00e4chste Chance.<\/li>\n<\/ul>\n<\/div>\n","protected":false},"excerpt":{"rendered":"<p>FaktenBearbeiten] FC Liefering gegen SC\/ESV Parndorf, 0:1 Spieltag Heute f\u00fcr Morgen Erste Liga- 22. Spieltag Datum 11. M\u00e4rz 2014 Anpfiff 18.30 Uhr Aufstellung Tor Thomas D\u00e4hne Verteidigung Stefan Lainer Asger S\u00f6rensen Lukas Gugganig Philipp Wiesinger Mittelfeld Ante Roguljic Robert V\u00f6lkl Yordy Reyna Sandro Djuric Sturm Nils Quaschner Nikola Dovedan Wechsel Wechsel Stefan Savic f\u00fcr Reyna [&hellip;]<\/p>\n","protected":false},"author":1,"featured_media":0,"comment_status":"open","ping_status":"open","sticky":false,"template":"","format":"standard","meta":{"footnotes":""},"categories":[1034],"tags":[],"class_list":["post-1316","post","type-post","status-publish","format-standard","hentry","category-22-runde-saison-2013"],"_links":{"self":[{"href":"https:\/\/wiki.s12.at\/index.php\/wp-json\/wp\/v2\/posts\/1316","targetHints":{"allow":["GET"]}}],"collection":[{"href":"https:\/\/wiki.s12.at\/index.php\/wp-json\/wp\/v2\/posts"}],"about":[{"href":"https:\/\/wiki.s12.at\/index.php\/wp-json\/wp\/v2\/types\/post"}],"author":[{"embeddable":true,"href":"https:\/\/wiki.s12.at\/index.php\/wp-json\/wp\/v2\/users\/1"}],"replies":[{"embeddable":true,"href":"https:\/\/wiki.s12.at\/index.php\/wp-json\/wp\/v2\/comments?post=1316"}],"version-history":[{"count":0,"href":"https:\/\/wiki.s12.at\/index.php\/wp-json\/wp\/v2\/posts\/1316\/revisions"}],"wp:attachment":[{"href":"https:\/\/wiki.s12.at\/index.php\/wp-json\/wp\/v2\/media?parent=1316"}],"wp:term":[{"taxonomy":"category","embeddable":true,"href":"https:\/\/wiki.s12.at\/index.php\/wp-json\/wp\/v2\/categories?post=1316"},{"taxonomy":"post_tag","embeddable":true,"href":"https:\/\/wiki.s12.at\/index.php\/wp-json\/wp\/v2\/tags?post=1316"}],"curies":[{"name":"wp","href":"https:\/\/api.w.org\/{rel}","templated":true}]}}