{"id":1258,"date":"2026-05-06T13:44:22","date_gmt":"2026-05-06T11:44:22","guid":{"rendered":"https:\/\/wiki.s12.at\/index.php\/2026\/05\/06\/21-runde-saison-2025-26-sv-austria-salzburg-gegen-fc-liefering\/"},"modified":"2026-05-06T13:44:22","modified_gmt":"2026-05-06T11:44:22","slug":"21-runde-saison-2025-26-sv-austria-salzburg-gegen-fc-liefering","status":"publish","type":"post","link":"https:\/\/wiki.s12.at\/index.php\/2026\/05\/06\/21-runde-saison-2025-26-sv-austria-salzburg-gegen-fc-liefering\/","title":{"rendered":"26, SV Austria Salzburg gegen FC Liefering"},"content":{"rendered":"<div class=\"mw-parser-output\">\n<table class=\"toptextcells toccolours\">\n<tbody>\n<tr>\n<th colspan=\"2\" style=\"text-align: center; vertical-align: top; padding: 0.3em 0.8em; font-size: 125%; background-color: lightsteelblue;\">SV Austria Salzburg  gegen FC Liefering, 2:0\n<\/th>\n<\/tr>\n<tr>\n<th style=\"text-align:left;\"><b>Spieltag<\/b>\n<\/th>\n<th style=\"text-align:left;\">2. Liga &#8211; 21. Runde\n<\/th>\n<\/tr>\n<tr>\n<th style=\"text-align:left;\"><b>Datum<\/b>\n<\/th>\n<th style=\"text-align:left;\">13. M\u00e4rz 2026\n<\/th>\n<\/tr>\n<tr>\n<th style=\"text-align:left;\"><b>Anpfiff<\/b>\n<\/th>\n<th style=\"text-align:left;\">20:30 Uhr\n<\/th>\n<\/tr>\n<tr>\n<td colspan=\"2\" style=\"text-align:center;\" bgcolor=\"lightgray\"><b>Aufstellung<\/b>\n<\/td>\n<\/tr>\n<tr>\n<th style=\"text-align:left;\"><b>Tor<\/b>\n<\/th>\n<th><a href=\"\/Christian_Zawieschitzky\" title=\"Christian Zawieschitzky\">Christian Zawieschitzky<\/a>\n<\/th>\n<\/tr>\n<tr>\n<th style=\"text-align:left;\"><b>Verteidigung<\/b>\n<\/th>\n<th><a href=\"\/Julian_Hussauf\" title=\"Julian Hussauf\">Julian Hussauf<\/a> &#8211;   <a href=\"\/Valentin_Zabransky\" title=\"Valentin Zabransky\">Valentin Zabransky<\/a> &#8211; <a href=\"\/Anrie_Chase\" title=\"Anrie Chase\">Anrie Chase<\/a> &#8211;   <a href=\"\/Jakob_Zangerl\" title=\"Jakob Zangerl\">Jakob Zangerl<\/a>\n<\/th>\n<\/tr>\n<tr>\n<th style=\"text-align:left;\"><b>Mittelfeld<\/b>\n<\/th>\n<th><a href=\"\/Benedict_Scharner\" title=\"Benedict Scharner\">Benedict Scharner<\/a> &#8211;  <a href=\"\/Ilia_Ivanschitz\" title=\"Ilia Ivanschitz\">Ilia Ivanschitz<\/a> &#8211; <a href=\"\/Riquelme_Reis\" title=\"Riquelme Reis\">Riquelme Reis<\/a> &#8211; <a href=\"\/Phillip_Verhounig\" title=\"Phillip Verhounig\">Phillip Verhounig<\/a>\n<\/th>\n<\/tr>\n<tr>\n<th style=\"text-align:left;\"><b>Sturm<\/b>\n<\/th>\n<th><a href=\"\/Oghenetejiri_Adejenughure\" title=\"Oghenetejiri Adejenughure\">Oghenetejiri Adejenughure<\/a> &#8211; <a href=\"\/Aboubacar_Camara\" class=\"mw-redirect\" title=\"Aboubacar Camara\">Aboubacar Camara<\/a>\n<\/th>\n<\/tr>\n<tr>\n<td colspan=\"2\" style=\"text-align:center;\" bgcolor=\"lightgray\"><b>Wechsel<\/b>\n<\/td>\n<\/tr>\n<tr>\n<th style=\"text-align:left;\"><b>Wechsel<\/b>\n<\/th>\n<th style=\"text-align:left;\"><a href=\"\/Johannes_Moser\" title=\"Johannes Moser\">Johannes Moser<\/a> f\u00fcr Scharner (60.), <a href=\"\/Alexander_Murillo\" title=\"Alexander Murillo\">Alexander Murillo<\/a> f\u00fcr Adejenughure (70.), <a href=\"\/Jakob_Brandtner\" title=\"Jakob Brandtner\">Jakob Brandtner<\/a> <br \/>f\u00fcr Reis (92.)\n<\/th>\n<\/tr>\n<tr>\n<td colspan=\"2\" style=\"text-align:center;\" bgcolor=\"lightgray\"><b>Statistik<\/b>\n<\/td>\n<\/tr>\n<tr>\n<th style=\"text-align:left;\"><b>Endstand<\/b>\n<\/th>\n<th style=\"text-align:left;\">2:0 (0:0 )\n<\/th>\n<\/tr>\n<tr>\n<th style=\"text-align:left;\"><b>Torsch\u00fctzen<\/b>\n<\/th>\n<th style=\"text-align:left;\">Bares (47., 91.)\n<\/th>\n<\/tr>\n<tr>\n<th style=\"text-align:left;\"><b>Gelbe Karten<\/b>\n<\/th>\n<th style=\"text-align:left;\">Marusic (11.), Rieder (37.)\n<\/th>\n<\/tr>\n<tr>\n<th style=\"text-align:left;\"><b>Rote Karten<\/b>\n<\/th>\n<th style=\"text-align:left;\">\n<\/th>\n<\/tr>\n<tr>\n<th style=\"text-align:left;\"><b>Schiedsrichter<\/b>\n<\/th>\n<th style=\"text-align:left;\">Isa Simsek\n<\/th>\n<\/tr>\n<tr>\n<th style=\"text-align:left;\"><b>Stadion<\/b>\n<\/th>\n<th style=\"text-align:left;\">Max Aicher-Stadion , Salzburg\n<\/th>\n<\/tr>\n<tr>\n<th style=\"text-align:left;\"><b>Zuschauer<\/b>\n<\/th>\n<th style=\"text-align:left;\">1.566\n<\/th>\n<\/tr>\n<\/tbody>\n<\/table>\n<h2><span class=\"mw-headline\" id=\"Spielbericht\">Spielbericht<\/span><a href=\"\/index.php?title=21._Runde,_Saison_2025\/26,_SV_Austria_Salzburg_gegen_FC_Liefering&amp;action=edit&amp;section=1\" title=\"Abschnitt bearbeiten: Spielbericht\">Bearbeiten<\/a><span class=\"mw-editsection-bracket\">]<\/span><\/span><\/h2>\n<p><a rel=\"nofollow\" class=\"external text\" href=\"https:\/\/www.fc-liefering.at\/de\/2025-2026\/spielplan\/2-liga-runde-21-sv-austria-salzburg-vs-fc-liefering#spielbericht\">Spielbericht Vereinshomepage<\/a>\n<\/p>\n<h2><span class=\"mw-headline\" id=\"Stimmen_zum_Spiel\">Stimmen zum Spiel<\/span><a href=\"\/index.php?title=21._Runde,_Saison_2025\/26,_SV_Austria_Salzburg_gegen_FC_Liefering&amp;action=edit&amp;section=2\" title=\"Abschnitt bearbeiten: Stimmen zum Spiel\">Bearbeiten<\/a><span class=\"mw-editsection-bracket\">]<\/span><\/span><\/h2>\n<p><b>Danny Galm:<\/b>  Mir hat in der ersten Halbzeit ein bisschen die Kaltschn\u00e4uzigkeit gefehlt, ansonsten hatten wir das Spiel im Griff, mit Ausnahme von einer Szene am Anfang. Wir h\u00e4tten uns mehr Strafraumaktionen und mehr Torgefahr gew\u00fcnscht, um diesen Aufwand, den wir betreiben, mit mehr Abschl\u00fcssen zu belohnen. Das, was hier passiert ist, ist eine ganz wichtige Erfahrung, die wir mitnehmen, um n\u00e4chste Woche wieder voll da zu sein.\n<\/p>\n<\/div>\n","protected":false},"excerpt":{"rendered":"<p>SV Austria Salzburg gegen FC Liefering, 2:0 Spieltag 2. Liga &#8211; 21. Runde Datum 13. M\u00e4rz 2026 Anpfiff 20:30 Uhr Aufstellung Tor Christian Zawieschitzky Verteidigung Julian Hussauf &#8211; Valentin Zabransky &#8211; Anrie Chase &#8211; Jakob Zangerl Mittelfeld Benedict Scharner &#8211; Ilia Ivanschitz &#8211; Riquelme Reis &#8211; Phillip Verhounig Sturm Oghenetejiri Adejenughure &#8211; Aboubacar Camara Wechsel [&hellip;]<\/p>\n","protected":false},"author":1,"featured_media":0,"comment_status":"open","ping_status":"open","sticky":false,"template":"","format":"standard","meta":{"footnotes":""},"categories":[923],"tags":[],"class_list":["post-1258","post","type-post","status-publish","format-standard","hentry","category-21-runde-saison-2025"],"_links":{"self":[{"href":"https:\/\/wiki.s12.at\/index.php\/wp-json\/wp\/v2\/posts\/1258","targetHints":{"allow":["GET"]}}],"collection":[{"href":"https:\/\/wiki.s12.at\/index.php\/wp-json\/wp\/v2\/posts"}],"about":[{"href":"https:\/\/wiki.s12.at\/index.php\/wp-json\/wp\/v2\/types\/post"}],"author":[{"embeddable":true,"href":"https:\/\/wiki.s12.at\/index.php\/wp-json\/wp\/v2\/users\/1"}],"replies":[{"embeddable":true,"href":"https:\/\/wiki.s12.at\/index.php\/wp-json\/wp\/v2\/comments?post=1258"}],"version-history":[{"count":0,"href":"https:\/\/wiki.s12.at\/index.php\/wp-json\/wp\/v2\/posts\/1258\/revisions"}],"wp:attachment":[{"href":"https:\/\/wiki.s12.at\/index.php\/wp-json\/wp\/v2\/media?parent=1258"}],"wp:term":[{"taxonomy":"category","embeddable":true,"href":"https:\/\/wiki.s12.at\/index.php\/wp-json\/wp\/v2\/categories?post=1258"},{"taxonomy":"post_tag","embeddable":true,"href":"https:\/\/wiki.s12.at\/index.php\/wp-json\/wp\/v2\/tags?post=1258"}],"curies":[{"name":"wp","href":"https:\/\/api.w.org\/{rel}","templated":true}]}}