{"id":1252,"date":"2026-05-06T13:43:49","date_gmt":"2026-05-06T11:43:49","guid":{"rendered":"https:\/\/wiki.s12.at\/index.php\/2026\/05\/06\/21-runde-saison-2021-22-floridsdorfer-ac-gegen-fc-liefering\/"},"modified":"2026-05-06T13:43:49","modified_gmt":"2026-05-06T11:43:49","slug":"21-runde-saison-2021-22-floridsdorfer-ac-gegen-fc-liefering","status":"publish","type":"post","link":"https:\/\/wiki.s12.at\/index.php\/2026\/05\/06\/21-runde-saison-2021-22-floridsdorfer-ac-gegen-fc-liefering\/","title":{"rendered":"22, Floridsdorfer AC gegen FC Liefering"},"content":{"rendered":"<div class=\"mw-parser-output\">\n<table class=\"toptextcells toccolours\">\n<tbody>\n<tr>\n<th colspan=\"2\" style=\"text-align: center; vertical-align: top; padding: 0.3em 0.8em; font-size: 125%; background-color: lightsteelblue;\">Floridsdorfer AC gegen FC Liefering, 2:1\n<\/th>\n<\/tr>\n<tr>\n<th style=\"text-align:left;\"><b>Spieltag<\/b>\n<\/th>\n<th style=\"text-align:left;\">2. Liga 21. Spieltag\n<\/th>\n<\/tr>\n<tr>\n<th style=\"text-align:left;\"><b>Datum<\/b>\n<\/th>\n<th style=\"text-align:left;\">20.M\u00e4rz 2022\n<\/th>\n<\/tr>\n<tr>\n<th style=\"text-align:left;\"><b>Anpfiff<\/b>\n<\/th>\n<th style=\"text-align:left;\">10.30 Uhr\n<\/th>\n<\/tr>\n<tr>\n<td colspan=\"2\" style=\"text-align:center;\" bgcolor=\"lightgray\"><b>Aufstellung<\/b>\n<\/td>\n<\/tr>\n<tr>\n<th style=\"text-align:left;\"><b>Tor<\/b>\n<\/th>\n<th><a href=\"\/Jonas_Krumrey\" title=\"Jonas Krumrey\">Jonas Krumrey<\/a>\n<\/th>\n<\/tr>\n<tr>\n<th style=\"text-align:left;\"><b>Verteidigung<\/b>\n<\/th>\n<th><a href=\"\/Benjamin_Atiabou\" title=\"Benjamin Atiabou\">Benjamin Atiabou<\/a> &#8211; <a href=\"\/Samson_Baidoo\" title=\"Samson Baidoo\">Samson Baidoo<\/a> &#8211; <a href=\"\/Lukas_Wallner\" title=\"Lukas Wallner\">Lukas Wallner<\/a> &#8211; <a href=\"\/Lukas_Ibertsberger\" title=\"Lukas Ibertsberger\">Lukas Ibertsberger <\/a>\n<\/th>\n<\/tr>\n<tr>\n<th style=\"text-align:left;\"><b>Mittelfeld<\/b>\n<\/th>\n<th><a href=\"\/Mamady_Diambou\" title=\"Mamady Diambou\">Mamady Diambou<\/a> &#8211; <a href=\"\/Raphael_Hofer\" title=\"Raphael Hofer\">Raphael Hofer<\/a> &#8211; <a href=\"\/Dijon_Kameri\" title=\"Dijon Kameri\">Dijon Kameri<\/a>  &#8211; <a href=\"\/Samson_Tijani\" title=\"Samson Tijani\">Samson Tijani<\/a>\n<\/th>\n<\/tr>\n<tr>\n<th style=\"text-align:left;\"><b>Sturm<\/b>\n<\/th>\n<th><a href=\"\/Oumar_Diakite\" title=\"Oumar Diakite\">Oumar Diakite<\/a> &#8211; <a href=\"\/Roko_Simic\" title=\"Roko Simic\">Roko Simic<\/a>\n<\/th>\n<\/tr>\n<tr>\n<td colspan=\"2\" style=\"text-align:center;\" bgcolor=\"lightgray\"><b>Wechsel<\/b>\n<\/td>\n<\/tr>\n<tr>\n<th style=\"text-align:left;\"><b>Wechsel<\/b>\n<\/th>\n<th style=\"text-align:left;\"><a href=\"\/Lawrence_Agyekum\" title=\"Lawrence Agyekum\">Lawrence Agyekum<\/a> f\u00fcr Hofer (46.), <a href=\"\/Marcel_Moswitzer\" title=\"Marcel Moswitzer\">Marcel Moswitzer<\/a> f\u00fcr Wallner (46.), <a href=\"\/Daniel_Owusu\" title=\"Daniel Owusu\">Daniel Owusu<\/a> f\u00fcr Ibertsberger (81.),<br \/> <a href=\"\/Luka_Reischl\" title=\"Luka Reischl\">Luka Reischl<\/a> f\u00fcr Kameri (88.)\n<\/th>\n<\/tr>\n<tr>\n<td colspan=\"2\" style=\"text-align:center;\" bgcolor=\"lightgray\"><b>Statistik<\/b>\n<\/td>\n<\/tr>\n<tr>\n<th style=\"text-align:left;\"><b>Endstand<\/b>\n<\/th>\n<th style=\"text-align:left;\">2:1 (2:1)\n<\/th>\n<\/tr>\n<tr>\n<th style=\"text-align:left;\"><b>Torsch\u00fctzen<\/b>\n<\/th>\n<th style=\"text-align:left;\">Tijani (13. ,ET.), Oliveira (38.); Simic (15.)\n<\/th>\n<\/tr>\n<tr>\n<th style=\"text-align:left;\"><b>Gelbe Karten<\/b>\n<\/th>\n<th style=\"text-align:left;\">Flavio (64.), Krasniqi (80.), Rechberger (83.); Ungar (87.); Diakite (20.), Kameri  (85.)\n<\/th>\n<\/tr>\n<tr>\n<th style=\"text-align:left;\"><b>Rote Karten<\/b>\n<\/th>\n<th style=\"text-align:left;\">\n<\/th>\n<\/tr>\n<tr>\n<th style=\"text-align:left;\"><b>Schiedsrichter<\/b>\n<\/th>\n<th style=\"text-align:left;\">Dominic Schilcher\n<\/th>\n<\/tr>\n<tr>\n<th style=\"text-align:left;\"><b>Stadion<\/b>\n<\/th>\n<th style=\"text-align:left;\">FAC-Platz, Wien\n<\/th>\n<\/tr>\n<tr>\n<th style=\"text-align:left;\"><b>Zuschauer<\/b>\n<\/th>\n<th style=\"text-align:left;\">1 011\n<\/th>\n<\/tr>\n<\/tbody>\n<\/table>\n<h2><span class=\"mw-headline\" id=\"Spielbericht\">Spielbericht<\/span><a href=\"\/index.php?title=21._Runde,_Saison_2021\/22,_Floridsdorfer_AC_gegen_FC_Liefering&amp;action=edit&amp;section=1\" title=\"Abschnitt bearbeiten: Spielbericht\">Bearbeiten<\/a><span class=\"mw-editsection-bracket\">]<\/span><\/span><\/h2>\n<p><a rel=\"nofollow\" class=\"external text\" href=\"https:\/\/www.fc-liefering.at\/de\/fc-liefering\/news\/saison_2021_22\/ligaspiel-fac-runde21.html\">Spielbericht Vereinshomepage<\/a>\n<\/p>\n<h2><span class=\"mw-headline\" id=\"Stimmen_zum_Spiel\">Stimmen zum Spiel<\/span><a href=\"\/index.php?title=21._Runde,_Saison_2021\/22,_Floridsdorfer_AC_gegen_FC_Liefering&amp;action=edit&amp;section=2\" title=\"Abschnitt bearbeiten: Stimmen zum Spiel\">Bearbeiten<\/a><span class=\"mw-editsection-bracket\">]<\/span><\/span><\/h2>\n<p><b>Rene  Aufhauser:<\/b>  Es waren leider keine optimalen Verh\u00e4ltnisse. Der Platz war holprig, der Wind hat geblasen \u2013 das war sicherlich ein Mitgrund, wieso wir in der zweiten Halbzeit nicht schnell genug in die letzte Linie gekommen sind und nicht gen\u00fcgend L\u00f6sungen gefunden haben. Wir m\u00fcssen uns ankreiden lassen, dass wir uns just durch die St\u00e4rken des FAC \u2013 Standards und die kompakte Verteidigung \u2013 um die Fr\u00fcchte der Arbeit gebracht haben. Der zweite Gegentreffer war dann der Knackpunkt, auch wenn die Burschen danach noch einmal alles reingeworfen, alles versucht haben.\n<\/p>\n<\/div>\n","protected":false},"excerpt":{"rendered":"<p>Floridsdorfer AC gegen FC Liefering, 2:1 Spieltag 2. Liga 21. Spieltag Datum 20.M\u00e4rz 2022 Anpfiff 10.30 Uhr Aufstellung Tor Jonas Krumrey Verteidigung Benjamin Atiabou &#8211; Samson Baidoo &#8211; Lukas Wallner &#8211; Lukas Ibertsberger Mittelfeld Mamady Diambou &#8211; Raphael Hofer &#8211; Dijon Kameri &#8211; Samson Tijani Sturm Oumar Diakite &#8211; Roko Simic Wechsel Wechsel Lawrence Agyekum [&hellip;]<\/p>\n","protected":false},"author":1,"featured_media":0,"comment_status":"open","ping_status":"open","sticky":false,"template":"","format":"standard","meta":{"footnotes":""},"categories":[976],"tags":[],"class_list":["post-1252","post","type-post","status-publish","format-standard","hentry","category-21-runde-saison-2021"],"_links":{"self":[{"href":"https:\/\/wiki.s12.at\/index.php\/wp-json\/wp\/v2\/posts\/1252","targetHints":{"allow":["GET"]}}],"collection":[{"href":"https:\/\/wiki.s12.at\/index.php\/wp-json\/wp\/v2\/posts"}],"about":[{"href":"https:\/\/wiki.s12.at\/index.php\/wp-json\/wp\/v2\/types\/post"}],"author":[{"embeddable":true,"href":"https:\/\/wiki.s12.at\/index.php\/wp-json\/wp\/v2\/users\/1"}],"replies":[{"embeddable":true,"href":"https:\/\/wiki.s12.at\/index.php\/wp-json\/wp\/v2\/comments?post=1252"}],"version-history":[{"count":0,"href":"https:\/\/wiki.s12.at\/index.php\/wp-json\/wp\/v2\/posts\/1252\/revisions"}],"wp:attachment":[{"href":"https:\/\/wiki.s12.at\/index.php\/wp-json\/wp\/v2\/media?parent=1252"}],"wp:term":[{"taxonomy":"category","embeddable":true,"href":"https:\/\/wiki.s12.at\/index.php\/wp-json\/wp\/v2\/categories?post=1252"},{"taxonomy":"post_tag","embeddable":true,"href":"https:\/\/wiki.s12.at\/index.php\/wp-json\/wp\/v2\/tags?post=1252"}],"curies":[{"name":"wp","href":"https:\/\/api.w.org\/{rel}","templated":true}]}}