{"id":1248,"date":"2026-05-06T13:43:46","date_gmt":"2026-05-06T11:43:46","guid":{"rendered":"https:\/\/wiki.s12.at\/index.php\/2026\/05\/06\/21-runde-saison-2019-20-fc-liefering-gegen-floridsdorfer-ac\/"},"modified":"2026-05-06T13:43:46","modified_gmt":"2026-05-06T11:43:46","slug":"21-runde-saison-2019-20-fc-liefering-gegen-floridsdorfer-ac","status":"publish","type":"post","link":"https:\/\/wiki.s12.at\/index.php\/2026\/05\/06\/21-runde-saison-2019-20-fc-liefering-gegen-floridsdorfer-ac\/","title":{"rendered":"20, FC Liefering gegen Floridsdorfer AC"},"content":{"rendered":"<div class=\"mw-parser-output\">\n<h2><span class=\"mw-headline\" id=\"Fakten\">Fakten<\/span><a href=\"\/index.php?title=21._Runde,_Saison_2019\/20,_FC_Liefering_gegen_Floridsdorfer_AC&amp;action=edit&amp;section=1\" title=\"Abschnitt bearbeiten: Fakten\">Bearbeiten<\/a><span class=\"mw-editsection-bracket\">]<\/span><\/span><\/h2>\n<table class=\"toptextcells toccolours\">\n<tbody>\n<tr>\n<th colspan=\"2\" style=\"text-align: center; vertical-align: top; padding: 0.3em 0.8em; font-size: 125%; background-color: lightsteelblue;\">FC Liefering gegen Floridsdorfer AC, 3:0\n<\/th>\n<\/tr>\n<tr>\n<th style=\"text-align:left;\"><b>Spieltag<\/b>\n<\/th>\n<th style=\"text-align:left;\">2. Liga-21. Runde\n<\/th>\n<\/tr>\n<tr>\n<th style=\"text-align:left;\"><b>Datum<\/b>\n<\/th>\n<th style=\"text-align:left;\">11. Juni 2020\n<\/th>\n<\/tr>\n<tr>\n<th style=\"text-align:left;\"><b>Anpfiff<\/b>\n<\/th>\n<th style=\"text-align:left;\">20.25 Uhr\n<\/th>\n<\/tr>\n<tr>\n<td colspan=\"2\" style=\"text-align:center;\" bgcolor=\"lightgray\"><b>Aufstellung<\/b>\n<\/td>\n<\/tr>\n<tr>\n<th style=\"text-align:left;\"><b>Tor<\/b>\n<\/th>\n<th><a href=\"\/Daniel_Antosch\" title=\"Daniel Antosch\">Daniel Antosch<\/a>\n<\/th>\n<\/tr>\n<tr>\n<th style=\"text-align:left;\"><b>Verteidigung<\/b>\n<\/th>\n<th><a href=\"\/Amar_Dedic\" title=\"Amar Dedic\">Amar Dedic<\/a> &#8211; <a href=\"\/David_Affengruber\" title=\"David Affengruber\">David Affengruber<\/a> &#8211; <a href=\"\/Alois_Oroz\" title=\"Alois Oroz\">Alois Oroz<\/a> &#8211; <a href=\"\/Jusuf_Gazibegovic\" title=\"Jusuf Gazibegovic\">Jusuf Gazibegovic<\/a>\n<\/th>\n<\/tr>\n<tr>\n<th style=\"text-align:left;\"><b>Mittelfeld<\/b>\n<\/th>\n<th><a href=\"\/Luis_Phelipe\" title=\"Luis Phelipe\">Luis Phelipe<\/a> &#8211; <a href=\"\/Youba_Diarra\" title=\"Youba Diarra\">Youba Diarra<\/a> &#8211; <a href=\"\/Nicolas_Seiwald\" title=\"Nicolas Seiwald\">Nicolas Seiwald<\/a> &#8211; <a href=\"\/Luka_Sucic\" title=\"Luka Sucic\">Luka Sucic<\/a>\n<\/th>\n<\/tr>\n<tr>\n<th style=\"text-align:left;\"><b>Sturm<\/b>\n<\/th>\n<th><a href=\"\/Junior_Adamu\" class=\"mw-redirect\" title=\"Junior Adamu\">Junior Adamu<\/a> &#8211; <a href=\"\/Csaba_Bukta\" title=\"Csaba Bukta\">Csaba Bukta<\/a>\n<\/th>\n<\/tr>\n<tr>\n<td colspan=\"2\" style=\"text-align:center;\" bgcolor=\"lightgray\"><b>Wechsel<\/b>\n<\/td>\n<\/tr>\n<tr>\n<th style=\"text-align:left;\"><b>Wechsel<\/b>\n<\/th>\n<th style=\"text-align:left;\"><a href=\"\/index.php?title=Nicola_Stosic&amp;action=edit&amp;redlink=1\" class=\"new\" title=\"Nicola Stosic (Seite nicht vorhanden)\">Nicola Stosic<\/a> f\u00fcr Diarra (46.), <a href=\"\/Maurits_Kjaergaard\" title=\"Maurits Kjaergaard\">Maurits Kjaergaard<\/a> f\u00fcr Phelipe (65.), <a href=\"\/Alexander_Prass\" title=\"Alexander Prass\">Alexander Prass<\/a> f\u00fcr Bukta (66.), <br \/><a href=\"\/Fabian_Windhager\" title=\"Fabian Windhager\">Fabian Windhager<\/a> f\u00fcr Gazibegovic (71.), <a href=\"\/Tobias_Anselm\" title=\"Tobias Anselm\">Tobias Anselm<\/a> f\u00fcr Adamu (80.)\n<\/th>\n<\/tr>\n<tr>\n<td colspan=\"2\" style=\"text-align:center;\" bgcolor=\"lightgray\"><b>Statistik<\/b>\n<\/td>\n<\/tr>\n<tr>\n<th style=\"text-align:left;\"><b>Endstand<\/b>\n<\/th>\n<th style=\"text-align:left;\">3:0 (1:0)\n<\/th>\n<\/tr>\n<tr>\n<th style=\"text-align:left;\"><b>Torsch\u00fctzen<\/b>\n<\/th>\n<th style=\"text-align:left;\">Diarra (10.), Adamu (55.), Anselm (87.)\n<\/th>\n<\/tr>\n<tr>\n<th style=\"text-align:left;\"><b>Gelbe Karten<\/b>\n<\/th>\n<th style=\"text-align:left;\">Dedic (19.); Okunbogwa (27.)\n<\/th>\n<\/tr>\n<tr>\n<th style=\"text-align:left;\"><b>Rote Karten<\/b>\n<\/th>\n<th style=\"text-align:left;\">\n<\/th>\n<\/tr>\n<tr>\n<th style=\"text-align:left;\"><b>Schiedsrichter<\/b>\n<\/th>\n<th style=\"text-align:left;\">Arnes Talic\n<\/th>\n<\/tr>\n<tr>\n<th style=\"text-align:left;\"><b>Stadion<\/b>\n<\/th>\n<th style=\"text-align:left;\">Red Bull Arena, Salzburg\n<\/th>\n<\/tr>\n<tr>\n<th style=\"text-align:left;\"><b>Zuschauer<\/b>\n<\/th>\n<th style=\"text-align:left;\">Wegen Corona keine Zuschauer\n<\/th>\n<\/tr>\n<\/tbody>\n<\/table>\n<p>\n<\/p>\n<h2><span class=\"mw-headline\" id=\"Stimmen_zum_Spiel\">Stimmen zum Spiel<\/span><a href=\"\/index.php?title=21._Runde,_Saison_2019\/20,_FC_Liefering_gegen_Floridsdorfer_AC&amp;action=edit&amp;section=2\" title=\"Abschnitt bearbeiten: Stimmen zum Spiel\">Bearbeiten<\/a><span class=\"mw-editsection-bracket\">]<\/span><\/span><\/h2>\n<ul>\n<li><b>Bo Svensson:<\/b> Ich freue mich nat\u00fcrlich \u00fcber den Sieg! Auch dar\u00fcber, dass wir nach langer Zeit wieder zu null gespielt haben. Trotzdem: Ich wei\u00df, dass wir es sehr viel besser k\u00f6nnen. Jetzt m\u00fcssen wir eine Schippe drauflegen, um in zweieinhalb Tagen in Wien zu bestehen. Wir werden das Spiel, wie immer, gut analysieren und versuchen, die Sachen, die wir heute nicht so gut gemacht haben, besser umzusetzen.<\/li>\n<\/ul>\n<h2><span class=\"mw-headline\" id=\"Weblinks\">Weblinks<\/span><a href=\"\/index.php?title=21._Runde,_Saison_2019\/20,_FC_Liefering_gegen_Floridsdorfer_AC&amp;action=edit&amp;section=3\" title=\"Abschnitt bearbeiten: Weblinks\">Bearbeiten<\/a><span class=\"mw-editsection-bracket\">]<\/span><\/span><\/h2>\n<ul>\n<li><a rel=\"nofollow\" class=\"external text\" href=\"https:\/\/www.fc-liefering.at\/de\/fc-liefering\/news\/saison_2019_20\/rueckkehrer-als-dosenoeffner.html\">Spielbericht Vereinshomepage<\/a><\/li>\n<\/ul>\n<\/div>\n","protected":false},"excerpt":{"rendered":"<p>FaktenBearbeiten] FC Liefering gegen Floridsdorfer AC, 3:0 Spieltag 2. Liga-21. Runde Datum 11. Juni 2020 Anpfiff 20.25 Uhr Aufstellung Tor Daniel Antosch Verteidigung Amar Dedic &#8211; David Affengruber &#8211; Alois Oroz &#8211; Jusuf Gazibegovic Mittelfeld Luis Phelipe &#8211; Youba Diarra &#8211; Nicolas Seiwald &#8211; Luka Sucic Sturm Junior Adamu &#8211; Csaba Bukta Wechsel Wechsel Nicola [&hellip;]<\/p>\n","protected":false},"author":1,"featured_media":0,"comment_status":"open","ping_status":"open","sticky":false,"template":"","format":"standard","meta":{"footnotes":""},"categories":[974],"tags":[],"class_list":["post-1248","post","type-post","status-publish","format-standard","hentry","category-21-runde-saison-2019"],"_links":{"self":[{"href":"https:\/\/wiki.s12.at\/index.php\/wp-json\/wp\/v2\/posts\/1248","targetHints":{"allow":["GET"]}}],"collection":[{"href":"https:\/\/wiki.s12.at\/index.php\/wp-json\/wp\/v2\/posts"}],"about":[{"href":"https:\/\/wiki.s12.at\/index.php\/wp-json\/wp\/v2\/types\/post"}],"author":[{"embeddable":true,"href":"https:\/\/wiki.s12.at\/index.php\/wp-json\/wp\/v2\/users\/1"}],"replies":[{"embeddable":true,"href":"https:\/\/wiki.s12.at\/index.php\/wp-json\/wp\/v2\/comments?post=1248"}],"version-history":[{"count":0,"href":"https:\/\/wiki.s12.at\/index.php\/wp-json\/wp\/v2\/posts\/1248\/revisions"}],"wp:attachment":[{"href":"https:\/\/wiki.s12.at\/index.php\/wp-json\/wp\/v2\/media?parent=1248"}],"wp:term":[{"taxonomy":"category","embeddable":true,"href":"https:\/\/wiki.s12.at\/index.php\/wp-json\/wp\/v2\/categories?post=1248"},{"taxonomy":"post_tag","embeddable":true,"href":"https:\/\/wiki.s12.at\/index.php\/wp-json\/wp\/v2\/tags?post=1248"}],"curies":[{"name":"wp","href":"https:\/\/api.w.org\/{rel}","templated":true}]}}