{"id":1243,"date":"2026-05-06T13:43:42","date_gmt":"2026-05-06T11:43:42","guid":{"rendered":"https:\/\/wiki.s12.at\/index.php\/2026\/05\/06\/21-runde-saison-2016-17-fc-red-bull-salzburg-gegen-skn-st-poelten\/"},"modified":"2026-05-06T13:43:42","modified_gmt":"2026-05-06T11:43:42","slug":"21-runde-saison-2016-17-fc-red-bull-salzburg-gegen-skn-st-poelten","status":"publish","type":"post","link":"https:\/\/wiki.s12.at\/index.php\/2026\/05\/06\/21-runde-saison-2016-17-fc-red-bull-salzburg-gegen-skn-st-poelten\/","title":{"rendered":"17, FC Red Bull Salzburg gegen SKN St.P\u00f6lten"},"content":{"rendered":"<div class=\"mw-parser-output\">\n<h2><span class=\"mw-headline\" id=\"Fakten\">Fakten<\/span><a href=\"\/index.php?title=21._Runde,_Saison_2016\/17,_FC_Red_Bull_Salzburg_gegen_SKN_St.P%C3%B6lten&amp;action=edit&amp;section=1\" title=\"Abschnitt bearbeiten: Fakten\">Bearbeiten<\/a><span class=\"mw-editsection-bracket\">]<\/span><\/span><\/h2>\n<table class=\"toptextcells toccolours\">\n<tbody>\n<tr>\n<th colspan=\"2\" style=\"text-align: center; vertical-align: top; padding: 0.3em 0.8em; font-size: 125%; background-color: lightsteelblue;\">FC Red Bull Salzburg gegen SKN St. P\u00f6lten, 2:0\n<\/th>\n<\/tr>\n<tr>\n<th style=\"text-align:left;\"><b>Spieltag<\/b>\n<\/th>\n<th style=\"text-align:left;\">Bundesliga &#8211; 21. Spieltag\n<\/th>\n<\/tr>\n<tr>\n<th style=\"text-align:left;\"><b>Datum<\/b>\n<\/th>\n<th style=\"text-align:left;\">11. Februar 2017\n<\/th>\n<\/tr>\n<tr>\n<th style=\"text-align:left;\"><b>Anpfiff<\/b>\n<\/th>\n<th style=\"text-align:left;\">18.30 Uhr\n<\/th>\n<\/tr>\n<tr>\n<td colspan=\"2\" style=\"text-align:center;\" bgcolor=\"lightgray\"><b>Aufstellung<\/b>\n<\/td>\n<\/tr>\n<tr>\n<th style=\"text-align:left;\"><b>Tor<\/b>\n<\/th>\n<th><a href=\"\/Alexander_Walke\" title=\"Alexander Walke\">Alexander Walke<\/a>\n<\/th>\n<\/tr>\n<tr>\n<th style=\"text-align:left;\"><b>Verteidigung<\/b>\n<\/th>\n<th><a href=\"\/Stefan_Lainer\" title=\"Stefan Lainer\">Stefan Lainer<\/a> &#8211; <a href=\"\/Andre_Wisdom\" title=\"Andre Wisdom\">Andre Wisdom<\/a> &#8211; <a href=\"\/Paulo_Miranda\" title=\"Paulo Miranda\">Paulo Miranda<\/a> &#8211; <a href=\"\/Andreas_Ulmer\" title=\"Andreas Ulmer\">Andreas Ulmer<\/a>\n<\/th>\n<\/tr>\n<tr>\n<th style=\"text-align:left;\"><b>Mittelfeld<\/b>\n<\/th>\n<th><a href=\"\/Diadie_Samassekou\" title=\"Diadie Samassekou\">Diadie Samassekou<\/a> &#8211; <a href=\"\/Konrad_Laimer\" title=\"Konrad Laimer\">Konrad Laimer<\/a> &#8211; <a href=\"\/Valentino_Lazaro\" title=\"Valentino Lazaro\">Valentino Lazaro<\/a> &#8211; <a href=\"\/Valon_Berisha\" title=\"Valon Berisha\">Valon Berisha<\/a>\n<\/th>\n<\/tr>\n<tr>\n<th style=\"text-align:left;\"><b>Sturm<\/b>\n<\/th>\n<th><a href=\"\/Jonatan_Soriano\" title=\"Jonatan Soriano\">Jonatan Soriano<\/a> &#8211; <a href=\"\/Hee-Chan_Hwang\" title=\"Hee-Chan Hwang\">Hee-Chan Hwang<\/a>\n<\/th>\n<\/tr>\n<tr>\n<td colspan=\"2\" style=\"text-align:center;\" bgcolor=\"lightgray\"><b>Wechsel<\/b>\n<\/td>\n<\/tr>\n<tr>\n<th style=\"text-align:left;\"><b>Wechsel<\/b>\n<\/th>\n<th style=\"text-align:left;\"><a href=\"\/Takumi_Minamino\" title=\"Takumi Minamino\">Takumi Minamino<\/a> f\u00fcr Lazaro (69.), <a href=\"\/Josip_Radosevic\" title=\"Josip Radosevic\">Josip Radosevic<\/a> f\u00fcr Samassekou (78.), <a href=\"\/Christoph_Leitgeb\" title=\"Christoph Leitgeb\">Christoph Leitgeb<\/a> f\u00fcr Hwang (84.)\n<\/th>\n<\/tr>\n<tr>\n<td colspan=\"2\" style=\"text-align:center;\" bgcolor=\"lightgray\"><b>Statistik<\/b>\n<\/td>\n<\/tr>\n<tr>\n<th style=\"text-align:left;\"><b>Endstand<\/b>\n<\/th>\n<th style=\"text-align:left;\">2:0 (2:0)\n<\/th>\n<\/tr>\n<tr>\n<th style=\"text-align:left;\"><b>Torsch\u00fctzen<\/b>\n<\/th>\n<th style=\"text-align:left;\">Soriano (24.), Laimer (45.+1)\n<\/th>\n<\/tr>\n<tr>\n<th style=\"text-align:left;\"><b>Gelbe Karten<\/b>\n<\/th>\n<th style=\"text-align:left;\">\n<\/th>\n<\/tr>\n<tr>\n<th style=\"text-align:left;\"><b>Rote Karten<\/b>\n<\/th>\n<th style=\"text-align:left;\">\n<\/th>\n<\/tr>\n<tr>\n<th style=\"text-align:left;\"><b>Schiedsrichter<\/b>\n<\/th>\n<th style=\"text-align:left;\">Gerhard Grobelnik\n<\/th>\n<\/tr>\n<tr>\n<th style=\"text-align:left;\"><b>Stadion<\/b>\n<\/th>\n<th style=\"text-align:left;\">EM-Stadion, Wals-Siezenheim\n<\/th>\n<\/tr>\n<tr>\n<th style=\"text-align:left;\"><b>Zuschauer<\/b>\n<\/th>\n<th style=\"text-align:left;\">5 204\n<\/th>\n<\/tr>\n<\/tbody>\n<\/table>\n<h2><span class=\"mw-headline\" id=\"Weblinks\">Weblinks<\/span><a href=\"\/index.php?title=21._Runde,_Saison_2016\/17,_FC_Red_Bull_Salzburg_gegen_SKN_St.P%C3%B6lten&amp;action=edit&amp;section=2\" title=\"Abschnitt bearbeiten: Weblinks\">Bearbeiten<\/a><span class=\"mw-editsection-bracket\">]<\/span><\/span><\/h2>\n<ul>\n<li><a rel=\"nofollow\" class=\"external text\" href=\"http:\/\/www.redbullsalzburg.at\/de\/fc-red-bull-salzburg\/news\/saison_2016_17\/rote-bullen-holen-sich-mit-einem-2-0-heimsieg-die-tabellenfuehrung.html\">Spielbericht Vereinshomepage<\/a><\/li>\n<\/ul>\n<h2><span class=\"mw-headline\" id=\"Stimmen_zum_Spiel\">Stimmen zum Spiel<\/span><a href=\"\/index.php?title=21._Runde,_Saison_2016\/17,_FC_Red_Bull_Salzburg_gegen_SKN_St.P%C3%B6lten&amp;action=edit&amp;section=3\" title=\"Abschnitt bearbeiten: Stimmen zum Spiel\">Bearbeiten<\/a><span class=\"mw-editsection-bracket\">]<\/span><\/span><\/h2>\n<p><b>Oscar Garcia:<\/b> Ich bin sehr zufrieden mit der Art und Weise, mit der wir in der ersten Halbzeit gespielt haben. In der zweiten H\u00e4lfte gab es jedoch f\u00fcr meinen Geschmack zu viele Abspielfehler, und der letzte Pass kam oft nicht an. Ich denke, meine Mannschaft wollte zu viel. Wir haben unser Ziel erreicht, und das ist f\u00fcr mich heute alles, was z\u00e4hlt.\n<\/p>\n<p><b>Jonatan Soriano:<\/b> Ich bin sehr froh, dass ich wieder von Beginn an spielen konnte und nat\u00fcrlich freue ich mich auch, dass ich ein Tor erzielen konnte. F\u00fcr mich waren wir heute klar die bessere Mannschaft, h\u00e4tten aber in der zweiten Halbzeit deutlich besser spielen m\u00fcssen. Da hat einiges nicht so geklappt, wie wir uns das vorgenommen hatten.\n<\/p>\n<\/div>\n","protected":false},"excerpt":{"rendered":"<p>FaktenBearbeiten] FC Red Bull Salzburg gegen SKN St. P\u00f6lten, 2:0 Spieltag Bundesliga &#8211; 21. Spieltag Datum 11. Februar 2017 Anpfiff 18.30 Uhr Aufstellung Tor Alexander Walke Verteidigung Stefan Lainer &#8211; Andre Wisdom &#8211; Paulo Miranda &#8211; Andreas Ulmer Mittelfeld Diadie Samassekou &#8211; Konrad Laimer &#8211; Valentino Lazaro &#8211; Valon Berisha Sturm Jonatan Soriano &#8211; Hee-Chan [&hellip;]<\/p>\n","protected":false},"author":1,"featured_media":0,"comment_status":"open","ping_status":"open","sticky":false,"template":"","format":"standard","meta":{"footnotes":""},"categories":[971],"tags":[],"class_list":["post-1243","post","type-post","status-publish","format-standard","hentry","category-21-runde-saison-2016"],"_links":{"self":[{"href":"https:\/\/wiki.s12.at\/index.php\/wp-json\/wp\/v2\/posts\/1243","targetHints":{"allow":["GET"]}}],"collection":[{"href":"https:\/\/wiki.s12.at\/index.php\/wp-json\/wp\/v2\/posts"}],"about":[{"href":"https:\/\/wiki.s12.at\/index.php\/wp-json\/wp\/v2\/types\/post"}],"author":[{"embeddable":true,"href":"https:\/\/wiki.s12.at\/index.php\/wp-json\/wp\/v2\/users\/1"}],"replies":[{"embeddable":true,"href":"https:\/\/wiki.s12.at\/index.php\/wp-json\/wp\/v2\/comments?post=1243"}],"version-history":[{"count":0,"href":"https:\/\/wiki.s12.at\/index.php\/wp-json\/wp\/v2\/posts\/1243\/revisions"}],"wp:attachment":[{"href":"https:\/\/wiki.s12.at\/index.php\/wp-json\/wp\/v2\/media?parent=1243"}],"wp:term":[{"taxonomy":"category","embeddable":true,"href":"https:\/\/wiki.s12.at\/index.php\/wp-json\/wp\/v2\/categories?post=1243"},{"taxonomy":"post_tag","embeddable":true,"href":"https:\/\/wiki.s12.at\/index.php\/wp-json\/wp\/v2\/tags?post=1243"}],"curies":[{"name":"wp","href":"https:\/\/api.w.org\/{rel}","templated":true}]}}