{"id":1242,"date":"2026-05-06T13:43:42","date_gmt":"2026-05-06T11:43:42","guid":{"rendered":"https:\/\/wiki.s12.at\/index.php\/2026\/05\/06\/21-runde-saison-2016-17-fc-liefering-gegen-lask\/"},"modified":"2026-05-06T13:43:42","modified_gmt":"2026-05-06T11:43:42","slug":"21-runde-saison-2016-17-fc-liefering-gegen-lask","status":"publish","type":"post","link":"https:\/\/wiki.s12.at\/index.php\/2026\/05\/06\/21-runde-saison-2016-17-fc-liefering-gegen-lask\/","title":{"rendered":"17, FC Liefering gegen LASK"},"content":{"rendered":"<div class=\"mw-parser-output\">\n<h2><span class=\"mw-headline\" id=\"Fakten\">Fakten<\/span><a href=\"\/index.php?title=21._Runde,_Saison_2016\/17,_FC_Liefering_gegen_LASK&amp;action=edit&amp;section=1\" title=\"Abschnitt bearbeiten: Fakten\">Bearbeiten<\/a><span class=\"mw-editsection-bracket\">]<\/span><\/span><\/h2>\n<table class=\"toptextcells toccolours\">\n<tbody>\n<tr>\n<th colspan=\"2\" style=\"text-align: center; vertical-align: top; padding: 0.3em 0.8em; font-size: 125%; background-color: lightsteelblue;\">FC Liefering gegen LASK, 0:3\n<\/th>\n<\/tr>\n<tr>\n<th style=\"text-align:left;\"><b>Spieltag<\/b>\n<\/th>\n<th style=\"text-align:left;\">SKY Go Erste Liga &#8211; 19. Spieltag\n<\/th>\n<\/tr>\n<tr>\n<th style=\"text-align:left;\"><b>Datum<\/b>\n<\/th>\n<th style=\"text-align:left;\">24. Februar 2017\n<\/th>\n<\/tr>\n<tr>\n<th style=\"text-align:left;\"><b>Anpfiff<\/b>\n<\/th>\n<th style=\"text-align:left;\">20.30 Uhr\n<\/th>\n<\/tr>\n<tr>\n<td colspan=\"2\" style=\"text-align:center;\" bgcolor=\"lightgray\"><b>Aufstellung<\/b>\n<\/td>\n<\/tr>\n<tr>\n<th style=\"text-align:left;\"><b>Tor<\/b>\n<\/th>\n<th><a href=\"\/Carlos_Miguel_Coronel\" title=\"Carlos Miguel Coronel\">Carlos Miguel Coronel<\/a>\n<\/th>\n<\/tr>\n<tr>\n<th style=\"text-align:left;\"><b>Verteidigung<\/b>\n<\/th>\n<th><a href=\"\/Sandro_Ingolitsch\" title=\"Sandro Ingolitsch\">Sandro Ingolitsch <\/a> &#8211; <a href=\"\/Luca_Meisl\" title=\"Luca Meisl\">Luca Meisl<\/a> &#8211; <a href=\"\/Igor\" class=\"mw-redirect\" title=\"Igor\">Igor<\/a> &#8211; <a href=\"\/Gideon_Mensah\" title=\"Gideon Mensah\">Gideon Mensah<\/a>\n<\/th>\n<\/tr>\n<tr>\n<th style=\"text-align:left;\"><b>Mittelfeld<\/b>\n<\/th>\n<th><a href=\"\/Hannes_Wolf\" title=\"Hannes Wolf\">Hannes Wolf<\/a> &#8211;  <a href=\"\/Nico_Gorzel\" title=\"Nico Gorzel\">Nico Gorzel<\/a>  &#8211; <a href=\"\/Rami_Tekir\" title=\"Rami Tekir\">Rami Tekir<\/a> &#8211; <a href=\"\/Masaya_Okugawa\" title=\"Masaya Okugawa\">Masaya Okugawa<\/a>\n<\/th>\n<\/tr>\n<tr>\n<th style=\"text-align:left;\"><b>Sturm<\/b>\n<\/th>\n<th><a href=\"\/Smail_Prevljak\" title=\"Smail Prevljak\">Smail Prevljak<\/a> &#8211; <a href=\"\/Mergim_Berisha\" title=\"Mergim Berisha\">Mergim Berisha<\/a>\n<\/th>\n<\/tr>\n<tr>\n<td colspan=\"2\" style=\"text-align:center;\" bgcolor=\"lightgray\"><b>Wechsel<\/b>\n<\/td>\n<\/tr>\n<tr>\n<th style=\"text-align:left;\"><b>Wechsel<\/b>\n<\/th>\n<th style=\"text-align:left;\"><a href=\"\/Oliver_Filip\" title=\"Oliver Filip\">Oliver Filip<\/a> f\u00fcr Prevljak (52.), <a href=\"\/Nicolas_Meister\" title=\"Nicolas Meister\">Nicolas Meister<\/a> f\u00fcr Wolf (66.), <a href=\"\/Philipp_Sturm\" title=\"Philipp Sturm\">Philipp Sturm<\/a> f\u00fcr Okugawa (90.)\n<\/th>\n<\/tr>\n<tr>\n<td colspan=\"2\" style=\"text-align:center;\" bgcolor=\"lightgray\"><b>Statistik<\/b>\n<\/td>\n<\/tr>\n<tr>\n<th style=\"text-align:left;\"><b>Endstand<\/b>\n<\/th>\n<th style=\"text-align:left;\">0:3 (0:2)\n<\/th>\n<\/tr>\n<tr>\n<th style=\"text-align:left;\"><b>Torsch\u00fctzen<\/b>\n<\/th>\n<th style=\"text-align:left;\">Fabiano (12.), Riemann (40.), Boateng (47.)\n<\/th>\n<\/tr>\n<tr>\n<th style=\"text-align:left;\"><b>Gelbe Karten<\/b>\n<\/th>\n<th style=\"text-align:left;\">Ranftl (79.)\n<\/th>\n<\/tr>\n<tr>\n<th style=\"text-align:left;\"><b>Rote Karten<\/b>\n<\/th>\n<th style=\"text-align:left;\">\n<\/th>\n<\/tr>\n<tr>\n<th style=\"text-align:left;\"><b>Schiedsrichter<\/b>\n<\/th>\n<th style=\"text-align:left;\">Harald Lechner\n<\/th>\n<\/tr>\n<tr>\n<th style=\"text-align:left;\"><b>Stadion<\/b>\n<\/th>\n<th style=\"text-align:left;\">Untersberg-Arena, Gr\u00f6dig\n<\/th>\n<\/tr>\n<tr>\n<th style=\"text-align:left;\"><b>Zuschauer<\/b>\n<\/th>\n<th style=\"text-align:left;\">688\n<\/th>\n<\/tr>\n<\/tbody>\n<\/table>\n<h2><span class=\"mw-headline\" id=\"Weblinks\">Weblinks<\/span><a href=\"\/index.php?title=21._Runde,_Saison_2016\/17,_FC_Liefering_gegen_LASK&amp;action=edit&amp;section=2\" title=\"Abschnitt bearbeiten: Weblinks\">Bearbeiten<\/a><span class=\"mw-editsection-bracket\">]<\/span><\/span><\/h2>\n<p><a rel=\"nofollow\" class=\"external text\" href=\"http:\/\/www.fc-liefering.at\/de\/fc-liefering\/news\/saison_2016_17\/fc-liefering-unterliegt-im-spitzenspiel.html\">Spielbericht Vereinshomepage<\/a>\n<\/p>\n<h2><span class=\"mw-headline\" id=\"Stimmen_zum_Spiel\">Stimmen zum Spiel<\/span><a href=\"\/index.php?title=21._Runde,_Saison_2016\/17,_FC_Liefering_gegen_LASK&amp;action=edit&amp;section=3\" title=\"Abschnitt bearbeiten: Stimmen zum Spiel\">Bearbeiten<\/a><span class=\"mw-editsection-bracket\">]<\/span><\/span><\/h2>\n<p><b>Thomas Letsch:<\/b> Wir haben meiner Meinung nach eine gute erste Halbzeit gespielt, auch wenn wir 0:2 in R\u00fcckstand waren. Das Spiel haben wir eigentlich kontrolliert, aber im vorderen Drittel oftmals falsche Entscheidungen getroffen und daher kaum klare Torchancen vorgefunden. Im Gegenzug wurden unsere Fehler vom LASK sofort bestraft. Wir waren auch in der Pause noch davon \u00fcberzeugt, dass wir zumindest einen Punkt holen k\u00f6nnen. Mit dem 0:3 war es f\u00fcr uns dann gelaufen, und die Linzer haben das schlie\u00dflich kontrolliert heruntergespielt und die R\u00e4ume zugemacht.\n<\/p>\n<\/div>\n","protected":false},"excerpt":{"rendered":"<p>FaktenBearbeiten] FC Liefering gegen LASK, 0:3 Spieltag SKY Go Erste Liga &#8211; 19. Spieltag Datum 24. Februar 2017 Anpfiff 20.30 Uhr Aufstellung Tor Carlos Miguel Coronel Verteidigung Sandro Ingolitsch &#8211; Luca Meisl &#8211; Igor &#8211; Gideon Mensah Mittelfeld Hannes Wolf &#8211; Nico Gorzel &#8211; Rami Tekir &#8211; Masaya Okugawa Sturm Smail Prevljak &#8211; Mergim Berisha [&hellip;]<\/p>\n","protected":false},"author":1,"featured_media":0,"comment_status":"open","ping_status":"open","sticky":false,"template":"","format":"standard","meta":{"footnotes":""},"categories":[971],"tags":[],"class_list":["post-1242","post","type-post","status-publish","format-standard","hentry","category-21-runde-saison-2016"],"_links":{"self":[{"href":"https:\/\/wiki.s12.at\/index.php\/wp-json\/wp\/v2\/posts\/1242","targetHints":{"allow":["GET"]}}],"collection":[{"href":"https:\/\/wiki.s12.at\/index.php\/wp-json\/wp\/v2\/posts"}],"about":[{"href":"https:\/\/wiki.s12.at\/index.php\/wp-json\/wp\/v2\/types\/post"}],"author":[{"embeddable":true,"href":"https:\/\/wiki.s12.at\/index.php\/wp-json\/wp\/v2\/users\/1"}],"replies":[{"embeddable":true,"href":"https:\/\/wiki.s12.at\/index.php\/wp-json\/wp\/v2\/comments?post=1242"}],"version-history":[{"count":0,"href":"https:\/\/wiki.s12.at\/index.php\/wp-json\/wp\/v2\/posts\/1242\/revisions"}],"wp:attachment":[{"href":"https:\/\/wiki.s12.at\/index.php\/wp-json\/wp\/v2\/media?parent=1242"}],"wp:term":[{"taxonomy":"category","embeddable":true,"href":"https:\/\/wiki.s12.at\/index.php\/wp-json\/wp\/v2\/categories?post=1242"},{"taxonomy":"post_tag","embeddable":true,"href":"https:\/\/wiki.s12.at\/index.php\/wp-json\/wp\/v2\/tags?post=1242"}],"curies":[{"name":"wp","href":"https:\/\/api.w.org\/{rel}","templated":true}]}}