{"id":1241,"date":"2026-05-06T13:43:41","date_gmt":"2026-05-06T11:43:41","guid":{"rendered":"https:\/\/wiki.s12.at\/index.php\/2026\/05\/06\/21-runde-saison-2015-16-admira-wacker-moedling-gegen-fc-red-bull-salzburg\/"},"modified":"2026-05-06T13:43:41","modified_gmt":"2026-05-06T11:43:41","slug":"21-runde-saison-2015-16-admira-wacker-moedling-gegen-fc-red-bull-salzburg","status":"publish","type":"post","link":"https:\/\/wiki.s12.at\/index.php\/2026\/05\/06\/21-runde-saison-2015-16-admira-wacker-moedling-gegen-fc-red-bull-salzburg\/","title":{"rendered":"16 Admira Wacker M\u00f6dling gegen FC Red Bull Salzburg"},"content":{"rendered":"<div class=\"mw-parser-output\">\n<h2><span class=\"mw-headline\" id=\"Fakten\">Fakten<\/span><a href=\"\/index.php?title=21._Runde,_Saison_2015\/16_Admira_Wacker_M%C3%B6dling_gegen_FC_Red_Bull_Salzburg&amp;action=edit&amp;section=1\" title=\"Abschnitt bearbeiten: Fakten\">Bearbeiten<\/a><span class=\"mw-editsection-bracket\">]<\/span><\/span><\/h2>\n<table class=\"toptextcells toccolours\">\n<tbody>\n<tr>\n<th colspan=\"2\" style=\"text-align: center; vertical-align: top; padding: 0.3em 0.8em; font-size: 125%; background-color: lightsteelblue;\">Admira Wacker M\u00f6dling gegen FC Red Bull Salzburg, 1:2\n<\/th>\n<\/tr>\n<tr>\n<th style=\"text-align:left;\"><b>Spieltag<\/b>\n<\/th>\n<th style=\"text-align:left;\">Bundesliga &#8211; 21. Spieltag\n<\/th>\n<\/tr>\n<tr>\n<th style=\"text-align:left;\"><b>Datum<\/b>\n<\/th>\n<th style=\"text-align:left;\">7. Februar 2016\n<\/th>\n<\/tr>\n<tr>\n<th style=\"text-align:left;\"><b>Anpfiff<\/b>\n<\/th>\n<th style=\"text-align:left;\">16.30 Uhr\n<\/th>\n<\/tr>\n<tr>\n<td colspan=\"2\" style=\"text-align:center;\" bgcolor=\"lightgray\"><b>Aufstellung<\/b>\n<\/td>\n<\/tr>\n<tr>\n<th style=\"text-align:left;\"><b>Tor<\/b>\n<\/th>\n<th><a href=\"\/Alexander_Walke\" title=\"Alexander Walke\">Alexander Walke<\/a>\n<\/th>\n<\/tr>\n<tr>\n<th style=\"text-align:left;\"><b>Verteidigung<\/b>\n<\/th>\n<th><a href=\"\/Christian_Schwegler\" title=\"Christian Schwegler\">Christian Schwegler<\/a> &#8211; <a href=\"\/Duje_Caleta-Car\" title=\"Duje Caleta-Car\">Duje Caleta-Car<\/a> &#8211; <a href=\"\/Paulo_Miranda\" title=\"Paulo Miranda\">Paulo Miranda<\/a> &#8211; <a href=\"\/Andreas_Ulmer\" title=\"Andreas Ulmer\">Andreas Ulmer<\/a>\n<\/th>\n<\/tr>\n<tr>\n<th style=\"text-align:left;\"><b>Mittelfeld<\/b>\n<\/th>\n<th><a href=\"\/Konrad_Laimer\" title=\"Konrad Laimer\">Konrad Laimer<\/a> &#8211; <a href=\"\/Yasin_Pehlivan\" title=\"Yasin Pehlivan\">Yasin Pehlivan<\/a> &#8211; <a href=\"\/Takumi_Minamino\" title=\"Takumi Minamino\">Takumi Minamino<\/a> &#8211; <a href=\"\/Valon_Berisha\" title=\"Valon Berisha\">Valon Berisha<\/a>\n<\/th>\n<\/tr>\n<tr>\n<th style=\"text-align:left;\"><b>Sturm<\/b>\n<\/th>\n<th><a href=\"\/Jonatan_Soriano\" title=\"Jonatan Soriano\">Jonatan Soriano<\/a> &#8211; <a href=\"\/Omer_Damari\" title=\"Omer Damari\">Omer Damari<\/a>\n<\/th>\n<\/tr>\n<tr>\n<td colspan=\"2\" style=\"text-align:center;\" bgcolor=\"lightgray\"><b>Wechsel<\/b>\n<\/td>\n<\/tr>\n<tr>\n<th style=\"text-align:left;\"><b>Wechsel<\/b>\n<\/th>\n<th style=\"text-align:left;\"><a href=\"\/Valentino_Lazaro\" title=\"Valentino Lazaro\">Valentino Lazaro<\/a> f\u00fcr Damari (61.), <a href=\"\/Benno_Schmitz\" title=\"Benno Schmitz\">Benno Schmitz<\/a> f\u00fcr Laimer (69.), <a href=\"\/Bernardo\" title=\"Bernardo\">Bernardo<\/a> f\u00fcr Pehlivan (79.)\n<\/th>\n<\/tr>\n<tr>\n<td colspan=\"2\" style=\"text-align:center;\" bgcolor=\"lightgray\"><b>Statistik<\/b>\n<\/td>\n<\/tr>\n<tr>\n<th style=\"text-align:left;\"><b>Endstand<\/b>\n<\/th>\n<th style=\"text-align:left;\">1:2 (0:0)\n<\/th>\n<\/tr>\n<tr>\n<th style=\"text-align:left;\"><b>Torsch\u00fctzen<\/b>\n<\/th>\n<th style=\"text-align:left;\">Spiridonovic (51.); Berisha (50.), Soriano (74.)\n<\/th>\n<\/tr>\n<tr>\n<th style=\"text-align:left;\"><b>Gelbe Karten<\/b>\n<\/th>\n<th style=\"text-align:left;\">Grozurek (74.); Pehlivan (45.)\n<\/th>\n<\/tr>\n<tr>\n<th style=\"text-align:left;\"><b>Rote Karten<\/b>\n<\/th>\n<th style=\"text-align:left;\">\n<\/th>\n<\/tr>\n<tr>\n<th style=\"text-align:left;\"><b>Schiedsrichter<\/b>\n<\/th>\n<th style=\"text-align:left;\">Dominik Ouschan\n<\/th>\n<\/tr>\n<tr>\n<th style=\"text-align:left;\"><b>Stadion<\/b>\n<\/th>\n<th style=\"text-align:left;\">Bundesstadion S\u00fcdstadt, M\u00f6dling\n<\/th>\n<\/tr>\n<tr>\n<th style=\"text-align:left;\"><b>Zuschauer<\/b>\n<\/th>\n<th style=\"text-align:left;\">3 006\n<\/th>\n<\/tr>\n<\/tbody>\n<\/table>\n<h2><span class=\"mw-headline\" id=\"Bilder\">Bilder<\/span><a href=\"\/index.php?title=21._Runde,_Saison_2015\/16_Admira_Wacker_M%C3%B6dling_gegen_FC_Red_Bull_Salzburg&amp;action=edit&amp;section=2\" title=\"Abschnitt bearbeiten: Bilder\">Bearbeiten<\/a><span class=\"mw-editsection-bracket\">]<\/span><\/span><\/h2>\n<ul>\n<li>(c) Katrin Staudinger<\/li>\n<\/ul>\n<ul class=\"gallery mw-gallery-traditional\">\n<li class=\"gallerybox\" style=\"width: 155px\">\n<div style=\"width: 155px\">\n<div class=\"thumb\" style=\"width: 150px;\">\n<div style=\"margin:31px auto;\"><a href=\"\/Datei:Ad,mira_SBG_(1).jpg\" class=\"image\"><img alt=\"Ad,mira SBG (1).jpg\" src=\"\/images\/thumb\/1\/17\/Ad%2Cmira_SBG_%281%29.jpg\/120px-Ad%2Cmira_SBG_%281%29.jpg\" decoding=\"async\" width=\"120\" height=\"88\" srcset=\"\/images\/thumb\/1\/17\/Ad%2Cmira_SBG_%281%29.jpg\/180px-Ad%2Cmira_SBG_%281%29.jpg 1.5x, \/images\/thumb\/1\/17\/Ad%2Cmira_SBG_%281%29.jpg\/240px-Ad%2Cmira_SBG_%281%29.jpg 2x\" \/><\/a><\/div>\n<\/div>\n<div class=\"gallerytext\">\n\t\t\t<\/div>\n<\/p><\/div>\n<\/li>\n<li class=\"gallerybox\" style=\"width: 155px\">\n<div style=\"width: 155px\">\n<div class=\"thumb\" style=\"width: 150px;\">\n<div style=\"margin:30px auto;\"><a href=\"\/Datei:Ad,mira_SBG_(2).jpg\" class=\"image\"><img alt=\"Ad,mira SBG (2).jpg\" src=\"\/images\/thumb\/3\/32\/Ad%2Cmira_SBG_%282%29.jpg\/120px-Ad%2Cmira_SBG_%282%29.jpg\" decoding=\"async\" width=\"120\" height=\"90\" srcset=\"\/images\/thumb\/3\/32\/Ad%2Cmira_SBG_%282%29.jpg\/180px-Ad%2Cmira_SBG_%282%29.jpg 1.5x, \/images\/thumb\/3\/32\/Ad%2Cmira_SBG_%282%29.jpg\/240px-Ad%2Cmira_SBG_%282%29.jpg 2x\" \/><\/a><\/div>\n<\/div>\n<div class=\"gallerytext\">\n\t\t\t<\/div>\n<\/p><\/div>\n<\/li>\n<li class=\"gallerybox\" style=\"width: 155px\">\n<div style=\"width: 155px\">\n<div class=\"thumb\" style=\"width: 150px;\">\n<div style=\"margin:30px auto;\"><a href=\"\/Datei:Ad,mira_SBG_(3).jpg\" class=\"image\"><img alt=\"Ad,mira SBG (3).jpg\" src=\"\/images\/thumb\/f\/fd\/Ad%2Cmira_SBG_%283%29.jpg\/120px-Ad%2Cmira_SBG_%283%29.jpg\" decoding=\"async\" width=\"120\" height=\"90\" srcset=\"\/images\/thumb\/f\/fd\/Ad%2Cmira_SBG_%283%29.jpg\/180px-Ad%2Cmira_SBG_%283%29.jpg 1.5x, \/images\/thumb\/f\/fd\/Ad%2Cmira_SBG_%283%29.jpg\/240px-Ad%2Cmira_SBG_%283%29.jpg 2x\" \/><\/a><\/div>\n<\/div>\n<div class=\"gallerytext\">\n\t\t\t<\/div>\n<\/p><\/div>\n<\/li>\n<li class=\"gallerybox\" style=\"width: 155px\">\n<div style=\"width: 155px\">\n<div class=\"thumb\" style=\"width: 150px;\">\n<div style=\"margin:30px auto;\"><a href=\"\/Datei:Ad,mira_SBG_(4).jpg\" class=\"image\"><img loading=\"lazy\" alt=\"Ad,mira SBG (4).jpg\" src=\"\/images\/thumb\/f\/f7\/Ad%2Cmira_SBG_%284%29.jpg\/120px-Ad%2Cmira_SBG_%284%29.jpg\" decoding=\"async\" width=\"120\" height=\"90\" srcset=\"\/images\/thumb\/f\/f7\/Ad%2Cmira_SBG_%284%29.jpg\/180px-Ad%2Cmira_SBG_%284%29.jpg 1.5x, \/images\/thumb\/f\/f7\/Ad%2Cmira_SBG_%284%29.jpg\/240px-Ad%2Cmira_SBG_%284%29.jpg 2x\" \/><\/a><\/div>\n<\/div>\n<div class=\"gallerytext\">\n\t\t\t<\/div>\n<\/p><\/div>\n<\/li>\n<\/ul>\n<h2><span class=\"mw-headline\" id=\"Weblinks\">Weblinks<\/span><a href=\"\/index.php?title=21._Runde,_Saison_2015\/16_Admira_Wacker_M%C3%B6dling_gegen_FC_Red_Bull_Salzburg&amp;action=edit&amp;section=3\" title=\"Abschnitt bearbeiten: Weblinks\">Bearbeiten<\/a><span class=\"mw-editsection-bracket\">]<\/span><\/span><\/h2>\n<ul>\n<li><a rel=\"nofollow\" class=\"external text\" href=\"http:\/\/www.redbullsalzburg.at\/de\/fc-red-bull-salzburg\/news\/saison_2015_16\/rote-bullen-gewinnen-zum-fruehjahrsauftakt-bei-admira-wacker-moedling.html\">Spielbericht Vereinshomepage<\/a><\/li>\n<li><a rel=\"nofollow\" class=\"external text\" href=\"http:\/\/www.salzburg12.at\/2016\/02\/muehevoller-auftaktsieg-in-der-suedstadt\/\">Spielbericht salzburg12.at<\/a><\/li>\n<\/ul>\n<h2><span class=\"mw-headline\" id=\"Stimmen_zum_Spiel\">Stimmen zum Spiel<\/span><a href=\"\/index.php?title=21._Runde,_Saison_2015\/16_Admira_Wacker_M%C3%B6dling_gegen_FC_Red_Bull_Salzburg&amp;action=edit&amp;section=4\" title=\"Abschnitt bearbeiten: Stimmen zum Spiel\">Bearbeiten<\/a><span class=\"mw-editsection-bracket\">]<\/span><\/span><\/h2>\n<p><b>Oscar Garcia:<\/b> Ich bin gl\u00fccklich \u00fcber die Leistung meiner Mannschaft, denn der Platz war heute sehr schwierig zu bespielen. Das Team hat gek\u00e4mpft und sich daf\u00fcr mit dem Sieg belohnt. Wir haben gute Chancen erarbeitet und konnten nach dem Ausgleich noch einmal nachsetzen. Ein Lob auch an den Gegner, der heute gegen uns sehr gut aufgetreten ist.\n<\/p>\n<p><b>Jonatan Soriano:<\/b> Heute war es nicht einfach f\u00fcr uns. Wir hatten einen guten Gegner und mussten mit schwierigen Platzverh\u00e4ltnissen zurechtkommen. Vieles, was wir uns heute vorgenommen haben, hat schon gut funktioniert, aber wir wissen auch, was wir verbessern m\u00fcssen. Jetzt m\u00fcssen wir uns schon auf das Cupspiel am kommenden Mittwoch vorbereiten.\n<\/p>\n<p><b>Admira-Coach Ernst Baumeister:<\/b> Es w\u00e4re heute zumindest ein Punkt drinnen gewesen. In der ersten H\u00e4lfte haben wir zu wenig Mut gezeigt, uns zu wenig zugetraut. Nach dem 0:1 haben wir sofort reagiert und waren die bessere Mannschaft. F\u00fcr die Leistung k\u00f6nnen wir uns aber nichts kaufen. F\u00fcr diese Platzverh\u00e4ltnisse war es noch ein gutes Match.\n<\/p>\n<\/div>\n","protected":false},"excerpt":{"rendered":"<p>FaktenBearbeiten] Admira Wacker M\u00f6dling gegen FC Red Bull Salzburg, 1:2 Spieltag Bundesliga &#8211; 21. Spieltag Datum 7. Februar 2016 Anpfiff 16.30 Uhr Aufstellung Tor Alexander Walke Verteidigung Christian Schwegler &#8211; Duje Caleta-Car &#8211; Paulo Miranda &#8211; Andreas Ulmer Mittelfeld Konrad Laimer &#8211; Yasin Pehlivan &#8211; Takumi Minamino &#8211; Valon Berisha Sturm Jonatan Soriano &#8211; Omer [&hellip;]<\/p>\n","protected":false},"author":1,"featured_media":0,"comment_status":"open","ping_status":"open","sticky":false,"template":"","format":"standard","meta":{"footnotes":""},"categories":[970],"tags":[],"class_list":["post-1241","post","type-post","status-publish","format-standard","hentry","category-21-runde-saison-2015"],"_links":{"self":[{"href":"https:\/\/wiki.s12.at\/index.php\/wp-json\/wp\/v2\/posts\/1241","targetHints":{"allow":["GET"]}}],"collection":[{"href":"https:\/\/wiki.s12.at\/index.php\/wp-json\/wp\/v2\/posts"}],"about":[{"href":"https:\/\/wiki.s12.at\/index.php\/wp-json\/wp\/v2\/types\/post"}],"author":[{"embeddable":true,"href":"https:\/\/wiki.s12.at\/index.php\/wp-json\/wp\/v2\/users\/1"}],"replies":[{"embeddable":true,"href":"https:\/\/wiki.s12.at\/index.php\/wp-json\/wp\/v2\/comments?post=1241"}],"version-history":[{"count":0,"href":"https:\/\/wiki.s12.at\/index.php\/wp-json\/wp\/v2\/posts\/1241\/revisions"}],"wp:attachment":[{"href":"https:\/\/wiki.s12.at\/index.php\/wp-json\/wp\/v2\/media?parent=1241"}],"wp:term":[{"taxonomy":"category","embeddable":true,"href":"https:\/\/wiki.s12.at\/index.php\/wp-json\/wp\/v2\/categories?post=1241"},{"taxonomy":"post_tag","embeddable":true,"href":"https:\/\/wiki.s12.at\/index.php\/wp-json\/wp\/v2\/tags?post=1241"}],"curies":[{"name":"wp","href":"https:\/\/api.w.org\/{rel}","templated":true}]}}