{"id":1180,"date":"2026-05-06T13:43:01","date_gmt":"2026-05-06T11:43:01","guid":{"rendered":"https:\/\/wiki.s12.at\/index.php\/2026\/05\/06\/20-runde-saison-2025-26-fc-liefering-gegen-sc-schwarz-weiss-bregenz\/"},"modified":"2026-05-06T13:43:01","modified_gmt":"2026-05-06T11:43:01","slug":"20-runde-saison-2025-26-fc-liefering-gegen-sc-schwarz-weiss-bregenz","status":"publish","type":"post","link":"https:\/\/wiki.s12.at\/index.php\/2026\/05\/06\/20-runde-saison-2025-26-fc-liefering-gegen-sc-schwarz-weiss-bregenz\/","title":{"rendered":"26, FC Liefering gegen SC Schwarz-Wei\u00df Bregenz"},"content":{"rendered":"<div class=\"mw-parser-output\">\n<table class=\"toptextcells toccolours\">\n<tbody>\n<tr>\n<th colspan=\"2\" style=\"text-align: center; vertical-align: top; padding: 0.3em 0.8em; font-size: 125%; background-color: lightsteelblue;\">FC Liefering gegen SC Schwarz-Wei\u00df Bregenz, 4:3\n<\/th>\n<\/tr>\n<tr>\n<th style=\"text-align:left;\"><b>Spieltag<\/b>\n<\/th>\n<th style=\"text-align:left;\">2. Liga &#8211; 20. Runde\n<\/th>\n<\/tr>\n<tr>\n<th style=\"text-align:left;\"><b>Datum<\/b>\n<\/th>\n<th style=\"text-align:left;\">6. M\u00e4rz 2026\n<\/th>\n<\/tr>\n<tr>\n<th style=\"text-align:left;\"><b>Anpfiff<\/b>\n<\/th>\n<th style=\"text-align:left;\">18 Uhr\n<\/th>\n<\/tr>\n<tr>\n<td colspan=\"2\" style=\"text-align:center;\" bgcolor=\"lightgray\"><b>Aufstellung<\/b>\n<\/td>\n<\/tr>\n<tr>\n<th style=\"text-align:left;\"><b>Tor<\/b>\n<\/th>\n<th><a href=\"\/Christian_Zawieschitzky\" title=\"Christian Zawieschitzky\">Christian Zawieschitzky<\/a>\n<\/th>\n<\/tr>\n<tr>\n<th style=\"text-align:left;\"><b>Verteidigung<\/b>\n<\/th>\n<th><a href=\"\/Mayker_Palacios_Mosquera\" title=\"Mayker Palacios Mosquera\">Mayker Palacios <\/a> &#8211;  <a href=\"\/Jakob_Brandtner\" title=\"Jakob Brandtner\">Jakob Brandtner<\/a> &#8211; <a href=\"\/Marcel_Moswitzer\" title=\"Marcel Moswitzer\">Marcel Moswitzer<\/a> &#8211; <a href=\"\/Jakob_Zangerl\" title=\"Jakob Zangerl\">Jakob Zangerl<\/a>\n<\/th>\n<\/tr>\n<tr>\n<th style=\"text-align:left;\"><b>Mittelfeld<\/b>\n<\/th>\n<th><a href=\"\/Marc_Striednig\" title=\"Marc Striednig\">Marc Striednig<\/a> &#8211;<a href=\"\/Ilia_Ivanschitz\" title=\"Ilia Ivanschitz\">Ilia Ivanschitz<\/a>&#8211;  <a href=\"\/Valentin_Sulzbacher\" title=\"Valentin Sulzbacher\">Valentin Sulzbacher<\/a>\n<\/th>\n<\/tr>\n<tr>\n<th style=\"text-align:left;\"><b>Sturm<\/b>\n<\/th>\n<th><a href=\"\/Aboubacar_Camara\" class=\"mw-redirect\" title=\"Aboubacar Camara\">Aboubacar Camara<\/a> &#8211;  <a href=\"\/Enrique_Aguilar\" title=\"Enrique Aguilar\">Enrique Aguilar<\/a> &#8211; <a href=\"\/Phillip_Verhounig\" title=\"Phillip Verhounig\">Phillip Verhounig<\/a>\n<\/th>\n<\/tr>\n<tr>\n<td colspan=\"2\" style=\"text-align:center;\" bgcolor=\"lightgray\"><b>Wechsel<\/b>\n<\/td>\n<\/tr>\n<tr>\n<th style=\"text-align:left;\"><b>Wechsel<\/b>\n<\/th>\n<th style=\"text-align:left;\"><a href=\"\/Riquelme_Reis\" title=\"Riquelme Reis\">Riquelme Reis<\/a> f\u00fcr Sulzbacher (60.)  , <a href=\"\/Oghenetejiri_Adejenughure\" title=\"Oghenetejiri Adejenughure\">Oghenetejiri Adejenughure<\/a> f\u00fcr Camara (61.), <a href=\"\/Johannes_Moser\" title=\"Johannes Moser\">Johannes Moser<\/a> <br \/>f\u00fcr Ivanschitz (70.),  Valentin Zabransky f\u00fcr Palacios (70.),  <a href=\"\/Seong-bin_Jung\" title=\"Seong-bin Jung\">Seong-bin Jung<\/a> f\u00fcr Moswitzer (77.)\n<\/th>\n<\/tr>\n<tr>\n<td colspan=\"2\" style=\"text-align:center;\" bgcolor=\"lightgray\"><b>Statistik<\/b>\n<\/td>\n<\/tr>\n<tr>\n<th style=\"text-align:left;\"><b>Endstand<\/b>\n<\/th>\n<th style=\"text-align:left;\">4:3 (3:2)\n<\/th>\n<\/tr>\n<tr>\n<th style=\"text-align:left;\"><b>Torsch\u00fctzen<\/b>\n<\/th>\n<th style=\"text-align:left;\">Ivanschitz (11.), Striednig (26.), Verhounig (44., 54.)&#160;; Lendambi (43.), Tartarroti (45+3.,E., 60. E.)\n<\/th>\n<\/tr>\n<tr>\n<th style=\"text-align:left;\"><b>Gelbe Karten<\/b>\n<\/th>\n<th style=\"text-align:left;\">Moswitzer (58.); Lendambi (45+3.)\n<\/th>\n<\/tr>\n<tr>\n<th style=\"text-align:left;\"><b>Rote Karten<\/b>\n<\/th>\n<th style=\"text-align:left;\">\n<\/th>\n<\/tr>\n<tr>\n<th style=\"text-align:left;\"><b>Schiedsrichter<\/b>\n<\/th>\n<th style=\"text-align:left;\">Sebastian Gishamer\n<\/th>\n<\/tr>\n<tr>\n<th style=\"text-align:left;\"><b>Stadion<\/b>\n<\/th>\n<th style=\"text-align:left;\">EM Stadion Wals-Siezenheim, Salzburg\n<\/th>\n<\/tr>\n<tr>\n<th style=\"text-align:left;\"><b>Zuschauer<\/b>\n<\/th>\n<th style=\"text-align:left;\">200\n<\/th>\n<\/tr>\n<\/tbody>\n<\/table>\n<h2><span class=\"mw-headline\" id=\"Spielbericht\">Spielbericht<\/span><a href=\"\/index.php?title=20._Runde,_Saison_2025\/26,_FC_Liefering_gegen_SC_Schwarz-Wei%C3%9F_Bregenz&amp;action=edit&amp;section=1\" title=\"Abschnitt bearbeiten: Spielbericht\">Bearbeiten<\/a><span class=\"mw-editsection-bracket\">]<\/span><\/span><\/h2>\n<p><a rel=\"nofollow\" class=\"external text\" href=\"https:\/\/www.fc-liefering.at\/de\/2025-2026\/spielplan\/2-liga-runde-20-fc-liefering-vs-schwarz-weiss-bregenz#spielbericht\">Spielbericht Vereinshomepage<\/a>\n<\/p>\n<h2><span class=\"mw-headline\" id=\"Stimmen_zum_Spiel\">Stimmen zum Spiel<\/span><a href=\"\/index.php?title=20._Runde,_Saison_2025\/26,_FC_Liefering_gegen_SC_Schwarz-Wei%C3%9F_Bregenz&amp;action=edit&amp;section=2\" title=\"Abschnitt bearbeiten: Stimmen zum Spiel\">Bearbeiten<\/a><span class=\"mw-editsection-bracket\">]<\/span><\/span><\/h2>\n<p><b>Danny Galm: <\/b>  Das ist f\u00fcr uns ein Sieg, der mit einem Prozess verbunden ist. Eine junge Mannschaft wird solche Spiele am Anfang der Saison noch nicht gewinnen \u2013 in dieser Hinsicht sind die Jungs \u00fcbers erste Halbjahr hinweg, aber auch jetzt in der R\u00fcckrunde, St\u00fcck f\u00fcr St\u00fcck besser geworden. Klar ist trotzdem, dass wir nach den ersten 30 Minuten, die mir richtig gut gefallen haben, ein bisschen den Faden verloren haben. Da waren wir nicht mehr mutig genug, haben die freien R\u00e4ume nicht mehr gefunden und die Tiefe nicht bespielt. Am Ende des Tages ist es aber wichtig, dass man vier Tore macht, das Spiel gewinnt und sich auch mit einer Energieleistung in diese Position bringt. Die Truppe ist top, hat eine tolle Energie \u2013 wir gehen weiter!\n<\/p>\n<\/div>\n","protected":false},"excerpt":{"rendered":"<p>FC Liefering gegen SC Schwarz-Wei\u00df Bregenz, 4:3 Spieltag 2. Liga &#8211; 20. Runde Datum 6. M\u00e4rz 2026 Anpfiff 18 Uhr Aufstellung Tor Christian Zawieschitzky Verteidigung Mayker Palacios &#8211; Jakob Brandtner &#8211; Marcel Moswitzer &#8211; Jakob Zangerl Mittelfeld Marc Striednig &#8211;Ilia Ivanschitz&#8211; Valentin Sulzbacher Sturm Aboubacar Camara &#8211; Enrique Aguilar &#8211; Phillip Verhounig Wechsel Wechsel Riquelme [&hellip;]<\/p>\n","protected":false},"author":1,"featured_media":0,"comment_status":"open","ping_status":"open","sticky":false,"template":"","format":"standard","meta":{"footnotes":""},"categories":[858],"tags":[],"class_list":["post-1180","post","type-post","status-publish","format-standard","hentry","category-20-runde-saison-2025"],"_links":{"self":[{"href":"https:\/\/wiki.s12.at\/index.php\/wp-json\/wp\/v2\/posts\/1180","targetHints":{"allow":["GET"]}}],"collection":[{"href":"https:\/\/wiki.s12.at\/index.php\/wp-json\/wp\/v2\/posts"}],"about":[{"href":"https:\/\/wiki.s12.at\/index.php\/wp-json\/wp\/v2\/types\/post"}],"author":[{"embeddable":true,"href":"https:\/\/wiki.s12.at\/index.php\/wp-json\/wp\/v2\/users\/1"}],"replies":[{"embeddable":true,"href":"https:\/\/wiki.s12.at\/index.php\/wp-json\/wp\/v2\/comments?post=1180"}],"version-history":[{"count":0,"href":"https:\/\/wiki.s12.at\/index.php\/wp-json\/wp\/v2\/posts\/1180\/revisions"}],"wp:attachment":[{"href":"https:\/\/wiki.s12.at\/index.php\/wp-json\/wp\/v2\/media?parent=1180"}],"wp:term":[{"taxonomy":"category","embeddable":true,"href":"https:\/\/wiki.s12.at\/index.php\/wp-json\/wp\/v2\/categories?post=1180"},{"taxonomy":"post_tag","embeddable":true,"href":"https:\/\/wiki.s12.at\/index.php\/wp-json\/wp\/v2\/tags?post=1180"}],"curies":[{"name":"wp","href":"https:\/\/api.w.org\/{rel}","templated":true}]}}