{"id":1162,"date":"2026-05-06T13:42:39","date_gmt":"2026-05-06T11:42:39","guid":{"rendered":"https:\/\/wiki.s12.at\/index.php\/2026\/05\/06\/20-runde-saison-2015-16-fc-red-bull-salzburg-gegen-sk-rapid-wien\/"},"modified":"2026-05-06T13:42:39","modified_gmt":"2026-05-06T11:42:39","slug":"20-runde-saison-2015-16-fc-red-bull-salzburg-gegen-sk-rapid-wien","status":"publish","type":"post","link":"https:\/\/wiki.s12.at\/index.php\/2026\/05\/06\/20-runde-saison-2015-16-fc-red-bull-salzburg-gegen-sk-rapid-wien\/","title":{"rendered":"16 FC Red Bull Salzburg gegen SK Rapid Wien"},"content":{"rendered":"<div class=\"mw-parser-output\">\n<h2><span class=\"mw-headline\" id=\"Fakten\">Fakten<\/span><a href=\"\/index.php?title=20._Runde,_Saison_2015\/16_FC_Red_Bull_Salzburg_gegen_SK_Rapid_Wien&amp;action=edit&amp;section=1\" title=\"Abschnitt bearbeiten: Fakten\">Bearbeiten<\/a><span class=\"mw-editsection-bracket\">]<\/span><\/span><\/h2>\n<table class=\"toptextcells toccolours\">\n<tbody>\n<tr>\n<th colspan=\"2\" style=\"text-align: center; vertical-align: top; padding: 0.3em 0.8em; font-size: 125%; background-color: lightsteelblue;\">FC Red Bull Salzburg gegen SK Rapid Wien, 2:0\n<\/th>\n<\/tr>\n<tr>\n<th style=\"text-align:left;\"><b>Spieltag<\/b>\n<\/th>\n<th style=\"text-align:left;\">Bundesliga &#8211; 20. Spieltag\n<\/th>\n<\/tr>\n<tr>\n<th style=\"text-align:left;\"><b>Datum<\/b>\n<\/th>\n<th style=\"text-align:left;\">13. Dezember 2015\n<\/th>\n<\/tr>\n<tr>\n<th style=\"text-align:left;\"><b>Anpfiff<\/b>\n<\/th>\n<th style=\"text-align:left;\">16.30 Uhr\n<\/th>\n<\/tr>\n<tr>\n<td colspan=\"2\" style=\"text-align:center;\" bgcolor=\"lightgray\"><b>Aufstellung<\/b>\n<\/td>\n<\/tr>\n<tr>\n<th style=\"text-align:left;\"><b>Tor<\/b>\n<\/th>\n<th><a href=\"\/Cican_Stankovic\" title=\"Cican Stankovic\">Cican Stankovic<\/a>\n<\/th>\n<\/tr>\n<tr>\n<th style=\"text-align:left;\"><b>Verteidigung<\/b>\n<\/th>\n<th><a href=\"\/Christian_Schwegler\" title=\"Christian Schwegler\">Christian Schwegler<\/a> &#8211; <a href=\"\/Paulo_Miranda\" title=\"Paulo Miranda\">Paulo Miranda<\/a> &#8211; <a href=\"\/Duje_Caleta-Car\" title=\"Duje Caleta-Car\">Duje Caleta-Car<\/a> &#8211; <a href=\"\/Andreas_Ulmer\" title=\"Andreas Ulmer\">Andreas Ulmer<\/a>\n<\/th>\n<\/tr>\n<tr>\n<th style=\"text-align:left;\"><b>Mittelfeld<\/b>\n<\/th>\n<th><a href=\"\/Benno_Schmitz\" title=\"Benno Schmitz\">Benno Schmitz<\/a> &#8211; <a href=\"\/Valon_Berisha\" title=\"Valon Berisha\">Valon Berisha<\/a> &#8211; <a href=\"\/Naby_Keita\" title=\"Naby Keita\">Naby Keita<\/a> &#8211; <a href=\"\/Konrad_Laimer\" title=\"Konrad Laimer\">Konrad Laimer<\/a>\n<\/th>\n<\/tr>\n<tr>\n<th style=\"text-align:left;\"><b>Sturm<\/b>\n<\/th>\n<th><a href=\"\/Hee-Chan_Hwang\" title=\"Hee-Chan Hwang\">Hee-Chan Hwang<\/a> &#8211; <a href=\"\/Jonatan_Soriano\" title=\"Jonatan Soriano\">Jonatan Soriano<\/a>\n<\/th>\n<\/tr>\n<tr>\n<td colspan=\"2\" style=\"text-align:center;\" bgcolor=\"lightgray\"><b>Wechsel<\/b>\n<\/td>\n<\/tr>\n<tr>\n<th style=\"text-align:left;\"><b>Wechsel<\/b>\n<\/th>\n<th style=\"text-align:left;\"><a href=\"\/Takumi_Minamino\" title=\"Takumi Minamino\">Takumi Minamino<\/a> f\u00fcr Hwang (58.), <a href=\"\/Asger_S%C3%B6rensen\" title=\"Asger S\u00f6rensen\">Asger S\u00f6rensen<\/a> f\u00fcr Berisha (88.), <a href=\"\/Dimitri_Oberlin\" title=\"Dimitri Oberlin\">Dimitri Oberlin<\/a> f\u00fcr Soriano (90.)\n<\/th>\n<\/tr>\n<tr>\n<td colspan=\"2\" style=\"text-align:center;\" bgcolor=\"lightgray\"><b>Statistik<\/b>\n<\/td>\n<\/tr>\n<tr>\n<th style=\"text-align:left;\"><b>Endstand<\/b>\n<\/th>\n<th style=\"text-align:left;\">2:0 (1:0)\n<\/th>\n<\/tr>\n<tr>\n<th style=\"text-align:left;\"><b>Torsch\u00fctzen<\/b>\n<\/th>\n<th style=\"text-align:left;\">Soriano (36.), Keita (56.)\n<\/th>\n<\/tr>\n<tr>\n<th style=\"text-align:left;\"><b>Gelbe Karten<\/b>\n<\/th>\n<th style=\"text-align:left;\">Schwegler (78.); S. Hofmann (22.), Schwab (82.)\n<\/th>\n<\/tr>\n<tr>\n<th style=\"text-align:left;\"><b>Rote Karten<\/b>\n<\/th>\n<th style=\"text-align:left;\">\n<\/th>\n<\/tr>\n<tr>\n<th style=\"text-align:left;\"><b>Schiedsrichter<\/b>\n<\/th>\n<th style=\"text-align:left;\">Alexander Harkam\n<\/th>\n<\/tr>\n<tr>\n<th style=\"text-align:left;\"><b>Stadion<\/b>\n<\/th>\n<th style=\"text-align:left;\">Red Bull Arena, Salzburg\n<\/th>\n<\/tr>\n<tr>\n<th style=\"text-align:left;\"><b>Zuschauer<\/b>\n<\/th>\n<th style=\"text-align:left;\">14 167\n<\/th>\n<\/tr>\n<\/tbody>\n<\/table>\n<p><a href=\"\/Naby_Keita\" title=\"Naby Keita\">Naby Keita<\/a> wurde vor dem heutigen Schlagerspiel gegen Rapid Wien vom guineischen Fu\u00dfballverband als  \u201eSpieler des Jahres\u201c geehrt.\n<\/p>\n<h2><span class=\"mw-headline\" id=\"Weblinks\">Weblinks<\/span><a href=\"\/index.php?title=20._Runde,_Saison_2015\/16_FC_Red_Bull_Salzburg_gegen_SK_Rapid_Wien&amp;action=edit&amp;section=2\" title=\"Abschnitt bearbeiten: Weblinks\">Bearbeiten<\/a><span class=\"mw-editsection-bracket\">]<\/span><\/span><\/h2>\n<ul>\n<li><a rel=\"nofollow\" class=\"external text\" href=\"http:\/\/www.redbullsalzburg.at\/de\/fc-red-bull-salzburg\/news\/saison_2015_16\/rote-bullen-gewinnen-schlager-gegen-rapid-wien-mit-2-0.html\">Spielbericht Vereinshomepage<\/a><\/li>\n<\/ul>\n<p><center>&lt;youtube&gt;zcLDbzyD8z4&lt;\/youtube&gt;<\/center><\/p>\n<h2><span class=\"mw-headline\" id=\"Bilder\">Bilder<\/span><a href=\"\/index.php?title=20._Runde,_Saison_2015\/16_FC_Red_Bull_Salzburg_gegen_SK_Rapid_Wien&amp;action=edit&amp;section=3\" title=\"Abschnitt bearbeiten: Bilder\">Bearbeiten<\/a><span class=\"mw-editsection-bracket\">]<\/span><\/span><\/h2>\n<ul class=\"gallery mw-gallery-traditional\">\n<li class=\"gallerybox\" style=\"width: 155px\">\n<div style=\"width: 155px\">\n<div class=\"thumb\" style=\"width: 150px;\">\n<div style=\"margin:15px auto;\"><a href=\"\/Datei:FC_RB_Salzburg-SK_Rapid_43.JPG\" class=\"image\"><img alt=\"FC RB Salzburg-SK Rapid 43.JPG\" src=\"\/images\/thumb\/a\/af\/FC_RB_Salzburg-SK_Rapid_43.JPG\/120px-FC_RB_Salzburg-SK_Rapid_43.JPG%3Futm_source%3Dcommons.wikimedia.org%26utm_campaign%3Dimageinfo%26utm_content%3Dthumbnail\" decoding=\"async\" width=\"106\" height=\"120\" srcset=\"\/images\/thumb\/a\/af\/FC_RB_Salzburg-SK_Rapid_43.JPG\/250px-FC_RB_Salzburg-SK_Rapid_43.JPG%3Futm_source%3Dcommons.wikimedia.org%26utm_campaign%3Dimageinfo%26utm_content%3Dthumbnail 1.5x\" \/><\/a><\/div>\n<\/div>\n<div class=\"gallerytext\">\n\t\t\t<\/div>\n<\/p><\/div>\n<\/li>\n<li class=\"gallerybox\" style=\"width: 155px\">\n<div style=\"width: 155px\">\n<div class=\"thumb\" style=\"width: 150px;\">\n<div style=\"margin:15px auto;\"><a href=\"\/Datei:FC_RB_Salzburg-SK_Rapid_30.JPG\" class=\"image\"><img alt=\"FC RB Salzburg-SK Rapid 30.JPG\" src=\"\/images\/thumb\/2\/2b\/FC_RB_Salzburg-SK_Rapid_30.JPG\/120px-FC_RB_Salzburg-SK_Rapid_30.JPG%3Futm_source%3Dcommons.wikimedia.org%26utm_campaign%3Dimageinfo%26utm_content%3Dthumbnail\" decoding=\"async\" width=\"116\" height=\"120\" srcset=\"\/images\/thumb\/2\/2b\/FC_RB_Salzburg-SK_Rapid_30.JPG\/250px-FC_RB_Salzburg-SK_Rapid_30.JPG%3Futm_source%3Dcommons.wikimedia.org%26utm_campaign%3Dimageinfo%26utm_content%3Dthumbnail 1.5x\" \/><\/a><\/div>\n<\/div>\n<div class=\"gallerytext\">\n\t\t\t<\/div>\n<\/p><\/div>\n<\/li>\n<li class=\"gallerybox\" style=\"width: 155px\">\n<div style=\"width: 155px\">\n<div class=\"thumb\" style=\"width: 150px;\">\n<div style=\"margin:35px auto;\"><a href=\"\/Datei:Gegen_Rapid3149_o.jpg\" class=\"image\"><img alt=\"Gegen Rapid3149 o.jpg\" src=\"\/images\/thumb\/e\/e9\/Gegen_Rapid3149_o.jpg\/120px-Gegen_Rapid3149_o.jpg\" decoding=\"async\" width=\"120\" height=\"80\" srcset=\"\/images\/thumb\/e\/e9\/Gegen_Rapid3149_o.jpg\/180px-Gegen_Rapid3149_o.jpg 1.5x, \/images\/thumb\/e\/e9\/Gegen_Rapid3149_o.jpg\/240px-Gegen_Rapid3149_o.jpg 2x\" \/><\/a><\/div>\n<\/div>\n<div class=\"gallerytext\">\n\t\t\t<\/div>\n<\/p><\/div>\n<\/li>\n<li class=\"gallerybox\" style=\"width: 155px\">\n<div style=\"width: 155px\">\n<div class=\"thumb\" style=\"width: 150px;\">\n<div style=\"margin:35px auto;\"><a href=\"\/Datei:FC_Salzburg_gegen_SK_R_.JPG\" class=\"image\"><img loading=\"lazy\" alt=\"FC Salzburg gegen SK R .JPG\" src=\"\/images\/thumb\/4\/4b\/FC_Salzburg_gegen_SK_R_.JPG\/120px-FC_Salzburg_gegen_SK_R_.JPG\" decoding=\"async\" width=\"120\" height=\"80\" srcset=\"\/images\/thumb\/4\/4b\/FC_Salzburg_gegen_SK_R_.JPG\/180px-FC_Salzburg_gegen_SK_R_.JPG 1.5x, \/images\/thumb\/4\/4b\/FC_Salzburg_gegen_SK_R_.JPG\/240px-FC_Salzburg_gegen_SK_R_.JPG 2x\" \/><\/a><\/div>\n<\/div>\n<div class=\"gallerytext\">\n\t\t\t<\/div>\n<\/p><\/div>\n<\/li>\n<li class=\"gallerybox\" style=\"width: 155px\">\n<div style=\"width: 155px\">\n<div class=\"thumb\" style=\"width: 150px;\">\n<div style=\"margin:15px auto;\"><a href=\"\/Datei:SBG_RAP_(2).jpg\" class=\"image\"><img loading=\"lazy\" alt=\"SBG RAP (2).jpg\" src=\"\/images\/thumb\/3\/34\/SBG_RAP_%282%29.jpg\/67px-SBG_RAP_%282%29.jpg\" decoding=\"async\" width=\"67\" height=\"120\" srcset=\"\/images\/thumb\/3\/34\/SBG_RAP_%282%29.jpg\/101px-SBG_RAP_%282%29.jpg 1.5x, \/images\/thumb\/3\/34\/SBG_RAP_%282%29.jpg\/135px-SBG_RAP_%282%29.jpg 2x\" \/><\/a><\/div>\n<\/div>\n<div class=\"gallerytext\">\n\t\t\t<\/div>\n<\/p><\/div>\n<\/li>\n<li class=\"gallerybox\" style=\"width: 155px\">\n<div style=\"width: 155px\">\n<div class=\"thumb\" style=\"width: 150px;\">\n<div style=\"margin:15px auto;\"><a href=\"\/Datei:FC_Salzburg_gegen_SK_Rapid_08.JPG\" class=\"image\"><img loading=\"lazy\" alt=\"FC Salzburg gegen SK Rapid 08.JPG\" src=\"\/images\/thumb\/4\/4b\/FC_Salzburg_gegen_SK_Rapid_08.JPG\/120px-FC_Salzburg_gegen_SK_Rapid_08.JPG%3Futm_source%3Dcommons.wikimedia.org%26utm_campaign%3Dimageinfo%26utm_content%3Dthumbnail\" decoding=\"async\" width=\"97\" height=\"120\" srcset=\"\/images\/thumb\/4\/4b\/FC_Salzburg_gegen_SK_Rapid_08.JPG\/250px-FC_Salzburg_gegen_SK_Rapid_08.JPG%3Futm_source%3Dcommons.wikimedia.org%26utm_campaign%3Dimageinfo%26utm_content%3Dthumbnail 1.5x\" \/><\/a><\/div>\n<\/div>\n<div class=\"gallerytext\">\n\t\t\t<\/div>\n<\/p><\/div>\n<\/li>\n<\/ul>\n<p><img loading=\"lazy\" alt=\"\" src=\"\/images\/thumb\/4\/4a\/Commons-logo.svg\/langde-20px-Commons-logo.svg.png%3Futm_source%3Dcommons.wikimedia.org%26utm_campaign%3Dimageinfo%26utm_content%3Dthumbnail\" decoding=\"async\" title=\"Commons\" width=\"12\" height=\"16\" srcset=\"\/images\/thumb\/4\/4a\/Commons-logo.svg\/langde-40px-Commons-logo.svg.png%3Futm_source%3Dcommons.wikimedia.org%26utm_campaign%3Dimageinfo%26utm_content%3Dthumbnail 2x\" \/>&#160;<b><a href=\"http:\/\/commons.wikimedia.org\/wiki\/Category:FC_Red_Bull_Salzburg_gegen_SK_Rapid_Wien_(13._Dezember_2015)\" class=\"extiw\" title=\"commons:Category:FC Red Bull Salzburg gegen SK Rapid Wien (13. Dezember 2015)\">20. Runde, Saison 2015\/16 FC Red Bull Salzburg gegen SK Rapid Wien<\/a><\/b>&#160;\u2013 Sammlung von Bildern, Videos und Audiodateien auf <a href=\"\/Wikimedia_Commons\" title=\"Wikimedia Commons\">Wikimedia Commons<\/a>\n<\/p>\n<h2><span class=\"mw-headline\" id=\"Stimmen_zum_Spiel\">Stimmen zum Spiel<\/span><a href=\"\/index.php?title=20._Runde,_Saison_2015\/16_FC_Red_Bull_Salzburg_gegen_SK_Rapid_Wien&amp;action=edit&amp;section=4\" title=\"Abschnitt bearbeiten: Stimmen zum Spiel\">Bearbeiten<\/a><span class=\"mw-editsection-bracket\">]<\/span><\/span><\/h2>\n<p><b>Thomas Letsch:<\/b>  Die Ausgangssituation war heute f\u00fcr die Fans perfekt angerichtet, wenn sich zwei Teams im direkten Duell den Winterk\u00f6nig ausspielen. Wir haben heute viel Leidenschaft und unbedingten Siegeswillen gezeigt. Meine Mannschaft hat es geschafft, kompakt aufzutreten, die R\u00e4ume \u00e4u\u00dferst eng zu machen und hat wenig zugelassen \u2013 das ist die Basis f\u00fcr einen Erfolg. Das n\u00f6tige Qu\u00e4ntchen Gl\u00fcck konnten wir uns heute erarbeiten. Wir sind gl\u00fccklich \u00fcber den verdienten Sieg und freuen uns \u00fcber die Tabellenf\u00fchrung.\n<\/p>\n<p><b>Jonatan Soriano:<\/b> Ich bin \u00e4u\u00dferst froh, dass wir diesen durchwachsenen Herbst mit einem Erfolg gegen Rapid Wien beenden konnten. Wir haben heute eine gute Leistung gezeigt, und ich freue mich, dass ich dem Team mit meinem Treffer helfen konnte. Ich bin gl\u00fccklich \u00fcber Platz eins. Jetzt gehen wir mit einem guten Gef\u00fchl in die Winterpause.\n<\/p>\n<p><b>Cican Stankovic:<\/b> Wir haben heute richtig gut gespielt, erneut offensiv verteidigt und wenige Chancen f\u00fcr Rapid Wien zugelassen. Nat\u00fcrlich habe ich mich \u00fcber meinen Einsatz gefreut, was aber z\u00e4hlt, ist der Erfolg der ganzen Mannschaft und dass wir uns vor der Winterpause noch die Tabellenf\u00fchrung erk\u00e4mpft haben.\n<\/p>\n<\/div>\n","protected":false},"excerpt":{"rendered":"<p>FaktenBearbeiten] FC Red Bull Salzburg gegen SK Rapid Wien, 2:0 Spieltag Bundesliga &#8211; 20. Spieltag Datum 13. Dezember 2015 Anpfiff 16.30 Uhr Aufstellung Tor Cican Stankovic Verteidigung Christian Schwegler &#8211; Paulo Miranda &#8211; Duje Caleta-Car &#8211; Andreas Ulmer Mittelfeld Benno Schmitz &#8211; Valon Berisha &#8211; Naby Keita &#8211; Konrad Laimer Sturm Hee-Chan Hwang &#8211; Jonatan [&hellip;]<\/p>\n","protected":false},"author":1,"featured_media":0,"comment_status":"open","ping_status":"open","sticky":false,"template":"","format":"standard","meta":{"footnotes":""},"categories":[905],"tags":[],"class_list":["post-1162","post","type-post","status-publish","format-standard","hentry","category-20-runde-saison-2015"],"_links":{"self":[{"href":"https:\/\/wiki.s12.at\/index.php\/wp-json\/wp\/v2\/posts\/1162","targetHints":{"allow":["GET"]}}],"collection":[{"href":"https:\/\/wiki.s12.at\/index.php\/wp-json\/wp\/v2\/posts"}],"about":[{"href":"https:\/\/wiki.s12.at\/index.php\/wp-json\/wp\/v2\/types\/post"}],"author":[{"embeddable":true,"href":"https:\/\/wiki.s12.at\/index.php\/wp-json\/wp\/v2\/users\/1"}],"replies":[{"embeddable":true,"href":"https:\/\/wiki.s12.at\/index.php\/wp-json\/wp\/v2\/comments?post=1162"}],"version-history":[{"count":0,"href":"https:\/\/wiki.s12.at\/index.php\/wp-json\/wp\/v2\/posts\/1162\/revisions"}],"wp:attachment":[{"href":"https:\/\/wiki.s12.at\/index.php\/wp-json\/wp\/v2\/media?parent=1162"}],"wp:term":[{"taxonomy":"category","embeddable":true,"href":"https:\/\/wiki.s12.at\/index.php\/wp-json\/wp\/v2\/categories?post=1162"},{"taxonomy":"post_tag","embeddable":true,"href":"https:\/\/wiki.s12.at\/index.php\/wp-json\/wp\/v2\/tags?post=1162"}],"curies":[{"name":"wp","href":"https:\/\/api.w.org\/{rel}","templated":true}]}}