{"id":114,"date":"2026-05-06T12:54:47","date_gmt":"2026-05-06T10:54:47","guid":{"rendered":"http:\/\/wiki.s12.at\/index.php\/2026\/05\/06\/1-runde-saison-2025-26-fc-liefering-gegen-sc-austria-lustenau\/"},"modified":"2026-05-06T12:54:47","modified_gmt":"2026-05-06T10:54:47","slug":"1-runde-saison-2025-26-fc-liefering-gegen-sc-austria-lustenau","status":"publish","type":"post","link":"https:\/\/wiki.s12.at\/index.php\/2026\/05\/06\/1-runde-saison-2025-26-fc-liefering-gegen-sc-austria-lustenau\/","title":{"rendered":"26, FC Liefering gegen SC Austria Lustenau"},"content":{"rendered":"<div class=\"mw-parser-output\">\n<table class=\"toptextcells toccolours\">\n<tbody>\n<tr>\n<th colspan=\"2\" style=\"text-align: center; vertical-align: top; padding: 0.3em 0.8em; font-size: 125%; background-color: lightsteelblue;\">FC Liefering gegen SC Austria Lustenau, 0:4\n<\/th>\n<\/tr>\n<tr>\n<th style=\"text-align:left;\"><b>Spieltag<\/b>\n<\/th>\n<th style=\"text-align:left;\">2. Liga -1. Runde\n<\/th>\n<\/tr>\n<tr>\n<th style=\"text-align:left;\"><b>Datum<\/b>\n<\/th>\n<th style=\"text-align:left;\">1 August 2025\n<\/th>\n<\/tr>\n<tr>\n<th style=\"text-align:left;\"><b>Anpfiff<\/b>\n<\/th>\n<th style=\"text-align:left;\">18 Uhr\n<\/th>\n<\/tr>\n<tr>\n<td colspan=\"2\" style=\"text-align:center;\" bgcolor=\"lightgray\"><b>Aufstellung<\/b>\n<\/td>\n<\/tr>\n<tr>\n<th style=\"text-align:left;\"><b>Tor<\/b>\n<\/th>\n<th><a href=\"\/Nikola_Sarcevic\" title=\"Nikola Sarcevic\">Nikola Sarcevic<\/a>\n<\/th>\n<\/tr>\n<tr>\n<th style=\"text-align:left;\"><b>Verteidigung<\/b>\n<\/th>\n<th><a href=\"\/Quirin_Rackl\" title=\"Quirin Rackl\">Quirin Rackl<\/a> &#8211; <a href=\"\/Jakob_Pokorny\" title=\"Jakob Pokorny\">Jakob Pokorny<\/a> &#8211;  <a href=\"\/Marcel_Moswitzer\" title=\"Marcel Moswitzer\">Marcel Moswitzer<\/a> &#8211;   <a href=\"\/Jakob_Brandtner\" title=\"Jakob Brandtner\">Jakob Brandtner<\/a>\n<\/th>\n<\/tr>\n<tr>\n<th style=\"text-align:left;\"><b>Mittelfeld<\/b>\n<\/th>\n<th><a href=\"\/Oliver_Lukic\" title=\"Oliver Lukic\">Oliver Lukic<\/a>\u2013  <a href=\"\/Marc_Striednig\" title=\"Marc Striednig\">Marc Striednig<\/a>&#8211; <a href=\"\/Johannes_Moser\" title=\"Johannes Moser\">Johannes Moser<\/a>&#8211;  <a href=\"\/Riquelme_Reis\" title=\"Riquelme Reis\">Riquelme Reis<\/a>\n<\/th>\n<\/tr>\n<tr>\n<th style=\"text-align:left;\"><b>Sturm<\/b>\n<\/th>\n<th><a href=\"\/Philipp_Verhounig\" class=\"mw-redirect\" title=\"Philipp Verhounig\">Philipp Verhounig<\/a> &#8211;  <a href=\"\/Aboubacar_Camara\" class=\"mw-redirect\" title=\"Aboubacar Camara\">Aboubacar Camara<\/a>\n<\/th>\n<\/tr>\n<tr>\n<td colspan=\"2\" style=\"text-align:center;\" bgcolor=\"lightgray\"><b>Wechsel<\/b>\n<\/td>\n<\/tr>\n<tr>\n<th style=\"text-align:left;\"><b>Wechsel<\/b>\n<\/th>\n<th style=\"text-align:left;\"><a href=\"\/Rocco_Zikovic\" title=\"Rocco Zikovic\">Rocco Zikovic<\/a> f\u00fcr Rackl (46.), <a href=\"\/Benedict_Scharner\" title=\"Benedict Scharner\">Benedict Scharner<\/a> f\u00fcr Reis (67.), <a href=\"\/Alexander_Murillo\" title=\"Alexander Murillo\">Alexander Murillo<\/a> f\u00fcr Camara (78.), <br \/><a href=\"\/R%C3%BCst%C3%BC_Erdogan\" title=\"R\u00fcst\u00fc Erdogan\">R\u00fcst\u00fc Erdogan<\/a> f\u00fcr Moser (84.)\n<\/th>\n<\/tr>\n<tr>\n<td colspan=\"2\" style=\"text-align:center;\" bgcolor=\"lightgray\"><b>Statistik<\/b>\n<\/td>\n<\/tr>\n<tr>\n<th style=\"text-align:left;\"><b>Endstand<\/b>\n<\/th>\n<th style=\"text-align:left;\">0:4 (0:3)\n<\/th>\n<\/tr>\n<tr>\n<th style=\"text-align:left;\"><b>Torsch\u00fctzen<\/b>\n<\/th>\n<th style=\"text-align:left;\">Lahne (1., 31.), Ismailcebioglu (11.), Wade (64.)\n<\/th>\n<\/tr>\n<tr>\n<th style=\"text-align:left;\"><b>Gelbe Karten<\/b>\n<\/th>\n<th style=\"text-align:left;\">Moswitzer (47.), Pokorny (81.);  Ibertsberger (51.)\n<\/th>\n<\/tr>\n<tr>\n<th style=\"text-align:left;\"><b>Rote Karten<\/b>\n<\/th>\n<th style=\"text-align:left;\">\n<\/th>\n<\/tr>\n<tr>\n<th style=\"text-align:left;\"><b>Schiedsrichter<\/b>\n<\/th>\n<th style=\"text-align:left;\">Achim Untergasser\n<\/th>\n<\/tr>\n<tr>\n<th style=\"text-align:left;\"><b>Stadion<\/b>\n<\/th>\n<th style=\"text-align:left;\">EM Stadion Wals-Siezenheim, Salzburg\n<\/th>\n<\/tr>\n<tr>\n<th style=\"text-align:left;\"><b>Zuschauer<\/b>\n<\/th>\n<th style=\"text-align:left;\">453\n<\/th>\n<\/tr>\n<\/tbody>\n<\/table>\n<ul>\n<li>Zweitligadebut f\u00fcr Nikola Sarcevic<\/li>\n<\/ul>\n<h2><span class=\"mw-headline\" id=\"Spielbericht\">Spielbericht<\/span><a href=\"\/index.php?title=1._Runde,_Saison_2025\/26,_FC_Liefering_gegen_SC_Austria_Lustenau&amp;action=edit&amp;section=1\" title=\"Abschnitt bearbeiten: Spielbericht\">Bearbeiten<\/a><span class=\"mw-editsection-bracket\">]<\/span><\/span><\/h2>\n<p><a rel=\"nofollow\" class=\"external text\" href=\"https:\/\/www.fc-liefering.at\/de\/fc-liefering\/news\/saison_2025_26\/ligaspiel-lustenau-runde-1.html\">Spielbericht Vereinshomepage<\/a>\n<\/p>\n<h2><span class=\"mw-headline\" id=\"Stimmen_zum_Spiel\">Stimmen zum Spiel<\/span><a href=\"\/index.php?title=1._Runde,_Saison_2025\/26,_FC_Liefering_gegen_SC_Austria_Lustenau&amp;action=edit&amp;section=2\" title=\"Abschnitt bearbeiten: Stimmen zum Spiel\">Bearbeiten<\/a><span class=\"mw-editsection-bracket\">]<\/span><\/span><\/h2>\n<p><b>Daniel Beichler:<\/b> Es ist relativ einfach auf den Punkt zu bringen: Wir waren in diesen 90 Minuten einfach nicht gut genug. Lustenau war in allen Bereichen des Spiels besser als wir, wir waren weit weg von unserem Niveau und von dem, was wir auch schon in den Testspielen gezeigt haben. Aber man merkt, dass der Liga-Alltag doch etwas anderes ist. Uns haben die zwei fr\u00fchen Gegentore richtig zugesetzt, wir waren in der ersten Halbzeit nicht in der Lage, unser Spiel zu machen. Daher ist es eine verdiente Niederlage, nach der es jetzt hei\u00dft, die richtigen Schl\u00fcsse zu ziehen, um n\u00e4chste Woche gegen Rapid II eine andere Leistung auf den Platz zu bringen.\n<\/p>\n<\/div>\n","protected":false},"excerpt":{"rendered":"<p>FC Liefering gegen SC Austria Lustenau, 0:4 Spieltag 2. Liga -1. Runde Datum 1 August 2025 Anpfiff 18 Uhr Aufstellung Tor Nikola Sarcevic Verteidigung Quirin Rackl &#8211; Jakob Pokorny &#8211; Marcel Moswitzer &#8211; Jakob Brandtner Mittelfeld Oliver Lukic\u2013 Marc Striednig&#8211; Johannes Moser&#8211; Riquelme Reis Sturm Philipp Verhounig &#8211; Aboubacar Camara Wechsel Wechsel Rocco Zikovic f\u00fcr [&hellip;]<\/p>\n","protected":false},"author":1,"featured_media":0,"comment_status":"open","ping_status":"open","sticky":false,"template":"","format":"standard","meta":{"footnotes":""},"categories":[7],"tags":[],"class_list":["post-114","post","type-post","status-publish","format-standard","hentry","category-1-runde-saison-2025"],"_links":{"self":[{"href":"https:\/\/wiki.s12.at\/index.php\/wp-json\/wp\/v2\/posts\/114","targetHints":{"allow":["GET"]}}],"collection":[{"href":"https:\/\/wiki.s12.at\/index.php\/wp-json\/wp\/v2\/posts"}],"about":[{"href":"https:\/\/wiki.s12.at\/index.php\/wp-json\/wp\/v2\/types\/post"}],"author":[{"embeddable":true,"href":"https:\/\/wiki.s12.at\/index.php\/wp-json\/wp\/v2\/users\/1"}],"replies":[{"embeddable":true,"href":"https:\/\/wiki.s12.at\/index.php\/wp-json\/wp\/v2\/comments?post=114"}],"version-history":[{"count":0,"href":"https:\/\/wiki.s12.at\/index.php\/wp-json\/wp\/v2\/posts\/114\/revisions"}],"wp:attachment":[{"href":"https:\/\/wiki.s12.at\/index.php\/wp-json\/wp\/v2\/media?parent=114"}],"wp:term":[{"taxonomy":"category","embeddable":true,"href":"https:\/\/wiki.s12.at\/index.php\/wp-json\/wp\/v2\/categories?post=114"},{"taxonomy":"post_tag","embeddable":true,"href":"https:\/\/wiki.s12.at\/index.php\/wp-json\/wp\/v2\/tags?post=114"}],"curies":[{"name":"wp","href":"https:\/\/api.w.org\/{rel}","templated":true}]}}