{"id":112,"date":"2026-05-06T12:54:46","date_gmt":"2026-05-06T10:54:46","guid":{"rendered":"http:\/\/wiki.s12.at\/index.php\/2026\/05\/06\/1-runde-saison-2023-24-scr-altach-gegen-fc-red-bull-salzburg\/"},"modified":"2026-05-06T12:54:46","modified_gmt":"2026-05-06T10:54:46","slug":"1-runde-saison-2023-24-scr-altach-gegen-fc-red-bull-salzburg","status":"publish","type":"post","link":"https:\/\/wiki.s12.at\/index.php\/2026\/05\/06\/1-runde-saison-2023-24-scr-altach-gegen-fc-red-bull-salzburg\/","title":{"rendered":"24, SCR Altach gegen FC Red Bull Salzburg"},"content":{"rendered":"<div class=\"mw-parser-output\">\n<table class=\"toptextcells toccolours\">\n<tbody>\n<tr>\n<th colspan=\"2\" style=\"text-align: center; vertical-align: top; padding: 0.3em 0.8em; font-size: 125%; background-color: lightsteelblue;\">SCR Altach gegen FC Red Bull Salzburg, 0:2\n<\/th>\n<\/tr>\n<tr>\n<th style=\"text-align:left;\"><b>Spieltag<\/b>\n<\/th>\n<th style=\"text-align:left;\">Bundesliga-1.Runde\n<\/th>\n<\/tr>\n<tr>\n<th style=\"text-align:left;\"><b>Datum<\/b>\n<\/th>\n<th style=\"text-align:left;\">29. Juli 2023\n<\/th>\n<\/tr>\n<tr>\n<th style=\"text-align:left;\"><b>Anpfiff<\/b>\n<\/th>\n<th style=\"text-align:left;\">19.30 Uhr\n<\/th>\n<\/tr>\n<tr>\n<td colspan=\"2\" style=\"text-align:center;\" bgcolor=\"lightgray\"><b>Aufstellung<\/b>\n<\/td>\n<\/tr>\n<tr>\n<th style=\"text-align:left;\"><b>Tor<\/b>\n<\/th>\n<th><a href=\"\/Alexander_Schlager\" title=\"Alexander Schlager\">Alexander Schlager<\/a>\n<\/th>\n<\/tr>\n<tr>\n<th style=\"text-align:left;\"><b>Verteidigung<\/b>\n<\/th>\n<th><a href=\"\/Amar_Dedic\" title=\"Amar Dedic\">Amar Dedic<\/a>  &#8211; <a href=\"\/Oumar_Solet\" title=\"Oumar Solet\">Oumar Solet<\/a>  &#8211;<a href=\"\/Strahinja_Pavlovic\" title=\"Strahinja Pavlovic\">Strahinja Pavlovic<\/a>  &#8211;  <a href=\"\/Aleksa_Terzic\" title=\"Aleksa Terzic\">Aleksa Terzic<\/a>\n<\/th>\n<\/tr>\n<tr>\n<th style=\"text-align:left;\"><b>Mittelfeld<\/b>\n<\/th>\n<th><a href=\"\/Lucas_Gourna-Douath\" title=\"Lucas Gourna-Douath\">Lucas Gourna-Douath<\/a>  &#8211; <a href=\"\/Dorgeles_Nene\" class=\"mw-redirect\" title=\"Dorgeles Nene\">Dorgeles Nene<\/a>  &#8211;  <a href=\"\/Amankwah_Forson\" title=\"Amankwah Forson\">Amankwah Forson<\/a>&#8211; <a href=\"\/Maurits_Kjaergaard\" title=\"Maurits Kjaergaard\">Maurits Kjaergaard<\/a>\n<\/th>\n<\/tr>\n<tr>\n<th style=\"text-align:left;\"><b>Sturm<\/b>\n<\/th>\n<th><a href=\"\/Karim_Konate\" title=\"Karim Konate\">Karim Konate<\/a> &#8211; <a href=\"\/Petar_Ratkov\" title=\"Petar Ratkov\">Petar Ratkov<\/a>\n<\/th>\n<\/tr>\n<tr>\n<td colspan=\"2\" style=\"text-align:center;\" bgcolor=\"lightgray\"><b>Wechsel<\/b>\n<\/td>\n<\/tr>\n<tr>\n<th style=\"text-align:left;\"><b>Wechsel<\/b>\n<\/th>\n<th style=\"text-align:left;\"><a href=\"\/Oscar_Gloukh\" title=\"Oscar Gloukh\">Oscar Gloukh<\/a> f\u00fcr Nene (62.), <a href=\"\/Mads_Bidstrup\" title=\"Mads Bidstrup\">Mads Bidstrup<\/a> f\u00fcr Forson (62.), <a href=\"\/Roko_Simic\" title=\"Roko Simic\">Roko Simic<\/a> f\u00fcr Ratkov (73.),<br \/> <a href=\"\/Dijon_Kameri\" title=\"Dijon Kameri\">Dijon Kameri<\/a> f\u00fcr Kjaergaard (87.)\n<\/th>\n<\/tr>\n<tr>\n<td colspan=\"2\" style=\"text-align:center;\" bgcolor=\"lightgray\"><b>Statistik<\/b>\n<\/td>\n<\/tr>\n<tr>\n<th style=\"text-align:left;\"><b>Endstand<\/b>\n<\/th>\n<th style=\"text-align:left;\">0:2 (0:1)\n<\/th>\n<\/tr>\n<tr>\n<th style=\"text-align:left;\"><b>Torsch\u00fctzen<\/b>\n<\/th>\n<th style=\"text-align:left;\">Ratkov (34.), Pavlovic  (48.)\n<\/th>\n<\/tr>\n<tr>\n<th style=\"text-align:left;\"><b>Gelbe Karten<\/b>\n<\/th>\n<th style=\"text-align:left;\">B\u00e4hre (52.); Pavlovic (91.)\n<\/th>\n<\/tr>\n<tr>\n<th style=\"text-align:left;\"><b>Rote Karten<\/b>\n<\/th>\n<th style=\"text-align:left;\">\n<\/th>\n<\/tr>\n<tr>\n<th style=\"text-align:left;\"><b>Schiedsrichter<\/b>\n<\/th>\n<th style=\"text-align:left;\">Walter Altmann\n<\/th>\n<\/tr>\n<tr>\n<th style=\"text-align:left;\"><b>Stadion<\/b>\n<\/th>\n<th style=\"text-align:left;\">Cashpoint Arena, Altach\n<\/th>\n<\/tr>\n<tr>\n<th style=\"text-align:left;\"><b>Zuschauer<\/b>\n<\/th>\n<th style=\"text-align:left;\">\n<\/th>\n<\/tr>\n<\/tbody>\n<\/table>\n<h2><span class=\"mw-headline\" id=\"Spielbericht\">Spielbericht<\/span><a href=\"\/index.php?title=1._Runde,_Saison_2023\/24,_SCR_Altach_gegen_FC_Red_Bull_Salzburg&amp;action=edit&amp;section=1\" title=\"Abschnitt bearbeiten: Spielbericht\">Bearbeiten<\/a><span class=\"mw-editsection-bracket\">]<\/span><\/span><\/h2>\n<p><a rel=\"nofollow\" class=\"external text\" href=\"https:\/\/www.redbullsalzburg.at\/de\/2023-2024\/spielplan\/bundesliga-runde-1-cashpoint-scr-altach-vs-fc-red-bull-salzburg#spielbericht\">Spielbericht Vereinshomepage<\/a>\n<\/p>\n<h2><span class=\"mw-headline\" id=\"Stimmen_zum_Spiel\">Stimmen zum Spiel<\/span><a href=\"\/index.php?title=1._Runde,_Saison_2023\/24,_SCR_Altach_gegen_FC_Red_Bull_Salzburg&amp;action=edit&amp;section=2\" title=\"Abschnitt bearbeiten: Stimmen zum Spiel\">Bearbeiten<\/a><span class=\"mw-editsection-bracket\">]<\/span><\/span><\/h2>\n<p><b>Christoph Freund:<\/b> Ein Saisonauftakt ist immer eine Standortbestimmung. Ich habe es vor dem Spiel schon gesagt, dass ich ein gutes Gef\u00fchl habe, das hat sich best\u00e4tigt. Es hat heute richtig Spa\u00df gemacht, den Burschen zuzuschauen, wie sie sich gegenseitig unterst\u00fctzen und mit wie viel Spielfreude sie zu Werke gehen. Die Mannschaft lebt richtig, und deshalb bin ich sehr stolz. Die Umst\u00e4nde waren wirklich speziell, aber die Energie, die wir auf den Platz gebracht haben, zeigt, dass wir voll da sind.\n<\/p>\n<p><b>Alexander Schlager:<\/b> Wir haben eine sehr ordentliche Leistung geboten, deswegen bin ich sehr gl\u00fccklich, dass wir positiv in die Saison gestartet sind \u2013 und wir werden dranbleiben! Wir hatten die Partie \u00fcber 90 Minuten hinweg komplett im Griff, sind vorne immer wieder gef\u00e4hrlich geworden und haben mit dem Ball Kontrolle ausgestrahlt. F\u00fcr uns war es wichtig, zu zeigen, dass wir da sind und gute Leistungen bringen, das haben wir heute geschafft.\n<\/p>\n<\/div>\n","protected":false},"excerpt":{"rendered":"<p>SCR Altach gegen FC Red Bull Salzburg, 0:2 Spieltag Bundesliga-1.Runde Datum 29. Juli 2023 Anpfiff 19.30 Uhr Aufstellung Tor Alexander Schlager Verteidigung Amar Dedic &#8211; Oumar Solet &#8211;Strahinja Pavlovic &#8211; Aleksa Terzic Mittelfeld Lucas Gourna-Douath &#8211; Dorgeles Nene &#8211; Amankwah Forson&#8211; Maurits Kjaergaard Sturm Karim Konate &#8211; Petar Ratkov Wechsel Wechsel Oscar Gloukh f\u00fcr Nene [&hellip;]<\/p>\n","protected":false},"author":1,"featured_media":0,"comment_status":"open","ping_status":"open","sticky":false,"template":"","format":"standard","meta":{"footnotes":""},"categories":[69],"tags":[],"class_list":["post-112","post","type-post","status-publish","format-standard","hentry","category-1-runde-saison-2023"],"_links":{"self":[{"href":"https:\/\/wiki.s12.at\/index.php\/wp-json\/wp\/v2\/posts\/112","targetHints":{"allow":["GET"]}}],"collection":[{"href":"https:\/\/wiki.s12.at\/index.php\/wp-json\/wp\/v2\/posts"}],"about":[{"href":"https:\/\/wiki.s12.at\/index.php\/wp-json\/wp\/v2\/types\/post"}],"author":[{"embeddable":true,"href":"https:\/\/wiki.s12.at\/index.php\/wp-json\/wp\/v2\/users\/1"}],"replies":[{"embeddable":true,"href":"https:\/\/wiki.s12.at\/index.php\/wp-json\/wp\/v2\/comments?post=112"}],"version-history":[{"count":0,"href":"https:\/\/wiki.s12.at\/index.php\/wp-json\/wp\/v2\/posts\/112\/revisions"}],"wp:attachment":[{"href":"https:\/\/wiki.s12.at\/index.php\/wp-json\/wp\/v2\/media?parent=112"}],"wp:term":[{"taxonomy":"category","embeddable":true,"href":"https:\/\/wiki.s12.at\/index.php\/wp-json\/wp\/v2\/categories?post=112"},{"taxonomy":"post_tag","embeddable":true,"href":"https:\/\/wiki.s12.at\/index.php\/wp-json\/wp\/v2\/tags?post=112"}],"curies":[{"name":"wp","href":"https:\/\/api.w.org\/{rel}","templated":true}]}}