{"id":1105,"date":"2026-05-06T13:41:43","date_gmt":"2026-05-06T11:41:43","guid":{"rendered":"https:\/\/wiki.s12.at\/index.php\/2026\/05\/06\/20-runde-regionalliga-west-saison-2012-13-fc-kufstein-gegen-fc-liefering\/"},"modified":"2026-05-06T13:41:43","modified_gmt":"2026-05-06T11:41:43","slug":"20-runde-regionalliga-west-saison-2012-13-fc-kufstein-gegen-fc-liefering","status":"publish","type":"post","link":"https:\/\/wiki.s12.at\/index.php\/2026\/05\/06\/20-runde-regionalliga-west-saison-2012-13-fc-kufstein-gegen-fc-liefering\/","title":{"rendered":"13, FC Kufstein gegen FC Liefering"},"content":{"rendered":"<div class=\"mw-parser-output\">\n<p><b>Regionalliga West &#8211; 20. Spieltag, 5. April 2013, 19 Uhr<\/b><br \/>\n\n<\/p>\n<table class=\"wikitable\">\n<caption><b><big>FC Kufstein gegen FC Liefering, 1:2  <\/big><\/b><br \/>\n<\/caption>\n<tbody>\n<tr>\n<td>Aufstellung:<\/td>\n<td><a href=\"\/Thomas_D%C3%A4hne\" title=\"Thomas D\u00e4hne\">Thomas D\u00e4hne<\/a> <a href=\"\/Rene_Aufhauser\" class=\"mw-redirect\" title=\"Rene Aufhauser\">Rene Aufhauser<\/a> <a href=\"\/Stefan_Lainer\" title=\"Stefan Lainer\">Stefan Lainer<\/a> <a href=\"\/Josip_Coric\" class=\"mw-redirect\" title=\"Josip Coric\">Josip Coric<\/a> <a href=\"\/Felix_Adjei\" title=\"Felix Adjei\">Felix Adjei<\/a> <a href=\"\/Nikola_Dovedan\" title=\"Nikola Dovedan\">Nikola Dovedan<\/a> <a href=\"\/Andreas_Schrott\" title=\"Andreas Schrott\">Andreas Schrott<\/a> <a href=\"\/Andre_Ramalho\" class=\"mw-redirect\" title=\"Andre Ramalho\">Andre Ramalho<\/a> <a href=\"\/Sandro_Djuric\" title=\"Sandro Djuric\">Sandro Djuric<\/a> <a href=\"\/Stefan_Savic\" title=\"Stefan Savic\">Stefan Savic<\/a> <a href=\"\/Mario_Konrad\" title=\"Mario Konrad\">Mario Konrad<\/a>\n<\/td>\n<\/tr>\n<tr>\n<td>Wechsel:<\/td>\n<td><a href=\"\/Andreas_Bammer\" title=\"Andreas Bammer\">Andreas Bammer<\/a> f\u00fcr Konrad (46.)  <a href=\"\/Wolfgang_Mair\" title=\"Wolfgang Mair\">Wolfgang Mair<\/a> f\u00fcr Dovedan (70.)\n<\/td>\n<\/tr>\n<tr>\n<td>Endstand:<\/td>\n<td>1:2(0:0)\n<\/td>\n<\/tr>\n<tr>\n<td>Torsch\u00fctzen:<\/td>\n<td>Emre (78.);  Dovedan (46.), Bammer (52.)\n<\/td>\n<\/tr>\n<tr>\n<td>Gelbe Karten:<\/td>\n<td>Crnkic (31.), Hartl (35.); Adjei (60.), Coric (62.)\n<\/td>\n<\/tr>\n<tr>\n<td>Gelb-rote Karten:<\/td>\n<td>\n<\/td>\n<\/tr>\n<tr>\n<td>Rote Karten:<\/td>\n<td>\n<\/td>\n<\/tr>\n<tr>\n<td>Schiedsrichter:<\/td>\n<td>Michael Baumann\n<\/td>\n<\/tr>\n<tr>\n<td>Stadion:<\/td>\n<td>Kufstein Arena, Kufstein\n<\/td>\n<\/tr>\n<tr>\n<td>Zuschauer:<\/td>\n<td>270\n<\/td>\n<\/tr>\n<\/tbody>\n<\/table>\n<h2><span class=\"mw-headline\" id=\"Stimmen_zum_Spiel\">Stimmen zum Spiel<\/span><a href=\"\/index.php?title=20.Runde,_Regionalliga_West,_Saison_2012\/13,_FC_Kufstein_gegen_FC_Liefering&amp;action=edit&amp;section=1\" title=\"Abschnitt bearbeiten: Stimmen zum Spiel\">Bearbeiten<\/a><span class=\"mw-editsection-bracket\">]<\/span><\/span><\/h2>\n<h3><span class=\"mw-headline\" id=\"Vor_dem_Spiel\">Vor dem Spiel<\/span><a href=\"\/index.php?title=20.Runde,_Regionalliga_West,_Saison_2012\/13,_FC_Kufstein_gegen_FC_Liefering&amp;action=edit&amp;section=2\" title=\"Abschnitt bearbeiten: Vor dem Spiel\">Bearbeiten<\/a><span class=\"mw-editsection-bracket\">]<\/span><\/span><\/h3>\n<p><b>Peter Zeidler:<\/b>\u201eKufstein ist ein sehr unangenehmer Gegner, auch wenn sie im Fr\u00fchjahr noch nicht voll angeschrieben haben. Um den Anschluss nicht zu verlieren, werden die Kufsteiner alles daran setzen zu punkten. Wir sind uns alle im Klaren, dass es ein richtungsweisendes Spiel ist. Wir haben es selbst in der Hand, den Takt an der Spitze vorzugeben und unsere Verfolger auf Distanz zu halten.\u201c\n<\/p>\n<h3><span class=\"mw-headline\" id=\"Nach_dem_Spiel\">Nach dem Spiel<\/span><a href=\"\/index.php?title=20.Runde,_Regionalliga_West,_Saison_2012\/13,_FC_Kufstein_gegen_FC_Liefering&amp;action=edit&amp;section=3\" title=\"Abschnitt bearbeiten: Nach dem Spiel\">Bearbeiten<\/a><span class=\"mw-editsection-bracket\">]<\/span><\/span><\/h3>\n<p>\u201eEin verdienter Sieg gegen eine Mannschaft, die zu Recht unter den ersten drei in der Tabelle steht. Verdient deshalb, weil wir uns in der zweiten Halbzeit richtig gesteigert haben und mit noch mehr Energie an die Sache herangegangen sind. Nach dem Anschlusstreffer ist es dann noch einmal spannend geworden. Doch da haben wir sehr selbstbewusst reagiert. Das war ein ganz wichtiger Sieg, Kompliment an die Mannschaft.\u201c\n<\/p>\n<h2><span class=\"mw-headline\" id=\"Weblinks\">Weblinks<\/span><a href=\"\/index.php?title=20.Runde,_Regionalliga_West,_Saison_2012\/13,_FC_Kufstein_gegen_FC_Liefering&amp;action=edit&amp;section=4\" title=\"Abschnitt bearbeiten: Weblinks\">Bearbeiten<\/a><span class=\"mw-editsection-bracket\">]<\/span><\/span><\/h2>\n<ul>\n<li><a rel=\"nofollow\" class=\"external text\" href=\"http:\/\/redbulls.com\/soccer\/salzburg\/de\/juniors-news-detail_6596.html\">Spielbericht auf der Vereinshomepage<\/a><\/li>\n<li><a rel=\"nofollow\" class=\"external text\" href=\"http:\/\/www.regionalliga.at\/west\/spielbericht\/2012_2013\/2621\/fc-kufstein---fc-liefering\/\">Spielbericht auf rlw.at<\/a><\/li>\n<\/ul>\n<\/div>\n","protected":false},"excerpt":{"rendered":"<p>Regionalliga West &#8211; 20. Spieltag, 5. April 2013, 19 Uhr FC Kufstein gegen FC Liefering, 1:2 Aufstellung: Thomas D\u00e4hne Rene Aufhauser Stefan Lainer Josip Coric Felix Adjei Nikola Dovedan Andreas Schrott Andre Ramalho Sandro Djuric Stefan Savic Mario Konrad Wechsel: Andreas Bammer f\u00fcr Konrad (46.) Wolfgang Mair f\u00fcr Dovedan (70.) Endstand: 1:2(0:0) Torsch\u00fctzen: Emre (78.); [&hellip;]<\/p>\n","protected":false},"author":1,"featured_media":0,"comment_status":"open","ping_status":"open","sticky":false,"template":"","format":"standard","meta":{"footnotes":""},"categories":[855],"tags":[],"class_list":["post-1105","post","type-post","status-publish","format-standard","hentry","category-20-runde-regionalliga-west-saison-2012"],"_links":{"self":[{"href":"https:\/\/wiki.s12.at\/index.php\/wp-json\/wp\/v2\/posts\/1105","targetHints":{"allow":["GET"]}}],"collection":[{"href":"https:\/\/wiki.s12.at\/index.php\/wp-json\/wp\/v2\/posts"}],"about":[{"href":"https:\/\/wiki.s12.at\/index.php\/wp-json\/wp\/v2\/types\/post"}],"author":[{"embeddable":true,"href":"https:\/\/wiki.s12.at\/index.php\/wp-json\/wp\/v2\/users\/1"}],"replies":[{"embeddable":true,"href":"https:\/\/wiki.s12.at\/index.php\/wp-json\/wp\/v2\/comments?post=1105"}],"version-history":[{"count":0,"href":"https:\/\/wiki.s12.at\/index.php\/wp-json\/wp\/v2\/posts\/1105\/revisions"}],"wp:attachment":[{"href":"https:\/\/wiki.s12.at\/index.php\/wp-json\/wp\/v2\/media?parent=1105"}],"wp:term":[{"taxonomy":"category","embeddable":true,"href":"https:\/\/wiki.s12.at\/index.php\/wp-json\/wp\/v2\/categories?post=1105"},{"taxonomy":"post_tag","embeddable":true,"href":"https:\/\/wiki.s12.at\/index.php\/wp-json\/wp\/v2\/tags?post=1105"}],"curies":[{"name":"wp","href":"https:\/\/api.w.org\/{rel}","templated":true}]}}