{"id":1094,"date":"2026-05-06T13:41:36","date_gmt":"2026-05-06T11:41:36","guid":{"rendered":"https:\/\/wiki.s12.at\/index.php\/2026\/05\/06\/2-runde-oefb-cup-saison-1986-87-sc-imst-austria-salzburg\/"},"modified":"2026-05-06T13:41:36","modified_gmt":"2026-05-06T11:41:36","slug":"2-runde-oefb-cup-saison-1986-87-sc-imst-austria-salzburg","status":"publish","type":"post","link":"https:\/\/wiki.s12.at\/index.php\/2026\/05\/06\/2-runde-oefb-cup-saison-1986-87-sc-imst-austria-salzburg\/","title":{"rendered":"87 SC Imst &#8211; Austria Salzburg"},"content":{"rendered":"<div class=\"mw-parser-output\">\n<h3><span class=\"mw-headline\" id=\"Fakten\">Fakten<\/span><a href=\"\/index.php?title=2._Runde,_%C3%96FB-Cup,_Saison_1986\/87_SC_Imst_-_Austria_Salzburg&amp;action=edit&amp;section=1\" title=\"Abschnitt bearbeiten: Fakten\">Bearbeiten<\/a><span class=\"mw-editsection-bracket\">]<\/span><\/span><\/h3>\n<p><b>\u00d6FB-Cup, 2. Runde, Saison 1986\/87: 19. August 1986, 17.30 Uhr<\/b><br \/>\n\n<\/p>\n<table class=\"wikitable\">\n<caption><b><big> SC Imst gegen SV Austria Salzburg, 2:4<\/big><\/b><br \/>\n<\/caption>\n<tbody>\n<tr>\n<td>Aufstellung:<\/td>\n<td><a href=\"\/Jos_Smeets\" title=\"Jos Smeets\">Jos Smeets<\/a>, <a href=\"\/Anton_Schn%C3%B6ll\" title=\"Anton Schn\u00f6ll\">Anton Schn\u00f6ll<\/a>, <a href=\"\/Gerald_Baumgartner\" title=\"Gerald Baumgartner\">Gerald Baumgartner<\/a>, <a href=\"\/Gustav_Kofler\" title=\"Gustav Kofler\">Gustav Kofler<\/a>&#160;?\n<\/td>\n<\/tr>\n<tr>\n<td>Endstand:<\/td>\n<td>2:4 (0:3)\n<\/td>\n<\/tr>\n<tr>\n<td>Torsch\u00fctzen:<\/td>\n<td>Kofler (46., ET.), Scheiber (70.); Reich (8., ET.), Baumgartner (35.), Smeets (42.), Schn\u00f6ll (85.)\n<\/td>\n<\/tr>\n<tr>\n<td>Gelbe Karten:<\/td>\n<td>\n<\/td>\n<\/tr>\n<tr>\n<td>Gelb-rote Karten:<\/td>\n<td>\n<\/td>\n<\/tr>\n<tr>\n<td>Rote Karten:<\/td>\n<td>\n<\/td>\n<\/tr>\n<tr>\n<td>Schiedsrichter:<\/td>\n<td>Anton Repnik\n<\/td>\n<\/tr>\n<tr>\n<td>Stadion:<\/td>\n<td>Imst\n<\/td>\n<\/tr>\n<tr>\n<td>Zuschauer:<\/td>\n<td>400\n<\/td>\n<\/tr>\n<\/tbody>\n<\/table>\n<\/div>\n","protected":false},"excerpt":{"rendered":"<p>FaktenBearbeiten] \u00d6FB-Cup, 2. Runde, Saison 1986\/87: 19. August 1986, 17.30 Uhr SC Imst gegen SV Austria Salzburg, 2:4 Aufstellung: Jos Smeets, Anton Schn\u00f6ll, Gerald Baumgartner, Gustav Kofler&#160;? Endstand: 2:4 (0:3) Torsch\u00fctzen: Kofler (46., ET.), Scheiber (70.); Reich (8., ET.), Baumgartner (35.), Smeets (42.), Schn\u00f6ll (85.) Gelbe Karten: Gelb-rote Karten: Rote Karten: Schiedsrichter: Anton Repnik Stadion: [&hellip;]<\/p>\n","protected":false},"author":1,"featured_media":0,"comment_status":"open","ping_status":"open","sticky":false,"template":"","format":"standard","meta":{"footnotes":""},"categories":[847],"tags":[],"class_list":["post-1094","post","type-post","status-publish","format-standard","hentry","category-2-runde-oefb-cup-saison-1986"],"_links":{"self":[{"href":"https:\/\/wiki.s12.at\/index.php\/wp-json\/wp\/v2\/posts\/1094","targetHints":{"allow":["GET"]}}],"collection":[{"href":"https:\/\/wiki.s12.at\/index.php\/wp-json\/wp\/v2\/posts"}],"about":[{"href":"https:\/\/wiki.s12.at\/index.php\/wp-json\/wp\/v2\/types\/post"}],"author":[{"embeddable":true,"href":"https:\/\/wiki.s12.at\/index.php\/wp-json\/wp\/v2\/users\/1"}],"replies":[{"embeddable":true,"href":"https:\/\/wiki.s12.at\/index.php\/wp-json\/wp\/v2\/comments?post=1094"}],"version-history":[{"count":0,"href":"https:\/\/wiki.s12.at\/index.php\/wp-json\/wp\/v2\/posts\/1094\/revisions"}],"wp:attachment":[{"href":"https:\/\/wiki.s12.at\/index.php\/wp-json\/wp\/v2\/media?parent=1094"}],"wp:term":[{"taxonomy":"category","embeddable":true,"href":"https:\/\/wiki.s12.at\/index.php\/wp-json\/wp\/v2\/categories?post=1094"},{"taxonomy":"post_tag","embeddable":true,"href":"https:\/\/wiki.s12.at\/index.php\/wp-json\/wp\/v2\/tags?post=1094"}],"curies":[{"name":"wp","href":"https:\/\/api.w.org\/{rel}","templated":true}]}}