{"id":109,"date":"2026-05-06T12:54:44","date_gmt":"2026-05-06T10:54:44","guid":{"rendered":"http:\/\/wiki.s12.at\/index.php\/2026\/05\/06\/1-runde-saison-2022-23-young-violets-austria-wien-gegen-fc-liefering\/"},"modified":"2026-05-06T12:54:44","modified_gmt":"2026-05-06T10:54:44","slug":"1-runde-saison-2022-23-young-violets-austria-wien-gegen-fc-liefering","status":"publish","type":"post","link":"https:\/\/wiki.s12.at\/index.php\/2026\/05\/06\/1-runde-saison-2022-23-young-violets-austria-wien-gegen-fc-liefering\/","title":{"rendered":"23, Young Violets Austria Wien gegen FC Liefering"},"content":{"rendered":"<div class=\"mw-parser-output\">\n<table class=\"toptextcells toccolours\">\n<tbody>\n<tr>\n<th colspan=\"2\" style=\"text-align: center; vertical-align: top; padding: 0.3em 0.8em; font-size: 125%; background-color: lightsteelblue;\">Young Violets gegen FC Liefering, 2:2\n<\/th>\n<\/tr>\n<tr>\n<th style=\"text-align:left;\"><b>Spieltag<\/b>\n<\/th>\n<th style=\"text-align:left;\">2. Liga 1. Runde\n<\/th>\n<\/tr>\n<tr>\n<th style=\"text-align:left;\"><b>Datum<\/b>\n<\/th>\n<th style=\"text-align:left;\">22. Juli 2022\n<\/th>\n<\/tr>\n<tr>\n<th style=\"text-align:left;\"><b>Anpfiff<\/b>\n<\/th>\n<th style=\"text-align:left;\">18.10  Uhr\n<\/th>\n<\/tr>\n<tr>\n<td colspan=\"2\" style=\"text-align:center;\" bgcolor=\"lightgray\"><b>Aufstellung<\/b>\n<\/td>\n<\/tr>\n<tr>\n<th style=\"text-align:left;\"><b>Tor<\/b>\n<\/th>\n<th><a href=\"\/Jonas_Krumrey\" title=\"Jonas Krumrey\">Jonas Krumrey <\/a>\n<\/th>\n<\/tr>\n<tr>\n<th style=\"text-align:left;\"><b>Verteidigung<\/b>\n<\/th>\n<th><a href=\"\/Benjamin_Atiabou\" title=\"Benjamin Atiabou\">Benjamin Atiabou<\/a> &#8211; <a href=\"\/Lukas_Wallner\" title=\"Lukas Wallner\">Lukas Wallner <\/a>  &#8211;<a href=\"\/Samson_Baidoo\" title=\"Samson Baidoo\">Samson Baidoo<\/a>  &#8211;  <a href=\"\/Mario_Pejazic\" title=\"Mario Pejazic\">Mario Pejazic <\/a>\n<\/th>\n<\/tr>\n<tr>\n<th style=\"text-align:left;\"><b>Mittelfeld<\/b>\n<\/th>\n<th><a href=\"\/Tolgahan_Sahin\" title=\"Tolgahan Sahin\">Tolgahan Sahin<\/a> &#8211; <a href=\"\/Lawrence_Agyekum\" title=\"Lawrence Agyekum\">Lawrence Agyekum<\/a> &#8211; <a href=\"\/Dijon_Kameri\" title=\"Dijon Kameri\">Dijon Kameri<\/a> &#8211; <a href=\"\/Zeteny_Jano\" title=\"Zeteny Jano\">Zeteny Jano<\/a>\n<\/th>\n<\/tr>\n<tr>\n<th style=\"text-align:left;\"><b>Sturm<\/b>\n<\/th>\n<th><a href=\"\/Luka_Reischl\" title=\"Luka Reischl\">Luka Reischl<\/a> &#8211; <a href=\"\/Marcell_Berki\" title=\"Marcell Berki\">Marcell Berki<\/a>\n<\/th>\n<\/tr>\n<tr>\n<td colspan=\"2\" style=\"text-align:center;\" bgcolor=\"lightgray\"><b>Wechsel<\/b>\n<\/td>\n<\/tr>\n<tr>\n<th style=\"text-align:left;\"><b>Wechsel<\/b>\n<\/th>\n<th style=\"text-align:left;\"><a href=\"\/Dario_Bijelic\" title=\"Dario Bijelic\">Dario Bijelic<\/a> f\u00fcr Sahin (46.), <a href=\"\/Raphael_Hofer\" title=\"Raphael Hofer\">Raphael Hofer <\/a> f\u00fcr Agyekum (46.), <a href=\"\/Elias_Havel\" title=\"Elias Havel\">Elias Havel<\/a> f\u00fcr Berki (46.),<br \/><a href=\"\/Dominik_Lechner\" title=\"Dominik Lechner\">Dominik Lechner<\/a> f\u00fcr  Jano (66.), <a href=\"\/Marcel_Moswitzer\" title=\"Marcel Moswitzer\">Marcel Moswitzer<\/a> f\u00fcr Wallner (84.)\n<\/th>\n<\/tr>\n<tr>\n<td colspan=\"2\" style=\"text-align:center;\" bgcolor=\"lightgray\"><b>Statistik<\/b>\n<\/td>\n<\/tr>\n<tr>\n<th style=\"text-align:left;\"><b>Endstand<\/b>\n<\/th>\n<th style=\"text-align:left;\">2:2 (0:0)\n<\/th>\n<\/tr>\n<tr>\n<th style=\"text-align:left;\"><b>Torsch\u00fctzen<\/b>\n<\/th>\n<th style=\"text-align:left;\">Hahn (71.), Schmelzer (78.); Atiabou (50.), Hofer (66.)\n<\/th>\n<\/tr>\n<tr>\n<th style=\"text-align:left;\"><b>Gelbe Karten<\/b>\n<\/th>\n<th style=\"text-align:left;\">Dizdarevic (83.); Baidoo (22.),  Atiabou (46.), Jano (51.),\n<\/th>\n<\/tr>\n<tr>\n<th style=\"text-align:left;\"><b>Rote Karten<\/b>\n<\/th>\n<th style=\"text-align:left;\">\n<\/th>\n<\/tr>\n<tr>\n<th style=\"text-align:left;\"><b>Schiedsrichter<\/b>\n<\/th>\n<th style=\"text-align:left;\">Florian Jandl\n<\/th>\n<\/tr>\n<tr>\n<th style=\"text-align:left;\"><b>Stadion<\/b>\n<\/th>\n<th style=\"text-align:left;\">Generali-Arena, Wien\n<\/th>\n<\/tr>\n<tr>\n<th style=\"text-align:left;\"><b>Zuschauer<\/b>\n<\/th>\n<th style=\"text-align:left;\">\n<\/th>\n<\/tr>\n<\/tbody>\n<\/table>\n<h2><span class=\"mw-headline\" id=\"Spielbericht\">Spielbericht<\/span><a href=\"\/index.php?title=1._Runde,_Saison_2022\/23,_Young_Violets_Austria_Wien_gegen_FC_Liefering&amp;action=edit&amp;section=1\" title=\"Abschnitt bearbeiten: Spielbericht\">Bearbeiten<\/a><span class=\"mw-editsection-bracket\">]<\/span><\/span><\/h2>\n<p><a rel=\"nofollow\" class=\"external text\" href=\"https:\/\/www.fc-liefering.at\/de\/fc-liefering\/news\/saison_2022_23\/ligaspiel-young-violets-runde-1.html\">Spielbericht Vereinshomepage<\/a>\n<\/p>\n<h2><span class=\"mw-headline\" id=\"Stimmen_zum_Spiel\">Stimmen zum Spiel<\/span><a href=\"\/index.php?title=1._Runde,_Saison_2022\/23,_Young_Violets_Austria_Wien_gegen_FC_Liefering&amp;action=edit&amp;section=2\" title=\"Abschnitt bearbeiten: Stimmen zum Spiel\">Bearbeiten<\/a><span class=\"mw-editsection-bracket\">]<\/span><\/span><\/h2>\n<p><b>Fabio Ingolitsch:<\/b>   Es war ein Spiel mit zwei komplett unterschiedlichen Halbzeiten. In der ersten hatten wir Probleme mit der Zweikampfh\u00e4rte wie auch mit den langen B\u00e4llen. Da k\u00f6nnen wir uns bei Torh\u00fcter Jonas Krumrey bedanken, dass er so lange die Null gehalten hat. In der zweiten H\u00e4lfte haben wir ein komplett anderes Gesicht gezeigt, waren aggressiver und haben uns mit zwei Standardtoren in F\u00fchrung geschossen. Am Ende haben wir leider durch Kleinigkeiten, wie fehlendes Durchsichern, noch die zwei Gegentreffer erhalten. Wenn man 2:0 f\u00fchrt, ist es nat\u00fcrlich bitter, wenn man es nicht \u00fcber die Zeit bringt. Den Punkt nehmen wir jedoch mit und richten unseren ganzen Fokus auf unsere Heimpremiere.\n<\/p>\n<\/div>\n","protected":false},"excerpt":{"rendered":"<p>Young Violets gegen FC Liefering, 2:2 Spieltag 2. Liga 1. Runde Datum 22. Juli 2022 Anpfiff 18.10 Uhr Aufstellung Tor Jonas Krumrey Verteidigung Benjamin Atiabou &#8211; Lukas Wallner &#8211;Samson Baidoo &#8211; Mario Pejazic Mittelfeld Tolgahan Sahin &#8211; Lawrence Agyekum &#8211; Dijon Kameri &#8211; Zeteny Jano Sturm Luka Reischl &#8211; Marcell Berki Wechsel Wechsel Dario Bijelic [&hellip;]<\/p>\n","protected":false},"author":1,"featured_media":0,"comment_status":"open","ping_status":"open","sticky":false,"template":"","format":"standard","meta":{"footnotes":""},"categories":[66],"tags":[],"class_list":["post-109","post","type-post","status-publish","format-standard","hentry","category-1-runde-saison-2022"],"_links":{"self":[{"href":"https:\/\/wiki.s12.at\/index.php\/wp-json\/wp\/v2\/posts\/109","targetHints":{"allow":["GET"]}}],"collection":[{"href":"https:\/\/wiki.s12.at\/index.php\/wp-json\/wp\/v2\/posts"}],"about":[{"href":"https:\/\/wiki.s12.at\/index.php\/wp-json\/wp\/v2\/types\/post"}],"author":[{"embeddable":true,"href":"https:\/\/wiki.s12.at\/index.php\/wp-json\/wp\/v2\/users\/1"}],"replies":[{"embeddable":true,"href":"https:\/\/wiki.s12.at\/index.php\/wp-json\/wp\/v2\/comments?post=109"}],"version-history":[{"count":0,"href":"https:\/\/wiki.s12.at\/index.php\/wp-json\/wp\/v2\/posts\/109\/revisions"}],"wp:attachment":[{"href":"https:\/\/wiki.s12.at\/index.php\/wp-json\/wp\/v2\/media?parent=109"}],"wp:term":[{"taxonomy":"category","embeddable":true,"href":"https:\/\/wiki.s12.at\/index.php\/wp-json\/wp\/v2\/categories?post=109"},{"taxonomy":"post_tag","embeddable":true,"href":"https:\/\/wiki.s12.at\/index.php\/wp-json\/wp\/v2\/tags?post=109"}],"curies":[{"name":"wp","href":"https:\/\/api.w.org\/{rel}","templated":true}]}}