{"id":1088,"date":"2026-05-06T13:41:33","date_gmt":"2026-05-06T11:41:33","guid":{"rendered":"https:\/\/wiki.s12.at\/index.php\/2026\/05\/06\/2-runde-saison-2025-26-sk-rapid-ii-gegen-fc-liefering\/"},"modified":"2026-05-06T13:41:33","modified_gmt":"2026-05-06T11:41:33","slug":"2-runde-saison-2025-26-sk-rapid-ii-gegen-fc-liefering","status":"publish","type":"post","link":"https:\/\/wiki.s12.at\/index.php\/2026\/05\/06\/2-runde-saison-2025-26-sk-rapid-ii-gegen-fc-liefering\/","title":{"rendered":"26, SK Rapid II gegen FC Liefering"},"content":{"rendered":"<div class=\"mw-parser-output\">\n<table class=\"toptextcells toccolours\">\n<tbody>\n<tr>\n<th colspan=\"2\" style=\"text-align: center; vertical-align: top; padding: 0.3em 0.8em; font-size: 125%; background-color: lightsteelblue;\">SK Rapid II gegen FC Lieferin, 1:1\n<\/th>\n<\/tr>\n<tr>\n<th style=\"text-align:left;\"><b>Spieltag<\/b>\n<\/th>\n<th style=\"text-align:left;\">2. Liga -2. Runde\n<\/th>\n<\/tr>\n<tr>\n<th style=\"text-align:left;\"><b>Datum<\/b>\n<\/th>\n<th style=\"text-align:left;\">9 August 2025\n<\/th>\n<\/tr>\n<tr>\n<th style=\"text-align:left;\"><b>Anpfiff<\/b>\n<\/th>\n<th style=\"text-align:left;\">14:30 Uhr\n<\/th>\n<\/tr>\n<tr>\n<td colspan=\"2\" style=\"text-align:center;\" bgcolor=\"lightgray\"><b>Aufstellung<\/b>\n<\/td>\n<\/tr>\n<tr>\n<th style=\"text-align:left;\"><b>Tor<\/b>\n<\/th>\n<th><a href=\"\/Nikola_Sarcevic\" title=\"Nikola Sarcevic\">Nikola Sarcevic<\/a>\n<\/th>\n<\/tr>\n<tr>\n<th style=\"text-align:left;\"><b>Verteidigung<\/b>\n<\/th>\n<th><a href=\"\/Tobias_Rohrmoser\" title=\"Tobias Rohrmoser\">Tobias Rohrmoser<\/a> &#8211; <a href=\"\/Rocco_Zikovic\" title=\"Rocco Zikovic\">Rocco Zikovic<\/a> &#8211;  <a href=\"\/Marcel_Moswitzer\" title=\"Marcel Moswitzer\">Marcel Moswitzer<\/a> &#8211;   <a href=\"\/Jakob_Brandtner\" title=\"Jakob Brandtner\">Jakob Brandtner<\/a>\n<\/th>\n<\/tr>\n<tr>\n<th style=\"text-align:left;\"><b>Mittelfeld<\/b>\n<\/th>\n<th><a href=\"\/Oliver_Lukic\" title=\"Oliver Lukic\">Oliver Lukic<\/a>\u2013  <a href=\"\/Marc_Striednig\" title=\"Marc Striednig\">Marc Striednig<\/a>&#8211; <a href=\"\/Johannes_Moser\" title=\"Johannes Moser\">Johannes Moser<\/a>&#8211;  <a href=\"\/Riquelme_Reis\" title=\"Riquelme Reis\">Riquelme Reis<\/a>\n<\/th>\n<\/tr>\n<tr>\n<th style=\"text-align:left;\"><b>Sturm<\/b>\n<\/th>\n<th><a href=\"\/Phillip_Verhounig\" title=\"Phillip Verhounig\">Phillip Verhounig<\/a> &#8211; <a href=\"\/Aboubacar_Camara\" class=\"mw-redirect\" title=\"Aboubacar Camara\">Aboubacar Camara<\/a>\n<\/th>\n<\/tr>\n<tr>\n<td colspan=\"2\" style=\"text-align:center;\" bgcolor=\"lightgray\"><b>Wechsel<\/b>\n<\/td>\n<\/tr>\n<tr>\n<th style=\"text-align:left;\"><b>Wechsel<\/b>\n<\/th>\n<th style=\"text-align:left;\"><a href=\"\/Benedict_Scharner\" title=\"Benedict Scharner\">Benedict Scharner<\/a> f\u00fcr Lukic (64.), <a href=\"\/Jakob_Pokorny\" title=\"Jakob Pokorny\">Jakob Pokorny<\/a> f\u00fcr Moswitzer (64.), <a href=\"\/Alexander_Murillo\" title=\"Alexander Murillo\">Alexander Murillo<\/a> f\u00fcr Camara (80.)  <br \/><a href=\"\/Jakob_Zangerl\" title=\"Jakob Zangerl\">Jakob Zangerl<\/a> f\u00fcr Rohrmoser (81.), <a href=\"\/R%C3%BCst%C3%BC_Erdogan\" title=\"R\u00fcst\u00fc Erdogan\">R\u00fcst\u00fc Erdogan<\/a> f\u00fcr Moser (91.)\n<\/th>\n<\/tr>\n<tr>\n<td colspan=\"2\" style=\"text-align:center;\" bgcolor=\"lightgray\"><b>Statistik<\/b>\n<\/td>\n<\/tr>\n<tr>\n<th style=\"text-align:left;\"><b>Endstand<\/b>\n<\/th>\n<th style=\"text-align:left;\">1:1 (1:1)\n<\/th>\n<\/tr>\n<tr>\n<th style=\"text-align:left;\"><b>Torsch\u00fctzen<\/b>\n<\/th>\n<th style=\"text-align:left;\">Berger (9.); Camara (40.)\n<\/th>\n<\/tr>\n<tr>\n<th style=\"text-align:left;\"><b>Gelbe Karten<\/b>\n<\/th>\n<th style=\"text-align:left;\">Muharemovic (52.), Brunnhofer (63.); Rohrmoser (10.), Zikovic (45+2.), Ozegovic (84.)\n<\/th>\n<\/tr>\n<tr>\n<th style=\"text-align:left;\"><b>Rote Karten<\/b>\n<\/th>\n<th style=\"text-align:left;\">\n<\/th>\n<\/tr>\n<tr>\n<th style=\"text-align:left;\"><b>Schiedsrichter<\/b>\n<\/th>\n<th style=\"text-align:left;\">Stjepan Bosnjak\n<\/th>\n<\/tr>\n<tr>\n<th style=\"text-align:left;\"><b>Stadion<\/b>\n<\/th>\n<th style=\"text-align:left;\">Allianz Stadion, Wien\n<\/th>\n<\/tr>\n<tr>\n<th style=\"text-align:left;\"><b>Zuschauer<\/b>\n<\/th>\n<th style=\"text-align:left;\">\n<\/th>\n<\/tr>\n<\/tbody>\n<\/table>\n<ul>\n<li>Zweitligadebut f\u00fcr Tobias Rohrmoser<\/li>\n<\/ul>\n<h2><span class=\"mw-headline\" id=\"Spielbericht\">Spielbericht<\/span><a href=\"\/index.php?title=2._Runde,_Saison_2025\/26,_SK_Rapid_II_gegen_FC_Liefering&amp;action=edit&amp;section=1\" title=\"Abschnitt bearbeiten: Spielbericht\">Bearbeiten<\/a><span class=\"mw-editsection-bracket\">]<\/span><\/span><\/h2>\n<p><a rel=\"nofollow\" class=\"external text\" href=\"https:\/\/www.fc-liefering.at\/de\/fc-liefering\/news\/saison_2025_26\/ligaspiel-rapid-ii-runde-2.html\">Spielbericht Vereinshomepage<\/a>\n<\/p>\n<h2><span class=\"mw-headline\" id=\"Stimmen_zum_Spiel\">Stimmen zum Spiel<\/span><a href=\"\/index.php?title=2._Runde,_Saison_2025\/26,_SK_Rapid_II_gegen_FC_Liefering&amp;action=edit&amp;section=2\" title=\"Abschnitt bearbeiten: Stimmen zum Spiel\">Bearbeiten<\/a><span class=\"mw-editsection-bracket\">]<\/span><\/span><\/h2>\n<p><b>Daniel Beichler:<\/b> Wir waren in den ersten zehn Minuten wieder \u00fcberhaupt nicht gut im Spiel und haben zwei Riesenchancen zugelassen. Dementsprechend starten wir wieder schlecht hinein. Allerdings haben es die Burschen dann geschafft, das Momentum wieder auf unsere Seite zu ziehen \u2013 von Minute zehn bis 80 waren wir klar die bessere Mannschaft. Da haben wir vieles liegen gelassen, wir h\u00e4tten deutlich in F\u00fchrung liegen m\u00fcssen. Es waren viele gute Dinge dabei, im Vergleich zur Vorwoche war ein ordentlicher Fortschritt zu sehen \u2013 viel konsequenter als zuletzt, auch bei diesen schwierigen Bedingungen. Hintenraus m\u00fcssen wir froh sein, dass wir das Gegentor nicht noch bekommen haben, das w\u00e4re der Klassiker gewesen.\n<\/p>\n<\/div>\n","protected":false},"excerpt":{"rendered":"<p>SK Rapid II gegen FC Lieferin, 1:1 Spieltag 2. Liga -2. Runde Datum 9 August 2025 Anpfiff 14:30 Uhr Aufstellung Tor Nikola Sarcevic Verteidigung Tobias Rohrmoser &#8211; Rocco Zikovic &#8211; Marcel Moswitzer &#8211; Jakob Brandtner Mittelfeld Oliver Lukic\u2013 Marc Striednig&#8211; Johannes Moser&#8211; Riquelme Reis Sturm Phillip Verhounig &#8211; Aboubacar Camara Wechsel Wechsel Benedict Scharner f\u00fcr [&hellip;]<\/p>\n","protected":false},"author":1,"featured_media":0,"comment_status":"open","ping_status":"open","sticky":false,"template":"","format":"standard","meta":{"footnotes":""},"categories":[776],"tags":[],"class_list":["post-1088","post","type-post","status-publish","format-standard","hentry","category-2-runde-saison-2025"],"_links":{"self":[{"href":"https:\/\/wiki.s12.at\/index.php\/wp-json\/wp\/v2\/posts\/1088","targetHints":{"allow":["GET"]}}],"collection":[{"href":"https:\/\/wiki.s12.at\/index.php\/wp-json\/wp\/v2\/posts"}],"about":[{"href":"https:\/\/wiki.s12.at\/index.php\/wp-json\/wp\/v2\/types\/post"}],"author":[{"embeddable":true,"href":"https:\/\/wiki.s12.at\/index.php\/wp-json\/wp\/v2\/users\/1"}],"replies":[{"embeddable":true,"href":"https:\/\/wiki.s12.at\/index.php\/wp-json\/wp\/v2\/comments?post=1088"}],"version-history":[{"count":0,"href":"https:\/\/wiki.s12.at\/index.php\/wp-json\/wp\/v2\/posts\/1088\/revisions"}],"wp:attachment":[{"href":"https:\/\/wiki.s12.at\/index.php\/wp-json\/wp\/v2\/media?parent=1088"}],"wp:term":[{"taxonomy":"category","embeddable":true,"href":"https:\/\/wiki.s12.at\/index.php\/wp-json\/wp\/v2\/categories?post=1088"},{"taxonomy":"post_tag","embeddable":true,"href":"https:\/\/wiki.s12.at\/index.php\/wp-json\/wp\/v2\/tags?post=1088"}],"curies":[{"name":"wp","href":"https:\/\/api.w.org\/{rel}","templated":true}]}}