{"id":1086,"date":"2026-05-06T13:41:22","date_gmt":"2026-05-06T11:41:22","guid":{"rendered":"https:\/\/wiki.s12.at\/index.php\/2026\/05\/06\/2-runde-saison-2023-24-fc-red-bull-salzburg-gegen-wsg-tirol\/"},"modified":"2026-05-06T13:41:22","modified_gmt":"2026-05-06T11:41:22","slug":"2-runde-saison-2023-24-fc-red-bull-salzburg-gegen-wsg-tirol","status":"publish","type":"post","link":"https:\/\/wiki.s12.at\/index.php\/2026\/05\/06\/2-runde-saison-2023-24-fc-red-bull-salzburg-gegen-wsg-tirol\/","title":{"rendered":"24, FC Red Bull Salzburg gegen WSG Tirol"},"content":{"rendered":"<div class=\"mw-parser-output\">\n<table class=\"toptextcells toccolours\">\n<tbody>\n<tr>\n<th colspan=\"2\" style=\"text-align: center; vertical-align: top; padding: 0.3em 0.8em; font-size: 125%; background-color: lightsteelblue;\">FC Red Bull Salzburg gegen WSG Tirol, 3:0\n<\/th>\n<\/tr>\n<tr>\n<th style=\"text-align:left;\"><b>Spieltag<\/b>\n<\/th>\n<th style=\"text-align:left;\">Bundesliga-2.Runde\n<\/th>\n<\/tr>\n<tr>\n<th style=\"text-align:left;\"><b>Datum<\/b>\n<\/th>\n<th style=\"text-align:left;\">6. August 2023\n<\/th>\n<\/tr>\n<tr>\n<th style=\"text-align:left;\"><b>Anpfiff<\/b>\n<\/th>\n<th style=\"text-align:left;\">17 Uhr\n<\/th>\n<\/tr>\n<tr>\n<td colspan=\"2\" style=\"text-align:center;\" bgcolor=\"lightgray\"><b>Aufstellung<\/b>\n<\/td>\n<\/tr>\n<tr>\n<th style=\"text-align:left;\"><b>Tor<\/b>\n<\/th>\n<th><a href=\"\/Alexander_Schlager\" title=\"Alexander Schlager\">Alexander Schlager<\/a>\n<\/th>\n<\/tr>\n<tr>\n<th style=\"text-align:left;\"><b>Verteidigung<\/b>\n<\/th>\n<th><a href=\"\/Amar_Dedic\" title=\"Amar Dedic\">Amar Dedic<\/a>  &#8211; <a href=\"\/Oumar_Solet\" title=\"Oumar Solet\">Oumar Solet<\/a>  &#8211;<a href=\"\/Strahinja_Pavlovic\" title=\"Strahinja Pavlovic\">Strahinja Pavlovic<\/a>  &#8211;  <a href=\"\/Aleksa_Terzic\" title=\"Aleksa Terzic\">Aleksa Terzic<\/a>\n<\/th>\n<\/tr>\n<tr>\n<th style=\"text-align:left;\"><b>Mittelfeld<\/b>\n<\/th>\n<th><a href=\"\/Lucas_Gourna-Douath\" title=\"Lucas Gourna-Douath\">Lucas Gourna-Douath<\/a>  &#8211; <a href=\"\/Mads_Bidstrup\" title=\"Mads Bidstrup\">Mads Bidstrup<\/a>  &#8211;  <a href=\"\/Amankwah_Forson\" title=\"Amankwah Forson\">Amankwah Forson<\/a>&#8211; <a href=\"\/Maurits_Kjaergaard\" title=\"Maurits Kjaergaard\">Maurits Kjaergaard<\/a>\n<\/th>\n<\/tr>\n<tr>\n<th style=\"text-align:left;\"><b>Sturm<\/b>\n<\/th>\n<th><a href=\"\/Karim_Konate\" title=\"Karim Konate\">Karim Konate<\/a> &#8211; <a href=\"\/Roko_Simic\" title=\"Roko Simic\">Roko Simic<\/a>\n<\/th>\n<\/tr>\n<tr>\n<td colspan=\"2\" style=\"text-align:center;\" bgcolor=\"lightgray\"><b>Wechsel<\/b>\n<\/td>\n<\/tr>\n<tr>\n<th style=\"text-align:left;\"><b>Wechsel<\/b>\n<\/th>\n<th style=\"text-align:left;\"><a href=\"\/Dorgeles_Nene\" class=\"mw-redirect\" title=\"Dorgeles Nene\">Dorgeles Nene<\/a> f\u00fcr Simic (67.), <a href=\"\/Dijon_Kameri\" title=\"Dijon Kameri\">Dijon Kameri<\/a> f\u00fcr Gourna-Douath, <br \/><a href=\"\/Oscar_Gloukh\" title=\"Oscar Gloukh\">Oscar  Gloukh<\/a> f\u00fcr Forson (beide 77.),  <a href=\"\/Leandro_Morgalla\" title=\"Leandro Morgalla\">Leandro Morgalla<\/a> f\u00fcr Terzic (90.)\n<\/th>\n<\/tr>\n<tr>\n<td colspan=\"2\" style=\"text-align:center;\" bgcolor=\"lightgray\"><b>Statistik<\/b>\n<\/td>\n<\/tr>\n<tr>\n<th style=\"text-align:left;\"><b>Endstand<\/b>\n<\/th>\n<th style=\"text-align:left;\">3:0 (0:0)\n<\/th>\n<\/tr>\n<tr>\n<th style=\"text-align:left;\"><b>Torsch\u00fctzen<\/b>\n<\/th>\n<th style=\"text-align:left;\">Konate (57., 87.), Nene (93.)\n<\/th>\n<\/tr>\n<tr>\n<th style=\"text-align:left;\"><b>Gelbe Karten<\/b>\n<\/th>\n<th style=\"text-align:left;\">Ertlthaler (35.), Schulz (36.), Stumberger (42.), Jaunegg (85.)\n<\/th>\n<\/tr>\n<tr>\n<th style=\"text-align:left;\"><b>Rote Karten<\/b>\n<\/th>\n<th style=\"text-align:left;\">\n<\/th>\n<\/tr>\n<tr>\n<th style=\"text-align:left;\"><b>Schiedsrichter<\/b>\n<\/th>\n<th style=\"text-align:left;\">Josef Spurny\n<\/th>\n<\/tr>\n<tr>\n<th style=\"text-align:left;\"><b>Stadion<\/b>\n<\/th>\n<th style=\"text-align:left;\">EM Stadion, Salzburg\n<\/th>\n<\/tr>\n<tr>\n<th style=\"text-align:left;\"><b>Zuschauer<\/b>\n<\/th>\n<th style=\"text-align:left;\">11 737\n<\/th>\n<\/tr>\n<\/tbody>\n<\/table>\n<h2><span class=\"mw-headline\" id=\"Spielbericht\">Spielbericht<\/span><a href=\"\/index.php?title=2._Runde,_Saison_2023\/24,_FC_Red_Bull_Salzburg_gegen_WSG_Tirol&amp;action=edit&amp;section=1\" title=\"Abschnitt bearbeiten: Spielbericht\">Bearbeiten<\/a><span class=\"mw-editsection-bracket\">]<\/span><\/span><\/h2>\n<p><a rel=\"nofollow\" class=\"external text\" href=\"https:\/\/www.redbullsalzburg.at\/de\/2023-2024\/spielplan\/bundesliga-runde-2-fc-red-bull-salzburg-vs-wsg-tirol#spielbericht\">Spielbericht Vereinshomepage<\/a>\n<\/p>\n<h2><span class=\"mw-headline\" id=\"Bilder\">Bilder<\/span><a href=\"\/index.php?title=2._Runde,_Saison_2023\/24,_FC_Red_Bull_Salzburg_gegen_WSG_Tirol&amp;action=edit&amp;section=2\" title=\"Abschnitt bearbeiten: Bilder\">Bearbeiten<\/a><span class=\"mw-editsection-bracket\">]<\/span><\/span><\/h2>\n<p><img alt=\"\" src=\"\/images\/thumb\/4\/4a\/Commons-logo.svg\/langde-20px-Commons-logo.svg.png%3Futm_source%3Dcommons.wikimedia.org%26utm_campaign%3Dimageinfo%26utm_content%3Dthumbnail\" decoding=\"async\" title=\"Commons\" width=\"12\" height=\"16\" srcset=\"\/images\/thumb\/4\/4a\/Commons-logo.svg\/langde-40px-Commons-logo.svg.png%3Futm_source%3Dcommons.wikimedia.org%26utm_campaign%3Dimageinfo%26utm_content%3Dthumbnail 2x\" \/>&#160;<b><a href=\"http:\/\/commons.wikimedia.org\/wiki\/Category:FC_Red_Bull_Salzburg_gegen_WSG_Tirol_(2023-08-06)\" class=\"extiw\" title=\"commons:Category:FC Red Bull Salzburg gegen WSG Tirol (2023-08-06)\">2. Runde, Saison 2023\/24, FC Red Bull Salzburg gegen WSG Tirol<\/a><\/b>&#160;\u2013 Sammlung von Bildern, Videos und Audiodateien auf <a href=\"\/Wikimedia_Commons\" title=\"Wikimedia Commons\">Wikimedia Commons<\/a>\n<\/p>\n<h2><span class=\"mw-headline\" id=\"Stimmen_zum_Spiel\">Stimmen zum Spiel<\/span><a href=\"\/index.php?title=2._Runde,_Saison_2023\/24,_FC_Red_Bull_Salzburg_gegen_WSG_Tirol&amp;action=edit&amp;section=3\" title=\"Abschnitt bearbeiten: Stimmen zum Spiel\">Bearbeiten<\/a><span class=\"mw-editsection-bracket\">]<\/span><\/span><\/h2>\n<p><b>Gerhard Struber:<\/b>      Wenn die Jungs losgelassen werden, sieht man, welche Power in ihnen steckt. Letztendlich muss das Ergebnis noch h\u00f6her ausfallen, wenn wir die Angriffe besser zu Ende spielen. Die WSG hat es geschafft, die R\u00e4ume eng zu machen, aber wir h\u00e4tten ein St\u00fcck weit simpler den Erfolg \u00fcber die Fl\u00fcgel suchen k\u00f6nnen. \u200b\u200b\u200bWir sind jedenfalls drangeblieben, haben den Gegner weiter bespielt \u2013 da war das zweite und dritte Tor nur eine Frage der Zeit. Das Spiel hinterl\u00e4sst auf jeden Fall ein gutes Gef\u00fchl bei jedem Einzelnen.\n<\/p>\n<p>\n<b>Amar Dedic:<\/b> Mit dem heutigen Auftreten haben wir Willen, Motivation und Spa\u00df auf den Platz gebracht. Aus meiner Sicht daher ein hochverdienter Sieg. Es hat Geduld erfordert, aber nach dem ersten Tor haben wir gezeigt, dass wir noch weitere Tore drauflegen wollen. Wir haben schon in der Trainingswoche gesehen, dass jeder Einzelne Lust auf eine geile Saison hat. Wir k\u00f6nnen uns auf etwas freuen.\n<\/p>\n<\/div>\n","protected":false},"excerpt":{"rendered":"<p>FC Red Bull Salzburg gegen WSG Tirol, 3:0 Spieltag Bundesliga-2.Runde Datum 6. August 2023 Anpfiff 17 Uhr Aufstellung Tor Alexander Schlager Verteidigung Amar Dedic &#8211; Oumar Solet &#8211;Strahinja Pavlovic &#8211; Aleksa Terzic Mittelfeld Lucas Gourna-Douath &#8211; Mads Bidstrup &#8211; Amankwah Forson&#8211; Maurits Kjaergaard Sturm Karim Konate &#8211; Roko Simic Wechsel Wechsel Dorgeles Nene f\u00fcr Simic [&hellip;]<\/p>\n","protected":false},"author":1,"featured_media":0,"comment_status":"open","ping_status":"open","sticky":false,"template":"","format":"standard","meta":{"footnotes":""},"categories":[843],"tags":[],"class_list":["post-1086","post","type-post","status-publish","format-standard","hentry","category-2-runde-saison-2023"],"_links":{"self":[{"href":"https:\/\/wiki.s12.at\/index.php\/wp-json\/wp\/v2\/posts\/1086","targetHints":{"allow":["GET"]}}],"collection":[{"href":"https:\/\/wiki.s12.at\/index.php\/wp-json\/wp\/v2\/posts"}],"about":[{"href":"https:\/\/wiki.s12.at\/index.php\/wp-json\/wp\/v2\/types\/post"}],"author":[{"embeddable":true,"href":"https:\/\/wiki.s12.at\/index.php\/wp-json\/wp\/v2\/users\/1"}],"replies":[{"embeddable":true,"href":"https:\/\/wiki.s12.at\/index.php\/wp-json\/wp\/v2\/comments?post=1086"}],"version-history":[{"count":0,"href":"https:\/\/wiki.s12.at\/index.php\/wp-json\/wp\/v2\/posts\/1086\/revisions"}],"wp:attachment":[{"href":"https:\/\/wiki.s12.at\/index.php\/wp-json\/wp\/v2\/media?parent=1086"}],"wp:term":[{"taxonomy":"category","embeddable":true,"href":"https:\/\/wiki.s12.at\/index.php\/wp-json\/wp\/v2\/categories?post=1086"},{"taxonomy":"post_tag","embeddable":true,"href":"https:\/\/wiki.s12.at\/index.php\/wp-json\/wp\/v2\/tags?post=1086"}],"curies":[{"name":"wp","href":"https:\/\/api.w.org\/{rel}","templated":true}]}}