{"id":108,"date":"2026-05-06T12:54:44","date_gmt":"2026-05-06T10:54:44","guid":{"rendered":"http:\/\/wiki.s12.at\/index.php\/2026\/05\/06\/1-runde-saison-2022-23-fc-red-bull-salzburg-gegen-fk-austria-wien\/"},"modified":"2026-05-06T12:54:44","modified_gmt":"2026-05-06T10:54:44","slug":"1-runde-saison-2022-23-fc-red-bull-salzburg-gegen-fk-austria-wien","status":"publish","type":"post","link":"https:\/\/wiki.s12.at\/index.php\/2026\/05\/06\/1-runde-saison-2022-23-fc-red-bull-salzburg-gegen-fk-austria-wien\/","title":{"rendered":"23, FC Red Bull Salzburg gegen FK Austria Wien"},"content":{"rendered":"<div class=\"mw-parser-output\">\n<p>\n<\/p>\n<table class=\"toptextcells toccolours\">\n<tbody>\n<tr>\n<th colspan=\"2\" style=\"text-align: center; vertical-align: top; padding: 0.3em 0.8em; font-size: 125%; background-color: lightsteelblue;\">FC Red Bull Salzburg gegen FK Austria Wien, 3:0\n<\/th>\n<\/tr>\n<tr>\n<th style=\"text-align:left;\"><b>Spieltag<\/b>\n<\/th>\n<th style=\"text-align:left;\">Bundesliga 1. Runde\n<\/th>\n<\/tr>\n<tr>\n<th style=\"text-align:left;\"><b>Datum<\/b>\n<\/th>\n<th style=\"text-align:left;\">22. Juli 2022\n<\/th>\n<\/tr>\n<tr>\n<th style=\"text-align:left;\"><b>Anpfiff<\/b>\n<\/th>\n<th style=\"text-align:left;\">20.30  Uhr\n<\/th>\n<\/tr>\n<tr>\n<td colspan=\"2\" style=\"text-align:center;\" bgcolor=\"lightgray\"><b>Aufstellung<\/b>\n<\/td>\n<\/tr>\n<tr>\n<th style=\"text-align:left;\"><b>Tor<\/b>\n<\/th>\n<th><a href=\"\/Philipp_K%C3%B6hn\" title=\"Philipp K\u00f6hn\">Philipp K\u00f6hn <\/a>\n<\/th>\n<\/tr>\n<tr>\n<th style=\"text-align:left;\"><b>Verteidigung<\/b>\n<\/th>\n<th><a href=\"\/Ignace_Van_der_Brempt\" title=\"Ignace Van der Brempt\">Ignace Van der Brempt<\/a> &#8211; <a href=\"\/Oumar_Solet\" title=\"Oumar Solet\">Oumar Solet<\/a> &#8211; <a href=\"\/Bernardo\" title=\"Bernardo\">Bernardo<\/a> &#8211; <a href=\"\/Maximilian_W%C3%B6ber\" title=\"Maximilian W\u00f6ber\">Maximilian W\u00f6ber<\/a>\n<\/th>\n<\/tr>\n<tr>\n<th style=\"text-align:left;\"><b>Mittelfeld<\/b>\n<\/th>\n<th><a href=\"\/Luka_Sucic\" title=\"Luka Sucic\">Luka Sucic<\/a> &#8211; <a href=\"\/Nicolas_Seiwald\" title=\"Nicolas Seiwald\">Nicolas Seiwald<\/a> &#8211; <a href=\"\/Nicolas_Capaldo\" title=\"Nicolas Capaldo\">Nicolas Capaldo<\/a> &#8211; <a href=\"\/Fernando\" class=\"mw-redirect\" title=\"Fernando\">Fernando<\/a>\n<\/th>\n<\/tr>\n<tr>\n<th style=\"text-align:left;\"><b>Sturm<\/b>\n<\/th>\n<th><a href=\"\/Noah_Okafor\" title=\"Noah Okafor\">Noah Okafor<\/a>   &#8211; <a href=\"\/Benjamin_Sesko\" class=\"mw-redirect\" title=\"Benjamin Sesko\">Benjamin Sesko<\/a>\n<\/th>\n<\/tr>\n<tr>\n<td colspan=\"2\" style=\"text-align:center;\" bgcolor=\"lightgray\"><b>Wechsel<\/b>\n<\/td>\n<\/tr>\n<tr>\n<th style=\"text-align:left;\"><b>Wechsel<\/b>\n<\/th>\n<th style=\"text-align:left;\"><a href=\"\/Maurits_Kjaergaard\" title=\"Maurits Kjaergaard\">Maurits Kjaergaard<\/a> f\u00fcr Fernando (69.), <a href=\"\/Sekou_Koita\" title=\"Sekou Koita\">Sekou Koita<\/a> f\u00fcr Sesko (69.), <a href=\"\/Junior_Adamu\" class=\"mw-redirect\" title=\"Junior Adamu\">Junior Adamu<\/a> f\u00fcr Okafor (69.),<br \/> <a href=\"\/Mamady_Diambou\" title=\"Mamady Diambou\">Mamady Diambou<\/a> f\u00fcr Sucic (81.), <a href=\"\/Andreas_Ulmer\" title=\"Andreas Ulmer\">Andreas Ulmer<\/a> f\u00fcr W\u00f6ber (85.)\n<\/th>\n<\/tr>\n<tr>\n<td colspan=\"2\" style=\"text-align:center;\" bgcolor=\"lightgray\"><b>Statistik<\/b>\n<\/td>\n<\/tr>\n<tr>\n<th style=\"text-align:left;\"><b>Endstand<\/b>\n<\/th>\n<th style=\"text-align:left;\">3:0 (1:0)\n<\/th>\n<\/tr>\n<tr>\n<th style=\"text-align:left;\"><b>Torsch\u00fctzen<\/b>\n<\/th>\n<th style=\"text-align:left;\">Sesko (37.), Fernando (56.), Okafor (61.)\n<\/th>\n<\/tr>\n<tr>\n<th style=\"text-align:left;\"><b>Gelbe Karten<\/b>\n<\/th>\n<th style=\"text-align:left;\">\n<\/th>\n<\/tr>\n<tr>\n<th style=\"text-align:left;\"><b>Rote Karten<\/b>\n<\/th>\n<th style=\"text-align:left;\">\n<\/th>\n<\/tr>\n<tr>\n<th style=\"text-align:left;\"><b>Schiedsrichter<\/b>\n<\/th>\n<th style=\"text-align:left;\">Rene Eisner\n<\/th>\n<\/tr>\n<tr>\n<th style=\"text-align:left;\"><b>Stadion<\/b>\n<\/th>\n<th style=\"text-align:left;\">EM-Stadion, Wals-Siezenheim\n<\/th>\n<\/tr>\n<tr>\n<th style=\"text-align:left;\"><b>Zuschauer<\/b>\n<\/th>\n<th style=\"text-align:left;\">\n<\/th>\n<\/tr>\n<\/tbody>\n<\/table>\n<h2><span class=\"mw-headline\" id=\"Spielbericht\">Spielbericht<\/span><a href=\"\/index.php?title=1._Runde,_Saison_2022\/23,_FC_Red_Bull_Salzburg_gegen_FK_Austria_Wien&amp;action=edit&amp;section=1\" title=\"Abschnitt bearbeiten: Spielbericht\">Bearbeiten<\/a><span class=\"mw-editsection-bracket\">]<\/span><\/span><\/h2>\n<p><a rel=\"nofollow\" class=\"external text\" href=\"https:\/\/www.redbullsalzburg.at\/de\/2022-2023\/spielplan\/bundesliga-runde-1-fc-red-bull-salzburg-vs-fk-austria-wien#spielbericht\">Spielbericht Vereinshomepage<\/a>\n<\/p>\n<h2><span class=\"mw-headline\" id=\"Bilder\">Bilder<\/span><a href=\"\/index.php?title=1._Runde,_Saison_2022\/23,_FC_Red_Bull_Salzburg_gegen_FK_Austria_Wien&amp;action=edit&amp;section=2\" title=\"Abschnitt bearbeiten: Bilder\">Bearbeiten<\/a><span class=\"mw-editsection-bracket\">]<\/span><\/span><\/h2>\n<p><img alt=\"\" src=\"\/images\/thumb\/4\/4a\/Commons-logo.svg\/langde-20px-Commons-logo.svg.png%3Futm_source%3Dcommons.wikimedia.org%26utm_campaign%3Dimageinfo%26utm_content%3Dthumbnail\" decoding=\"async\" title=\"Commons\" width=\"12\" height=\"16\" srcset=\"\/images\/thumb\/4\/4a\/Commons-logo.svg\/langde-40px-Commons-logo.svg.png%3Futm_source%3Dcommons.wikimedia.org%26utm_campaign%3Dimageinfo%26utm_content%3Dthumbnail 2x\" \/>&#160;<b><a href=\"http:\/\/commons.wikimedia.org\/wiki\/Category:FC_RB_Salzburg_gegen_FK_Austria_Wien_(2022-07-22)\" class=\"extiw\" title=\"commons:Category:FC RB Salzburg gegen FK Austria Wien (2022-07-22)\">1. Runde, Saison 2022\/23, FC Red Bull Salzburg gegen FK Austria Wien<\/a><\/b>&#160;\u2013 Sammlung von Bildern, Videos und Audiodateien auf <a href=\"\/Wikimedia_Commons\" title=\"Wikimedia Commons\">Wikimedia Commons<\/a>\n<\/p>\n<h2><span class=\"mw-headline\" id=\"Stimmen_zum_Spiel\">Stimmen zum Spiel<\/span><a href=\"\/index.php?title=1._Runde,_Saison_2022\/23,_FC_Red_Bull_Salzburg_gegen_FK_Austria_Wien&amp;action=edit&amp;section=3\" title=\"Abschnitt bearbeiten: Stimmen zum Spiel\">Bearbeiten<\/a><span class=\"mw-editsection-bracket\">]<\/span><\/span><\/h2>\n<p><b>Matthias Jaissle:<\/b> Ich bin sehr zufrieden mit dem Auftakt! Man muss sagen, dass die Austria eine echte Top-Mannschaft ist. Gerade in der Anfangsphase haben sie das gezeigt. Es war eine hart umk\u00e4mpfte Partie, und wir hatten hier und da auch etwas Gl\u00fcck, dass sie nicht in F\u00fchrung gegangen sind. Danach hat sich das Spiel aber so entwickelt, wie wir uns das im Trainerteam erhofft und gew\u00fcnscht hatten. Wir waren dominant, haben uns eine Vielzahl an Chancen herausgespielt und somit dann auch verdient gewonnen.\n<\/p>\n<p><b>Nicolas Seiwald:<\/b> Extrem viel Tempo, harte Zweik\u00e4mpfe \u2013 aber wir haben es angenommen. Die Mentalit\u00e4t ist zweifellos da, wir haben einen extremen Konkurrenzkampf und jeder haut sich rein. Das gef\u00e4llt mir, gef\u00e4llt uns. Ganz am Anfang sind wir nicht hundertprozentig in die Partie gekommen, nach f\u00fcnf Minuten waren wir aber voll drinnen. Ein gelungener Saisonauftakt, so wollen wir weitermachen!\n<\/p>\n<\/div>\n","protected":false},"excerpt":{"rendered":"<p>FC Red Bull Salzburg gegen FK Austria Wien, 3:0 Spieltag Bundesliga 1. Runde Datum 22. Juli 2022 Anpfiff 20.30 Uhr Aufstellung Tor Philipp K\u00f6hn Verteidigung Ignace Van der Brempt &#8211; Oumar Solet &#8211; Bernardo &#8211; Maximilian W\u00f6ber Mittelfeld Luka Sucic &#8211; Nicolas Seiwald &#8211; Nicolas Capaldo &#8211; Fernando Sturm Noah Okafor &#8211; Benjamin Sesko Wechsel [&hellip;]<\/p>\n","protected":false},"author":1,"featured_media":0,"comment_status":"open","ping_status":"open","sticky":false,"template":"","format":"standard","meta":{"footnotes":""},"categories":[66],"tags":[],"class_list":["post-108","post","type-post","status-publish","format-standard","hentry","category-1-runde-saison-2022"],"_links":{"self":[{"href":"https:\/\/wiki.s12.at\/index.php\/wp-json\/wp\/v2\/posts\/108","targetHints":{"allow":["GET"]}}],"collection":[{"href":"https:\/\/wiki.s12.at\/index.php\/wp-json\/wp\/v2\/posts"}],"about":[{"href":"https:\/\/wiki.s12.at\/index.php\/wp-json\/wp\/v2\/types\/post"}],"author":[{"embeddable":true,"href":"https:\/\/wiki.s12.at\/index.php\/wp-json\/wp\/v2\/users\/1"}],"replies":[{"embeddable":true,"href":"https:\/\/wiki.s12.at\/index.php\/wp-json\/wp\/v2\/comments?post=108"}],"version-history":[{"count":0,"href":"https:\/\/wiki.s12.at\/index.php\/wp-json\/wp\/v2\/posts\/108\/revisions"}],"wp:attachment":[{"href":"https:\/\/wiki.s12.at\/index.php\/wp-json\/wp\/v2\/media?parent=108"}],"wp:term":[{"taxonomy":"category","embeddable":true,"href":"https:\/\/wiki.s12.at\/index.php\/wp-json\/wp\/v2\/categories?post=108"},{"taxonomy":"post_tag","embeddable":true,"href":"https:\/\/wiki.s12.at\/index.php\/wp-json\/wp\/v2\/tags?post=108"}],"curies":[{"name":"wp","href":"https:\/\/api.w.org\/{rel}","templated":true}]}}