{"id":1071,"date":"2026-05-06T13:40:45","date_gmt":"2026-05-06T11:40:45","guid":{"rendered":"https:\/\/wiki.s12.at\/index.php\/2026\/05\/06\/2-runde-saison-2015-16-fc-red-bull-salzburg-gegen-sk-rapid-wien\/"},"modified":"2026-05-06T13:40:45","modified_gmt":"2026-05-06T11:40:45","slug":"2-runde-saison-2015-16-fc-red-bull-salzburg-gegen-sk-rapid-wien","status":"publish","type":"post","link":"https:\/\/wiki.s12.at\/index.php\/2026\/05\/06\/2-runde-saison-2015-16-fc-red-bull-salzburg-gegen-sk-rapid-wien\/","title":{"rendered":"16 FC Red Bull Salzburg gegen SK Rapid Wien"},"content":{"rendered":"<div class=\"mw-parser-output\">\n<h2><span class=\"mw-headline\" id=\"Fakten\">Fakten<\/span><a href=\"\/index.php?title=2._Runde,_Saison_2015\/16_FC_Red_Bull_Salzburg_gegen_SK_Rapid_Wien&amp;action=edit&amp;section=1\" title=\"Abschnitt bearbeiten: Fakten\">Bearbeiten<\/a><span class=\"mw-editsection-bracket\">]<\/span><\/span><\/h2>\n<table class=\"toptextcells toccolours\">\n<tbody>\n<tr>\n<th colspan=\"2\" style=\"text-align: center; vertical-align: top; padding: 0.3em 0.8em; font-size: 125%; background-color: lightsteelblue;\">FC Red Bull Salzburg gegen SK Rapid Wien, 1:2\n<\/th>\n<\/tr>\n<tr>\n<th style=\"text-align:left;\"><b>Spieltag<\/b>\n<\/th>\n<th style=\"text-align:left;\">Bundesliga &#8211; 2. Spieltag\n<\/th>\n<\/tr>\n<tr>\n<th style=\"text-align:left;\"><b>Datum<\/b>\n<\/th>\n<th style=\"text-align:left;\">1. August 2015\n<\/th>\n<\/tr>\n<tr>\n<th style=\"text-align:left;\"><b>Anpfiff<\/b>\n<\/th>\n<th style=\"text-align:left;\">16 Uhr\n<\/th>\n<\/tr>\n<tr>\n<td colspan=\"2\" style=\"text-align:center;\" bgcolor=\"lightgray\"><b>Aufstellung<\/b>\n<\/td>\n<\/tr>\n<tr>\n<th style=\"text-align:left;\"><b>Tor<\/b>\n<\/th>\n<th><a href=\"\/Alexander_Walke\" title=\"Alexander Walke\">Alexander Walke<\/a>\n<\/th>\n<\/tr>\n<tr>\n<th style=\"text-align:left;\"><b>Verteidigung<\/b>\n<\/th>\n<th><a href=\"\/Benno_Schmitz\" title=\"Benno Schmitz\">Benno Schmitz<\/a> &#8211; <a href=\"\/Martin_Hinteregger\" title=\"Martin Hinteregger\">Martin Hinteregger<\/a> &#8211; <a href=\"\/Paulo_Miranda\" title=\"Paulo Miranda\">Paulo Miranda<\/a> &#8211; <a href=\"\/Andreas_Ulmer\" title=\"Andreas Ulmer\">Andreas Ulmer<\/a>\n<\/th>\n<\/tr>\n<tr>\n<th style=\"text-align:left;\"><b>Mittelfeld<\/b>\n<\/th>\n<th><a href=\"\/Konrad_Laimer\" title=\"Konrad Laimer\">Konrad Laimer<\/a> &#8211; <a href=\"\/Naby_Keita\" title=\"Naby Keita\">Naby Keita<\/a> &#8211; <a href=\"\/Valon_Berisha\" title=\"Valon Berisha\">Valon Berisha<\/a> &#8211; <a href=\"\/David_Atanga\" title=\"David Atanga\">David Atanga<\/a>\n<\/th>\n<\/tr>\n<tr>\n<th style=\"text-align:left;\"><b>Sturm<\/b>\n<\/th>\n<th><a href=\"\/Felipe_Pires\" title=\"Felipe Pires\">Felipe Pires<\/a> &#8211; <a href=\"\/Marco_Djuricin\" title=\"Marco Djuricin\">Marco Djuricin<\/a>\n<\/th>\n<\/tr>\n<tr>\n<td colspan=\"2\" style=\"text-align:center;\" bgcolor=\"lightgray\"><b>Wechsel<\/b>\n<\/td>\n<\/tr>\n<tr>\n<th style=\"text-align:left;\"><b>Wechsel<\/b>\n<\/th>\n<th style=\"text-align:left;\"><a href=\"\/Dimitri_Oberlin\" title=\"Dimitri Oberlin\">Dimitri Oberlin<\/a> f\u00fcr Djuricin (46.), <a href=\"\/Christoph_Leitgeb\" title=\"Christoph Leitgeb\">Christoph Leitgeb<\/a> f\u00fcr Laimer (46.), <a href=\"\/Takumi_Minamino\" title=\"Takumi Minamino\">Takumi Minamino<\/a> f\u00fcr Berisha (73.)\n<\/th>\n<\/tr>\n<tr>\n<td colspan=\"2\" style=\"text-align:center;\" bgcolor=\"lightgray\"><b>Statistik<\/b>\n<\/td>\n<\/tr>\n<tr>\n<th style=\"text-align:left;\"><b>Endstand<\/b>\n<\/th>\n<th style=\"text-align:left;\">1:2 (0:2)\n<\/th>\n<\/tr>\n<tr>\n<th style=\"text-align:left;\"><b>Torsch\u00fctzen<\/b>\n<\/th>\n<th style=\"text-align:left;\">Petsos (15.), Schwab (33.), Oberlin (66.)\n<\/th>\n<\/tr>\n<tr>\n<th style=\"text-align:left;\"><b>Gelbe Karten<\/b>\n<\/th>\n<th style=\"text-align:left;\">Schmitz (19.), Atanga (45.;, Schaub (76.), Kainz (84.)\n<\/th>\n<\/tr>\n<tr>\n<th style=\"text-align:left;\"><b>Rote Karten<\/b>\n<\/th>\n<th style=\"text-align:left;\">\n<\/th>\n<\/tr>\n<tr>\n<th style=\"text-align:left;\"><b>Schiedsrichter<\/b>\n<\/th>\n<th style=\"text-align:left;\">Robert Sch\u00f6rgenhofer\n<\/th>\n<\/tr>\n<tr>\n<th style=\"text-align:left;\"><b>Stadion<\/b>\n<\/th>\n<th style=\"text-align:left;\">Red Bull Arena, Salzburg\n<\/th>\n<\/tr>\n<tr>\n<th style=\"text-align:left;\"><b>Zuschauer<\/b>\n<\/th>\n<th style=\"text-align:left;\">17 357\n<\/th>\n<\/tr>\n<\/tbody>\n<\/table>\n<p>\n<\/p>\n<h2><span class=\"mw-headline\" id=\"Bilder\">Bilder<\/span><a href=\"\/index.php?title=2._Runde,_Saison_2015\/16_FC_Red_Bull_Salzburg_gegen_SK_Rapid_Wien&amp;action=edit&amp;section=2\" title=\"Abschnitt bearbeiten: Bilder\">Bearbeiten<\/a><span class=\"mw-editsection-bracket\">]<\/span><\/span><\/h2>\n<ul>\n<li>(c)GEPA<\/li>\n<\/ul>\n<ul class=\"gallery mw-gallery-traditional\">\n<li class=\"gallerybox\" style=\"width: 155px\">\n<div style=\"width: 155px\">\n<div class=\"thumb\" style=\"width: 150px;\">\n<div style=\"margin:32.5px auto;\"><a href=\"\/Datei:GEPA_SBG_RAP_(4).jpg\" class=\"image\"><img alt=\"GEPA SBG RAP (4).jpg\" src=\"\/images\/thumb\/9\/94\/GEPA_SBG_RAP_%284%29.jpg\/120px-GEPA_SBG_RAP_%284%29.jpg\" decoding=\"async\" width=\"120\" height=\"85\" srcset=\"\/images\/thumb\/9\/94\/GEPA_SBG_RAP_%284%29.jpg\/180px-GEPA_SBG_RAP_%284%29.jpg 1.5x, \/images\/thumb\/9\/94\/GEPA_SBG_RAP_%284%29.jpg\/240px-GEPA_SBG_RAP_%284%29.jpg 2x\" \/><\/a><\/div>\n<\/div>\n<div class=\"gallerytext\">\n\t\t\t<\/div>\n<\/p><\/div>\n<\/li>\n<li class=\"gallerybox\" style=\"width: 155px\">\n<div style=\"width: 155px\">\n<div class=\"thumb\" style=\"width: 150px;\">\n<div style=\"margin:35.5px auto;\"><a href=\"\/Datei:GEPA_SBG_RAP_(1).jpg\" class=\"image\"><img alt=\"GEPA SBG RAP (1).jpg\" src=\"\/images\/thumb\/0\/0c\/GEPA_SBG_RAP_%281%29.jpg\/120px-GEPA_SBG_RAP_%281%29.jpg\" decoding=\"async\" width=\"120\" height=\"79\" srcset=\"\/images\/thumb\/0\/0c\/GEPA_SBG_RAP_%281%29.jpg\/180px-GEPA_SBG_RAP_%281%29.jpg 1.5x, \/images\/thumb\/0\/0c\/GEPA_SBG_RAP_%281%29.jpg\/240px-GEPA_SBG_RAP_%281%29.jpg 2x\" \/><\/a><\/div>\n<\/div>\n<div class=\"gallerytext\">\n\t\t\t<\/div>\n<\/p><\/div>\n<\/li>\n<li class=\"gallerybox\" style=\"width: 155px\">\n<div style=\"width: 155px\">\n<div class=\"thumb\" style=\"width: 150px;\">\n<div style=\"margin:36px auto;\"><a href=\"\/Datei:GEPA_SBG_RAP_(2).jpg\" class=\"image\"><img alt=\"GEPA SBG RAP (2).jpg\" src=\"\/images\/thumb\/7\/76\/GEPA_SBG_RAP_%282%29.jpg\/120px-GEPA_SBG_RAP_%282%29.jpg\" decoding=\"async\" width=\"120\" height=\"78\" srcset=\"\/images\/thumb\/7\/76\/GEPA_SBG_RAP_%282%29.jpg\/180px-GEPA_SBG_RAP_%282%29.jpg 1.5x, \/images\/thumb\/7\/76\/GEPA_SBG_RAP_%282%29.jpg\/240px-GEPA_SBG_RAP_%282%29.jpg 2x\" \/><\/a><\/div>\n<\/div>\n<div class=\"gallerytext\">\n\t\t\t<\/div>\n<\/p><\/div>\n<\/li>\n<li class=\"gallerybox\" style=\"width: 155px\">\n<div style=\"width: 155px\">\n<div class=\"thumb\" style=\"width: 150px;\">\n<div style=\"margin:32.5px auto;\"><a href=\"\/Datei:GEPA_SBG_RAP_(3).jpg\" class=\"image\"><img loading=\"lazy\" alt=\"GEPA SBG RAP (3).jpg\" src=\"\/images\/thumb\/8\/83\/GEPA_SBG_RAP_%283%29.jpg\/120px-GEPA_SBG_RAP_%283%29.jpg\" decoding=\"async\" width=\"120\" height=\"85\" srcset=\"\/images\/thumb\/8\/83\/GEPA_SBG_RAP_%283%29.jpg\/180px-GEPA_SBG_RAP_%283%29.jpg 1.5x, \/images\/thumb\/8\/83\/GEPA_SBG_RAP_%283%29.jpg\/240px-GEPA_SBG_RAP_%283%29.jpg 2x\" \/><\/a><\/div>\n<\/div>\n<div class=\"gallerytext\">\n\t\t\t<\/div>\n<\/p><\/div>\n<\/li>\n<\/ul>\n<p>\n<\/p>\n<h2><span class=\"mw-headline\" id=\"Weblinks\">Weblinks<\/span><a href=\"\/index.php?title=2._Runde,_Saison_2015\/16_FC_Red_Bull_Salzburg_gegen_SK_Rapid_Wien&amp;action=edit&amp;section=3\" title=\"Abschnitt bearbeiten: Weblinks\">Bearbeiten<\/a><span class=\"mw-editsection-bracket\">]<\/span><\/span><\/h2>\n<ul>\n<li><a rel=\"nofollow\" class=\"external text\" href=\"http:\/\/www.redbullsalzburg.at\/de\/fc-red-bull-salzburg\/news\/saison_2015_16\/knappe-heimniederlage-im-spitzenspiel.html\">Spielbericht Vereinshomepage<\/a><\/li>\n<\/ul>\n<h2><span class=\"mw-headline\" id=\"Stimmen_zum_Spiel\">Stimmen zum Spiel<\/span><a href=\"\/index.php?title=2._Runde,_Saison_2015\/16_FC_Red_Bull_Salzburg_gegen_SK_Rapid_Wien&amp;action=edit&amp;section=4\" title=\"Abschnitt bearbeiten: Stimmen zum Spiel\">Bearbeiten<\/a><span class=\"mw-editsection-bracket\">]<\/span><\/span><\/h2>\n<p><b>Peter Zeidler:<\/b> Die Jungs geben immer alles und haben bei dem Spiel am Mittwoch sicherlich Kr\u00e4fte gelassen. Trotzdem haben sie diese l\u00e4uferische Leistung nochmals bringen k\u00f6nnen. Aber im synchronen Ballzur\u00fcckholen hat heute einiges gefehlt, und wir haben zu viele Konter zugelassen. Wir h\u00e4tten nach dem 2:1 die M\u00f6glichkeit gehabt, nochmal ranzukommen. Da w\u00e4re noch viel machbar gewesen, nicht nur der Ausgleich. Letztlich m\u00fcssen wir uns bei Alexander Walke bedanken, dass wir so lange im Spiel waren. Jetzt gilt es, schnell zu regenerieren, denn wenn ich mich richtig erinnere, haben wir am Mittwoch ein wichtiges Spiel.\n<\/p>\n<p><b>Alexander Walke:<\/b> Das war sicherlich nicht unser Ziel, so in die Saison zu starten. Wir wissen, dass wir uns in einigen Dingen noch verbessern m\u00fcssen. Aber wir sind vielleicht in manchen Situationen etwas zu brav. Wir hatten einen gro\u00dfen Umbruch in der Mannschaft und m\u00fcssen uns erst finden. Aber daran arbeiten wir und kommen so auch wieder in die richtige Bahn.\n<\/p>\n<p><b>Benno Schmitz:<\/b> Nat\u00fcrlich war der Anschlusstreffer f\u00fcr uns sehr wichtig. Aber man muss auch sagen, dass wir heute verdient verloren haben. Wichtig ist aber, dass wir dranbleiben. Wir wissen, dass wir eine hohe Qualit\u00e4t und individuelle Klasse in der Mannschaft haben, nur m\u00fcssen wir das auch konstanter auf den Platz bringen.\n<\/p>\n<\/div>\n","protected":false},"excerpt":{"rendered":"<p>FaktenBearbeiten] FC Red Bull Salzburg gegen SK Rapid Wien, 1:2 Spieltag Bundesliga &#8211; 2. Spieltag Datum 1. August 2015 Anpfiff 16 Uhr Aufstellung Tor Alexander Walke Verteidigung Benno Schmitz &#8211; Martin Hinteregger &#8211; Paulo Miranda &#8211; Andreas Ulmer Mittelfeld Konrad Laimer &#8211; Naby Keita &#8211; Valon Berisha &#8211; David Atanga Sturm Felipe Pires &#8211; Marco [&hellip;]<\/p>\n","protected":false},"author":1,"featured_media":0,"comment_status":"open","ping_status":"open","sticky":false,"template":"","format":"standard","meta":{"footnotes":""},"categories":[834],"tags":[],"class_list":["post-1071","post","type-post","status-publish","format-standard","hentry","category-2-runde-saison-2015"],"_links":{"self":[{"href":"https:\/\/wiki.s12.at\/index.php\/wp-json\/wp\/v2\/posts\/1071","targetHints":{"allow":["GET"]}}],"collection":[{"href":"https:\/\/wiki.s12.at\/index.php\/wp-json\/wp\/v2\/posts"}],"about":[{"href":"https:\/\/wiki.s12.at\/index.php\/wp-json\/wp\/v2\/types\/post"}],"author":[{"embeddable":true,"href":"https:\/\/wiki.s12.at\/index.php\/wp-json\/wp\/v2\/users\/1"}],"replies":[{"embeddable":true,"href":"https:\/\/wiki.s12.at\/index.php\/wp-json\/wp\/v2\/comments?post=1071"}],"version-history":[{"count":0,"href":"https:\/\/wiki.s12.at\/index.php\/wp-json\/wp\/v2\/posts\/1071\/revisions"}],"wp:attachment":[{"href":"https:\/\/wiki.s12.at\/index.php\/wp-json\/wp\/v2\/media?parent=1071"}],"wp:term":[{"taxonomy":"category","embeddable":true,"href":"https:\/\/wiki.s12.at\/index.php\/wp-json\/wp\/v2\/categories?post=1071"},{"taxonomy":"post_tag","embeddable":true,"href":"https:\/\/wiki.s12.at\/index.php\/wp-json\/wp\/v2\/tags?post=1071"}],"curies":[{"name":"wp","href":"https:\/\/api.w.org\/{rel}","templated":true}]}}