{"id":1070,"date":"2026-05-06T13:40:45","date_gmt":"2026-05-06T11:40:45","guid":{"rendered":"https:\/\/wiki.s12.at\/index.php\/2026\/05\/06\/2-runde-saison-2015-16fc-liefering-gegen-skn-st-poelten\/"},"modified":"2026-05-06T13:40:45","modified_gmt":"2026-05-06T11:40:45","slug":"2-runde-saison-2015-16fc-liefering-gegen-skn-st-poelten","status":"publish","type":"post","link":"https:\/\/wiki.s12.at\/index.php\/2026\/05\/06\/2-runde-saison-2015-16fc-liefering-gegen-skn-st-poelten\/","title":{"rendered":"16,FC Liefering gegen SKN St. P\u00f6lten"},"content":{"rendered":"<div class=\"mw-parser-output\">\n<h2><span class=\"mw-headline\" id=\"Fakten\">Fakten<\/span><a href=\"\/index.php?title=2._Runde,_Saison_2015\/16,FC_Liefering_gegen_SKN_St._P%C3%B6lten&amp;action=edit&amp;section=1\" title=\"Abschnitt bearbeiten: Fakten\">Bearbeiten<\/a><span class=\"mw-editsection-bracket\">]<\/span><\/span><\/h2>\n<table class=\"toptextcells toccolours\">\n<tbody>\n<tr>\n<th colspan=\"2\" style=\"text-align: center; vertical-align: top; padding: 0.3em 0.8em; font-size: 125%; background-color: lightsteelblue;\">FC Liefering gegen SKN St. P\u00f6lten, 2:1\n<\/th>\n<\/tr>\n<tr>\n<th style=\"text-align:left;\"><b>Spieltag<\/b>\n<\/th>\n<th style=\"text-align:left;\">SKY Go 1. Liga- 2. Spieltag\n<\/th>\n<\/tr>\n<tr>\n<th style=\"text-align:left;\"><b>Datum<\/b>\n<\/th>\n<th style=\"text-align:left;\">31. Juli 2015\n<\/th>\n<\/tr>\n<tr>\n<th style=\"text-align:left;\"><b>Anpfiff<\/b>\n<\/th>\n<th style=\"text-align:left;\">18.30 Uhr\n<\/th>\n<\/tr>\n<tr>\n<td colspan=\"2\" style=\"text-align:center;\" bgcolor=\"lightgray\"><b>Aufstellung<\/b>\n<\/td>\n<\/tr>\n<tr>\n<th style=\"text-align:left;\"><b>Tor<\/b>\n<\/th>\n<th><a href=\"\/Carlos_Miguel_Coronel\" title=\"Carlos Miguel Coronel\">Carlos Miguel Coronel<\/a>\n<\/th>\n<\/tr>\n<tr>\n<th style=\"text-align:left;\"><b>Verteidigung<\/b>\n<\/th>\n<th><a href=\"\/Philipp_Wiesinger\" title=\"Philipp Wiesinger\">Philipp Wiesinger<\/a> &#8211; <a href=\"\/Daniel_Raischl\" title=\"Daniel Raischl\">Daniel Raischl<\/a> &#8211; <a href=\"\/Dayot_Upamecano\" title=\"Dayot Upamecano\">Dayot Upamecano<\/a> &#8211; <a href=\"\/Mathias_Honsak\" title=\"Mathias Honsak\">Mathias Honsak<\/a>\n<\/th>\n<\/tr>\n<tr>\n<th style=\"text-align:left;\"><b>Mittelfeld<\/b>\n<\/th>\n<th><a href=\"\/Michael_Brandner\" title=\"Michael Brandner\">Michael Brandner<\/a> &#8211; <a href=\"\/Xaver_Schlager\" title=\"Xaver Schlager\">Xaver Schlager<\/a> &#8211; <a href=\"\/Marco_H%C3%B6dl\" title=\"Marco H\u00f6dl\">Marco H\u00f6dl<\/a> &#8211; <a href=\"\/Emir_Karic\" title=\"Emir Karic\">Emir Karic<\/a>\n<\/th>\n<\/tr>\n<tr>\n<th style=\"text-align:left;\"><b>Sturm<\/b>\n<\/th>\n<th><a href=\"\/Smail_Prevljak\" title=\"Smail Prevljak\">Smail Prevljak<\/a> &#8211; <a href=\"\/Hee-Chan_Hwang\" title=\"Hee-Chan Hwang\">Hee-Chan Hwang<\/a>\n<\/th>\n<\/tr>\n<tr>\n<td colspan=\"2\" style=\"text-align:center;\" bgcolor=\"lightgray\"><b>Wechsel<\/b>\n<\/td>\n<\/tr>\n<tr>\n<th style=\"text-align:left;\"><b>Wechsel<\/b>\n<\/th>\n<th style=\"text-align:left;\"><a href=\"\/Luan\" title=\"Luan\">Luan<\/a> f\u00fcr Upamecano (29.), <a href=\"\/Raphael_Dwamena\" title=\"Raphael Dwamena\">Raphael Dwamena<\/a> f\u00fcr Prevljak (71.), <a href=\"\/Joao_Pedro\" title=\"Joao Pedro\">Joao Pedro<\/a> f\u00fcr H\u00f6dl (80.)\n<\/th>\n<\/tr>\n<tr>\n<td colspan=\"2\" style=\"text-align:center;\" bgcolor=\"lightgray\"><b>Statistik<\/b>\n<\/td>\n<\/tr>\n<tr>\n<th style=\"text-align:left;\"><b>Endstand<\/b>\n<\/th>\n<th style=\"text-align:left;\">2:1 (1:1)\n<\/th>\n<\/tr>\n<tr>\n<th style=\"text-align:left;\"><b>Torsch\u00fctzen<\/b>\n<\/th>\n<th style=\"text-align:left;\">Hwang (26.), Brandner (48.);Segovia (36., E.)\n<\/th>\n<\/tr>\n<tr>\n<th style=\"text-align:left;\"><b>Gelbe Karten<\/b>\n<\/th>\n<th style=\"text-align:left;\">Upamecano (20.), Luan (34.), Prevljak (35.), Honsak (90.); Mader (39.), Stec (53.), Dober (83.), Mosb\u00f6ck (84.)\n<\/th>\n<\/tr>\n<tr>\n<th style=\"text-align:left;\"><b>Rote Karten<\/b>\n<\/th>\n<th style=\"text-align:left;\">Luan (62. gelb-rot); Dwamena (82.)\n<\/th>\n<\/tr>\n<tr>\n<th style=\"text-align:left;\"><b>Schiedsrichter<\/b>\n<\/th>\n<th style=\"text-align:left;\">Andreas Kollegger\n<\/th>\n<\/tr>\n<tr>\n<th style=\"text-align:left;\"><b>Stadion<\/b>\n<\/th>\n<th style=\"text-align:left;\">Untersbergarena, Gr\u00f6dig\n<\/th>\n<\/tr>\n<tr>\n<th style=\"text-align:left;\"><b>Zuschauer<\/b>\n<\/th>\n<th style=\"text-align:left;\">447\n<\/th>\n<\/tr>\n<\/tbody>\n<\/table>\n<p>\n<\/p>\n<h2><span class=\"mw-headline\" id=\"Weblinks\">Weblinks<\/span><a href=\"\/index.php?title=2._Runde,_Saison_2015\/16,FC_Liefering_gegen_SKN_St._P%C3%B6lten&amp;action=edit&amp;section=2\" title=\"Abschnitt bearbeiten: Weblinks\">Bearbeiten<\/a><span class=\"mw-editsection-bracket\">]<\/span><\/span><\/h2>\n<ul>\n<li><a rel=\"nofollow\" class=\"external text\" href=\"http:\/\/www.redbullsalzburg.at\/de\/fc-liefering\/news\/saison_2015_16\/fc-liefering-gewinnt-zu-neunt-gegen-st.poelten.html\">Spielbericht Vereinshomepage<\/a><\/li>\n<\/ul>\n<h2><span class=\"mw-headline\" id=\"Stimmen_zum_Spiel\">Stimmen zum Spiel<\/span><a href=\"\/index.php?title=2._Runde,_Saison_2015\/16,FC_Liefering_gegen_SKN_St._P%C3%B6lten&amp;action=edit&amp;section=3\" title=\"Abschnitt bearbeiten: Stimmen zum Spiel\">Bearbeiten<\/a><span class=\"mw-editsection-bracket\">]<\/span><\/span><\/h2>\n<p><b>Thomas Letsch:<\/b>In der Partie war alles drinnen, was das Fu\u00dfballherz begehrt. Wir waren sofort im Spiel, haben das Geschehen diktiert und die Partie klar im Griff gehabt. Wir sind verdient in F\u00fchrung gegangen, haben aber schnell durch einen fragw\u00fcrdigen Elfmeter den Ausgleich hinnehmen m\u00fcssen. Es macht mich extrem stolz, wie die Mannschaft auf die Auftaktniederlage reagiert hat, die Art und Weise wie meine Jungs in der Schlussphase gefightet haben und wie wir den knappen Vorsprung \u00fcber die Zeit gebracht haben. Jetzt hei\u00dft, es schnell zu regenerieren, damit wir gegen Kapfenberg unsere Leistung wieder abrufen k\u00f6nnen.\n<\/p>\n<p><b>Michael Brandner:<\/b> Wir haben heute nach der Auftaktniederlage die richtige Antwort gegeben, von Beginn an gut ins Spiel gefunden und uns viele M\u00f6glichkeiten erarbeitet. Mit zwei Spielern weniger war es in der Schlussphase richtig schwierig. Wir haben aber toll dagegengehalten und bis zur letzten Minute gek\u00e4mpft. Jeder Einzelne kann auf die gezeigte Leistung stolz sein!\n<\/p>\n<\/div>\n","protected":false},"excerpt":{"rendered":"<p>FaktenBearbeiten] FC Liefering gegen SKN St. P\u00f6lten, 2:1 Spieltag SKY Go 1. Liga- 2. Spieltag Datum 31. Juli 2015 Anpfiff 18.30 Uhr Aufstellung Tor Carlos Miguel Coronel Verteidigung Philipp Wiesinger &#8211; Daniel Raischl &#8211; Dayot Upamecano &#8211; Mathias Honsak Mittelfeld Michael Brandner &#8211; Xaver Schlager &#8211; Marco H\u00f6dl &#8211; Emir Karic Sturm Smail Prevljak &#8211; [&hellip;]<\/p>\n","protected":false},"author":1,"featured_media":0,"comment_status":"open","ping_status":"open","sticky":false,"template":"","format":"standard","meta":{"footnotes":""},"categories":[834],"tags":[],"class_list":["post-1070","post","type-post","status-publish","format-standard","hentry","category-2-runde-saison-2015"],"_links":{"self":[{"href":"https:\/\/wiki.s12.at\/index.php\/wp-json\/wp\/v2\/posts\/1070","targetHints":{"allow":["GET"]}}],"collection":[{"href":"https:\/\/wiki.s12.at\/index.php\/wp-json\/wp\/v2\/posts"}],"about":[{"href":"https:\/\/wiki.s12.at\/index.php\/wp-json\/wp\/v2\/types\/post"}],"author":[{"embeddable":true,"href":"https:\/\/wiki.s12.at\/index.php\/wp-json\/wp\/v2\/users\/1"}],"replies":[{"embeddable":true,"href":"https:\/\/wiki.s12.at\/index.php\/wp-json\/wp\/v2\/comments?post=1070"}],"version-history":[{"count":0,"href":"https:\/\/wiki.s12.at\/index.php\/wp-json\/wp\/v2\/posts\/1070\/revisions"}],"wp:attachment":[{"href":"https:\/\/wiki.s12.at\/index.php\/wp-json\/wp\/v2\/media?parent=1070"}],"wp:term":[{"taxonomy":"category","embeddable":true,"href":"https:\/\/wiki.s12.at\/index.php\/wp-json\/wp\/v2\/categories?post=1070"},{"taxonomy":"post_tag","embeddable":true,"href":"https:\/\/wiki.s12.at\/index.php\/wp-json\/wp\/v2\/tags?post=1070"}],"curies":[{"name":"wp","href":"https:\/\/api.w.org\/{rel}","templated":true}]}}