{"id":1067,"date":"2026-05-06T13:40:43","date_gmt":"2026-05-06T11:40:43","guid":{"rendered":"https:\/\/wiki.s12.at\/index.php\/2026\/05\/06\/2-runde-saison-2013-14-sv-horn-gegen-fc-liefering\/"},"modified":"2026-05-06T13:40:43","modified_gmt":"2026-05-06T11:40:43","slug":"2-runde-saison-2013-14-sv-horn-gegen-fc-liefering","status":"publish","type":"post","link":"https:\/\/wiki.s12.at\/index.php\/2026\/05\/06\/2-runde-saison-2013-14-sv-horn-gegen-fc-liefering\/","title":{"rendered":"14, SV Horn gegen FC Liefering"},"content":{"rendered":"<div class=\"mw-parser-output\">\n<h3><span class=\"mw-headline\" id=\"Fakten\">Fakten<\/span><a href=\"\/index.php?title=2._Runde,_Saison_2013\/14,_SV_Horn_gegen_FC_Liefering&amp;action=edit&amp;section=1\" title=\"Abschnitt bearbeiten: Fakten\">Bearbeiten<\/a><span class=\"mw-editsection-bracket\">]<\/span><\/span><\/h3>\n<p><b>Heute f\u00fcr Morgen 1. Liga &#8211; 2. Spieltag: 26. Juli 2013, 18.30 Uhr<\/b><br \/>\n\n<\/p>\n<table class=\"wikitable\">\n<caption><big> <b>SV Horn gegen FC Liefering, 2:4<\/b><\/big><br \/>\n<\/caption>\n<tbody>\n<tr>\n<td>Aufstellung:<\/td>\n<td><a href=\"\/Thomas_D%C3%A4hne\" title=\"Thomas D\u00e4hne\">Thomas D\u00e4hne<\/a>\n<\/td>\n<\/tr>\n<tr>\n<td><\/td>\n<td><a href=\"\/Stefan_Lainer\" title=\"Stefan Lainer\">Stefan Lainer<\/a> <a href=\"\/Rene_Aufhauser\" class=\"mw-redirect\" title=\"Rene Aufhauser\">Rene Aufhauser<\/a> <a href=\"\/Andreas_Schrott\" title=\"Andreas Schrott\">Andreas Schrott<\/a> <a href=\"\/Felix_Adjei\" title=\"Felix Adjei\">Felix Adjei<\/a>\n<\/td>\n<\/tr>\n<tr>\n<td><\/td>\n<td><a href=\"\/Robert_V%C3%B6lkl\" title=\"Robert V\u00f6lkl\">Robert V\u00f6lkl<\/a>, <a href=\"\/Sandro_Djuric\" title=\"Sandro Djuric\">Sandro Djuric<\/a>, <a href=\"\/Wolfgang_Mair\" title=\"Wolfgang Mair\">Wolfgang Mair<\/a>, <a href=\"\/Michael_Brandner\" title=\"Michael Brandner\">Michael Brandner<\/a>\n<\/td>\n<\/tr>\n<tr>\n<td><\/td>\n<td><a href=\"\/Bright_Edomwonyi\" title=\"Bright Edomwonyi\">Bright Edomwonyi<\/a> <a href=\"\/Mario_Konrad\" title=\"Mario Konrad\">Mario Konrad<\/a>\n<\/td>\n<\/tr>\n<tr>\n<td>Wechsel:<\/td>\n<td><a href=\"\/Ivan_Kovacec\" title=\"Ivan Kovacec\">Ivan Kovacec<\/a> f\u00fcr Edomwonyi (46.), <a href=\"\/Andreas_Bammer\" title=\"Andreas Bammer\">Andreas Bammer<\/a> f\u00fcr Konrad (60.), <a href=\"\/Lukas_Gugganig\" title=\"Lukas Gugganig\">Lukas Gugganig <\/a> f\u00fcr Schrott (79.)\n<\/td>\n<\/tr>\n<tr>\n<td>Endstand:<\/td>\n<td>2:4 (2:2)\n<\/td>\n<\/tr>\n<tr>\n<td>Torsch\u00fctzen:<\/td>\n<td>Gschweidl (3.),  Fidjeu-Tazemeta (31.); Djuric (34., 45., 70.), Konrad (54.)\n<\/td>\n<\/tr>\n<tr>\n<td>Gelbe Karten:<\/td>\n<td>Sahanek (24.),  Djordjevic (49.), Antonitsch (69.), Stanislaw (85.); Konrad (44.), V\u00f6lkl (87.)\n<\/td>\n<\/tr>\n<tr>\n<td>Gelb-rote Karten:<\/td>\n<td>Djordjevic (90.)\n<\/td>\n<\/tr>\n<tr>\n<td>Rote Karten:<\/td>\n<td>\n<\/td>\n<\/tr>\n<tr>\n<td>Schiedsrichter:<\/td>\n<td>Bernd Eigler\n<\/td>\n<\/tr>\n<tr>\n<td>Stadion:<\/td>\n<td>Waldviertler Volksbank Arena, Horn\n<\/td>\n<\/tr>\n<tr>\n<td>Zuschauer:<\/td>\n<td>1 241\n<\/td>\n<\/tr>\n<\/tbody>\n<\/table>\n<h2><span class=\"mw-headline\" id=\"Stimmen_zum_Spiel\">Stimmen zum Spiel<\/span><a href=\"\/index.php?title=2._Runde,_Saison_2013\/14,_SV_Horn_gegen_FC_Liefering&amp;action=edit&amp;section=2\" title=\"Abschnitt bearbeiten: Stimmen zum Spiel\">Bearbeiten<\/a><span class=\"mw-editsection-bracket\">]<\/span><\/span><\/h2>\n<ul>\n<li><b>Peter Zeidler:<\/b> \u201eDas war heute im wahrsten Sinne des Wortes ein hei\u00dfes Spiel. Wir hatten am Anfang gro\u00dfe Probleme gegen die sehr aggressiv spielenden Horner, haben einige B\u00e4lle leicht verloren und schlechte P\u00e4sse gespielt. Dennoch haben wir immer an uns geglaubt, einen R\u00fcckstand wettgemacht und schlussendlich mehr als verdient gewonnen. Das zeigt den Teamgeist und das Herz meiner Mannschaft.\u201c<\/li>\n<\/ul>\n<\/div>\n","protected":false},"excerpt":{"rendered":"<p>FaktenBearbeiten] Heute f\u00fcr Morgen 1. Liga &#8211; 2. Spieltag: 26. Juli 2013, 18.30 Uhr SV Horn gegen FC Liefering, 2:4 Aufstellung: Thomas D\u00e4hne Stefan Lainer Rene Aufhauser Andreas Schrott Felix Adjei Robert V\u00f6lkl, Sandro Djuric, Wolfgang Mair, Michael Brandner Bright Edomwonyi Mario Konrad Wechsel: Ivan Kovacec f\u00fcr Edomwonyi (46.), Andreas Bammer f\u00fcr Konrad (60.), Lukas [&hellip;]<\/p>\n","protected":false},"author":1,"featured_media":0,"comment_status":"open","ping_status":"open","sticky":false,"template":"","format":"standard","meta":{"footnotes":""},"categories":[774],"tags":[],"class_list":["post-1067","post","type-post","status-publish","format-standard","hentry","category-2-runde-saison-2013"],"_links":{"self":[{"href":"https:\/\/wiki.s12.at\/index.php\/wp-json\/wp\/v2\/posts\/1067","targetHints":{"allow":["GET"]}}],"collection":[{"href":"https:\/\/wiki.s12.at\/index.php\/wp-json\/wp\/v2\/posts"}],"about":[{"href":"https:\/\/wiki.s12.at\/index.php\/wp-json\/wp\/v2\/types\/post"}],"author":[{"embeddable":true,"href":"https:\/\/wiki.s12.at\/index.php\/wp-json\/wp\/v2\/users\/1"}],"replies":[{"embeddable":true,"href":"https:\/\/wiki.s12.at\/index.php\/wp-json\/wp\/v2\/comments?post=1067"}],"version-history":[{"count":0,"href":"https:\/\/wiki.s12.at\/index.php\/wp-json\/wp\/v2\/posts\/1067\/revisions"}],"wp:attachment":[{"href":"https:\/\/wiki.s12.at\/index.php\/wp-json\/wp\/v2\/media?parent=1067"}],"wp:term":[{"taxonomy":"category","embeddable":true,"href":"https:\/\/wiki.s12.at\/index.php\/wp-json\/wp\/v2\/categories?post=1067"},{"taxonomy":"post_tag","embeddable":true,"href":"https:\/\/wiki.s12.at\/index.php\/wp-json\/wp\/v2\/tags?post=1067"}],"curies":[{"name":"wp","href":"https:\/\/api.w.org\/{rel}","templated":true}]}}