{"id":106,"date":"2026-05-06T12:54:42","date_gmt":"2026-05-06T10:54:42","guid":{"rendered":"http:\/\/wiki.s12.at\/index.php\/2026\/05\/06\/1-runde-saison-2021-22-kapfenberger-sv-gegen-fc-liefering\/"},"modified":"2026-05-06T12:54:42","modified_gmt":"2026-05-06T10:54:42","slug":"1-runde-saison-2021-22-kapfenberger-sv-gegen-fc-liefering","status":"publish","type":"post","link":"https:\/\/wiki.s12.at\/index.php\/2026\/05\/06\/1-runde-saison-2021-22-kapfenberger-sv-gegen-fc-liefering\/","title":{"rendered":"22, Kapfenberger SV gegen FC Liefering"},"content":{"rendered":"<div class=\"mw-parser-output\">\n<table class=\"toptextcells toccolours\">\n<tbody>\n<tr>\n<th colspan=\"2\" style=\"text-align: center; vertical-align: top; padding: 0.3em 0.8em; font-size: 125%; background-color: lightsteelblue;\">Kapfenberger SV gegen FC Liefering, 0:2\n<\/th>\n<\/tr>\n<tr>\n<th style=\"text-align:left;\"><b>Spieltag<\/b>\n<\/th>\n<th style=\"text-align:left;\">2. Liga 1. Spieltag\n<\/th>\n<\/tr>\n<tr>\n<th style=\"text-align:left;\"><b>Datum<\/b>\n<\/th>\n<th style=\"text-align:left;\">23. Juli 2021\n<\/th>\n<\/tr>\n<tr>\n<th style=\"text-align:left;\"><b>Anpfiff<\/b>\n<\/th>\n<th style=\"text-align:left;\">18. 30 Uhr\n<\/th>\n<\/tr>\n<tr>\n<td colspan=\"2\" style=\"text-align:center;\" bgcolor=\"lightgray\"><b>Aufstellung<\/b>\n<\/td>\n<\/tr>\n<tr>\n<th style=\"text-align:left;\"><b>Tor<\/b>\n<\/th>\n<th><a href=\"\/Adam_Stejskal\" title=\"Adam Stejskal\">Adam Stejskal<\/a>\n<\/th>\n<\/tr>\n<tr>\n<th style=\"text-align:left;\"><b>Verteidigung<\/b>\n<\/th>\n<th><a href=\"\/Benjamin_B%C3%B6ckle\" title=\"Benjamin B\u00f6ckle\">Benjamin B\u00f6ckle<\/a> &#8211; <a href=\"\/Bryan_Okoh\" title=\"Bryan Okoh\">Bryan Okoh<\/a> &#8211; <a href=\"\/Lukas_Wallner\" title=\"Lukas Wallner\">Lukas Wallner<\/a> &#8211; <a href=\"\/Samuel_Major\" title=\"Samuel Major\">Samuel Major <\/a>\n<\/th>\n<\/tr>\n<tr>\n<th style=\"text-align:left;\"><b>Mittelfeld<\/b>\n<\/th>\n<th><a href=\"\/Mamady_Diambou\" title=\"Mamady Diambou\">Mamady Diambou<\/a> &#8211; <a href=\"\/Justin_Omoregie\" title=\"Justin Omoregie\">Justin Omoregie<\/a> &#8211; <a href=\"\/Dijon_Kameri\" title=\"Dijon Kameri\">Dijon Kameri<\/a>\n<\/th>\n<\/tr>\n<tr>\n<th style=\"text-align:left;\"><b>Sturm<\/b>\n<\/th>\n<th><a href=\"\/Nene_Dorgeles\" title=\"Nene Dorgeles\">Nene Dorgeles<\/a> &#8211; <a href=\"\/Forson_Amankwah\" class=\"mw-redirect\" title=\"Forson Amankwah\">Forson Amankwah<\/a> &#8211; <a href=\"\/Elias_Havel\" title=\"Elias Havel\">Elias Havel<\/a>\n<\/th>\n<\/tr>\n<tr>\n<td colspan=\"2\" style=\"text-align:center;\" bgcolor=\"lightgray\"><b>Wechsel<\/b>\n<\/td>\n<\/tr>\n<tr>\n<th style=\"text-align:left;\"><b>Wechsel<\/b>\n<\/th>\n<th style=\"text-align:left;\"><a href=\"\/Tolgahan_Sahin\" title=\"Tolgahan Sahin\">Tolgahan Sahin<\/a> f\u00fcr Diambou (76.), <a href=\"\/Daniel_Owusu\" title=\"Daniel Owusu\">Daniel Owusu<\/a> f\u00fcr Dorgeles (76.), <a href=\"\/Samson_Baidoo\" title=\"Samson Baidoo\">Samson Baidoo<\/a> f\u00fcr Kameri (85.),<br \/> <a href=\"\/Federico_Crescenti\" class=\"mw-redirect\" title=\"Federico Crescenti\">Federico Crescenti<\/a> f\u00fcr Havel (90.), <a href=\"\/Raphael_Hofer\" title=\"Raphael Hofer\">Raphael Hofer<\/a> f\u00fcr Amankwah (90.)\n<\/th>\n<\/tr>\n<tr>\n<td colspan=\"2\" style=\"text-align:center;\" bgcolor=\"lightgray\"><b>Statistik<\/b>\n<\/td>\n<\/tr>\n<tr>\n<th style=\"text-align:left;\"><b>Endstand<\/b>\n<\/th>\n<th style=\"text-align:left;\">0:2 (0:0)\n<\/th>\n<\/tr>\n<tr>\n<th style=\"text-align:left;\"><b>Torsch\u00fctzen<\/b>\n<\/th>\n<th style=\"text-align:left;\">Havel (70.), Owusu (86.)\n<\/th>\n<\/tr>\n<tr>\n<th style=\"text-align:left;\"><b>Gelbe Karten<\/b>\n<\/th>\n<th style=\"text-align:left;\">Lalic (36.), Cetina (44.); Okoh (19.), Kameri (66.)\n<\/th>\n<\/tr>\n<tr>\n<th style=\"text-align:left;\"><b>Rote Karten<\/b>\n<\/th>\n<th style=\"text-align:left;\">gelb-rote Karte:  Cetina (54.);  Omoregie (83.)\n<\/th>\n<\/tr>\n<tr>\n<th style=\"text-align:left;\"><b>Schiedsrichter<\/b>\n<\/th>\n<th style=\"text-align:left;\">Gabriel Gmeiner\n<\/th>\n<\/tr>\n<tr>\n<th style=\"text-align:left;\"><b>Stadion<\/b>\n<\/th>\n<th style=\"text-align:left;\">Franz Fekete Stadion, Kapfenberg\n<\/th>\n<\/tr>\n<tr>\n<th style=\"text-align:left;\"><b>Zuschauer<\/b>\n<\/th>\n<th style=\"text-align:left;\">400\n<\/th>\n<\/tr>\n<\/tbody>\n<\/table>\n<h2><span class=\"mw-headline\" id=\"Spielbericht\">Spielbericht<\/span><a href=\"\/index.php?title=1._Runde,_Saison_2021\/22,_Kapfenberger_SV_gegen_FC_Liefering&amp;action=edit&amp;section=1\" title=\"Abschnitt bearbeiten: Spielbericht\">Bearbeiten<\/a><span class=\"mw-editsection-bracket\">]<\/span><\/span><\/h2>\n<p><a rel=\"nofollow\" class=\"external text\" href=\"https:\/\/www.fc-liefering.at\/de\/fc-liefering\/news\/saison_2021_22\/traumstart-dank-havel-brustloeser.html\">Spielbericht Vereinshomepage<\/a>\n<\/p>\n<h2><span class=\"mw-headline\" id=\"Stimmen_zum_Spiel\">Stimmen zum Spiel<\/span><a href=\"\/index.php?title=1._Runde,_Saison_2021\/22,_Kapfenberger_SV_gegen_FC_Liefering&amp;action=edit&amp;section=2\" title=\"Abschnitt bearbeiten: Stimmen zum Spiel\">Bearbeiten<\/a><span class=\"mw-editsection-bracket\">]<\/span><\/span><\/h2>\n<p><b>Rene Aufhauser: <\/b> Es war ein holpriger Start, vielleicht auch wegen der Nervosit\u00e4t. Wir hatten wirklich zahlreiche Chancen, mit denen wir die Partie fr\u00fcher entscheiden k\u00f6nnen. Die Burschen haben insgesamt sehr wenig zugelassen, in den zwei, drei brenzligen Situationen hatten wir aber das notwendige Gl\u00fcck! Nach der Pause haben wir es sehr gut gemacht, uns f\u00fcr den Aufwand belohnt und letztlich auch verdient gewonnen!\n<\/p>\n<\/div>\n","protected":false},"excerpt":{"rendered":"<p>Kapfenberger SV gegen FC Liefering, 0:2 Spieltag 2. Liga 1. Spieltag Datum 23. Juli 2021 Anpfiff 18. 30 Uhr Aufstellung Tor Adam Stejskal Verteidigung Benjamin B\u00f6ckle &#8211; Bryan Okoh &#8211; Lukas Wallner &#8211; Samuel Major Mittelfeld Mamady Diambou &#8211; Justin Omoregie &#8211; Dijon Kameri Sturm Nene Dorgeles &#8211; Forson Amankwah &#8211; Elias Havel Wechsel Wechsel [&hellip;]<\/p>\n","protected":false},"author":1,"featured_media":0,"comment_status":"open","ping_status":"open","sticky":false,"template":"","format":"standard","meta":{"footnotes":""},"categories":[65],"tags":[],"class_list":["post-106","post","type-post","status-publish","format-standard","hentry","category-1-runde-saison-2021"],"_links":{"self":[{"href":"https:\/\/wiki.s12.at\/index.php\/wp-json\/wp\/v2\/posts\/106","targetHints":{"allow":["GET"]}}],"collection":[{"href":"https:\/\/wiki.s12.at\/index.php\/wp-json\/wp\/v2\/posts"}],"about":[{"href":"https:\/\/wiki.s12.at\/index.php\/wp-json\/wp\/v2\/types\/post"}],"author":[{"embeddable":true,"href":"https:\/\/wiki.s12.at\/index.php\/wp-json\/wp\/v2\/users\/1"}],"replies":[{"embeddable":true,"href":"https:\/\/wiki.s12.at\/index.php\/wp-json\/wp\/v2\/comments?post=106"}],"version-history":[{"count":0,"href":"https:\/\/wiki.s12.at\/index.php\/wp-json\/wp\/v2\/posts\/106\/revisions"}],"wp:attachment":[{"href":"https:\/\/wiki.s12.at\/index.php\/wp-json\/wp\/v2\/media?parent=106"}],"wp:term":[{"taxonomy":"category","embeddable":true,"href":"https:\/\/wiki.s12.at\/index.php\/wp-json\/wp\/v2\/categories?post=106"},{"taxonomy":"post_tag","embeddable":true,"href":"https:\/\/wiki.s12.at\/index.php\/wp-json\/wp\/v2\/tags?post=106"}],"curies":[{"name":"wp","href":"https:\/\/api.w.org\/{rel}","templated":true}]}}