{"id":1055,"date":"2026-05-06T13:40:34","date_gmt":"2026-05-06T11:40:34","guid":{"rendered":"https:\/\/wiki.s12.at\/index.php\/2026\/05\/06\/2-runde-saison-1994-95-austria-salzburg-rapid-wien\/"},"modified":"2026-05-06T13:40:34","modified_gmt":"2026-05-06T11:40:34","slug":"2-runde-saison-1994-95-austria-salzburg-rapid-wien","status":"publish","type":"post","link":"https:\/\/wiki.s12.at\/index.php\/2026\/05\/06\/2-runde-saison-1994-95-austria-salzburg-rapid-wien\/","title":{"rendered":"95 Austria Salzburg &#8211; Rapid Wien"},"content":{"rendered":"<div class=\"mw-parser-output\">\n<h3><span class=\"mw-headline\" id=\"Fakten\">Fakten<\/span><a href=\"\/index.php?title=2._Runde,_Saison_1994\/95_Austria_Salzburg_-_Rapid_Wien&amp;action=edit&amp;section=1\" title=\"Abschnitt bearbeiten: Fakten\">Bearbeiten<\/a><span class=\"mw-editsection-bracket\">]<\/span><\/span><\/h3>\n<p><b>Bundesliga &#8211; 2. Spieltag: 6. August 1994, 19 Uhr<\/b>\n<\/p>\n<table class=\"wikitable\">\n<caption><big>SV Austria Salzburg gegen SK Rapid Wien, 3:0<\/big><br \/>\n<\/caption>\n<tbody>\n<tr>\n<td>Aufstellung:<\/td>\n<td><a href=\"\/Otto_Konrad\" title=\"Otto Konrad\">Otto Konrad<\/a>\n<\/td>\n<\/tr>\n<tr>\n<td><\/td>\n<td><a href=\"\/Leopold_Lainer\" title=\"Leopold Lainer\">Leopold Lainer<\/a>, <a href=\"\/Martin_Hiden\" title=\"Martin Hiden\">Martin Hiden<\/a>, <a href=\"\/Christian_F%C3%BCrstaller\" title=\"Christian F\u00fcrstaller\">Christian F\u00fcrstaller<\/a>, <a href=\"\/Franz_Aigner\" title=\"Franz Aigner\">Franz Aigner<\/a>\n<\/td>\n<\/tr>\n<tr>\n<td><\/td>\n<td><a href=\"\/Mladen_Mladenovi%C4%87\" class=\"mw-redirect\" title=\"Mladen Mladenovi\u0107\">Mladen Mladenovi\u0107<\/a>, <a href=\"\/Tomislav_Kocijan\" title=\"Tomislav Kocijan\">Tomislav Kocijan<\/a>, <a href=\"\/Adolf_H%C3%BCtter\" title=\"Adolf H\u00fctter\">Adolf H\u00fctter<\/a>, <a href=\"\/Peter_Artner\" title=\"Peter Artner\">Peter Artner<\/a>\n<\/td>\n<\/tr>\n<tr>\n<td><\/td>\n<td><a href=\"\/Nikola_Jurcevic\" class=\"mw-redirect\" title=\"Nikola Jurcevic\">Nikola Jurcevic<\/a>, <a href=\"\/Ralph_Hasenh%C3%BCttl\" title=\"Ralph Hasenh\u00fcttl\">Ralph Hasenh\u00fcttl<\/a>\n<\/td>\n<\/tr>\n<tr>\n<td>Wechsel:<\/td>\n<td><a href=\"\/Thomas_Winklhofer\" title=\"Thomas Winklhofer\">Thomas Winklhofer<\/a> f\u00fcr Aigner (43.), <a href=\"\/Arnold_Freissegger\" title=\"Arnold Freissegger\">Arnold Freissegger<\/a> f\u00fcr Kocijan (72.)\n<\/td>\n<\/tr>\n<tr>\n<td>Endstand:<\/td>\n<td>3:0 (2:0)\n<\/td>\n<\/tr>\n<tr>\n<td>Torsch\u00fctzen:<\/td>\n<td>Mladenovic (15., 30.), Hasenh\u00fcttl (88.)\n<\/td>\n<\/tr>\n<tr>\n<td>Gelbe Karten:<\/td>\n<td>Aigner (17.), Hiden (61.), F\u00fcrstaller (76.); Pecl (17.), Hatz (36.)\n<\/td>\n<\/tr>\n<tr>\n<td>Gelb-rote Karten:<\/td>\n<td>\n<\/td>\n<\/tr>\n<tr>\n<td>Rote Karten:<\/td>\n<td>Sch\u00f6ttl (29.)\n<\/td>\n<\/tr>\n<tr>\n<td>Schiedsrichter:<\/td>\n<td>Karl Finzinger\n<\/td>\n<\/tr>\n<tr>\n<td>Stadion:<\/td>\n<td>Stadion Lehen , Salzburg\n<\/td>\n<\/tr>\n<tr>\n<td>Zuschauer:<\/td>\n<td>12 000\n<\/td>\n<\/tr>\n<\/tbody>\n<\/table>\n<\/div>\n","protected":false},"excerpt":{"rendered":"<p>FaktenBearbeiten] Bundesliga &#8211; 2. Spieltag: 6. August 1994, 19 Uhr SV Austria Salzburg gegen SK Rapid Wien, 3:0 Aufstellung: Otto Konrad Leopold Lainer, Martin Hiden, Christian F\u00fcrstaller, Franz Aigner Mladen Mladenovi\u0107, Tomislav Kocijan, Adolf H\u00fctter, Peter Artner Nikola Jurcevic, Ralph Hasenh\u00fcttl Wechsel: Thomas Winklhofer f\u00fcr Aigner (43.), Arnold Freissegger f\u00fcr Kocijan (72.) Endstand: 3:0 (2:0) [&hellip;]<\/p>\n","protected":false},"author":1,"featured_media":0,"comment_status":"open","ping_status":"open","sticky":false,"template":"","format":"standard","meta":{"footnotes":""},"categories":[822],"tags":[],"class_list":["post-1055","post","type-post","status-publish","format-standard","hentry","category-2-runde-saison-1994"],"_links":{"self":[{"href":"https:\/\/wiki.s12.at\/index.php\/wp-json\/wp\/v2\/posts\/1055","targetHints":{"allow":["GET"]}}],"collection":[{"href":"https:\/\/wiki.s12.at\/index.php\/wp-json\/wp\/v2\/posts"}],"about":[{"href":"https:\/\/wiki.s12.at\/index.php\/wp-json\/wp\/v2\/types\/post"}],"author":[{"embeddable":true,"href":"https:\/\/wiki.s12.at\/index.php\/wp-json\/wp\/v2\/users\/1"}],"replies":[{"embeddable":true,"href":"https:\/\/wiki.s12.at\/index.php\/wp-json\/wp\/v2\/comments?post=1055"}],"version-history":[{"count":0,"href":"https:\/\/wiki.s12.at\/index.php\/wp-json\/wp\/v2\/posts\/1055\/revisions"}],"wp:attachment":[{"href":"https:\/\/wiki.s12.at\/index.php\/wp-json\/wp\/v2\/media?parent=1055"}],"wp:term":[{"taxonomy":"category","embeddable":true,"href":"https:\/\/wiki.s12.at\/index.php\/wp-json\/wp\/v2\/categories?post=1055"},{"taxonomy":"post_tag","embeddable":true,"href":"https:\/\/wiki.s12.at\/index.php\/wp-json\/wp\/v2\/tags?post=1055"}],"curies":[{"name":"wp","href":"https:\/\/api.w.org\/{rel}","templated":true}]}}