{"id":1050,"date":"2026-05-06T13:40:31","date_gmt":"2026-05-06T11:40:31","guid":{"rendered":"https:\/\/wiki.s12.at\/index.php\/2026\/05\/06\/2-runde-saison-1960-61-austria-salzburg-1-schwechater-sc\/"},"modified":"2026-05-06T13:40:31","modified_gmt":"2026-05-06T11:40:31","slug":"2-runde-saison-1960-61-austria-salzburg-1-schwechater-sc","status":"publish","type":"post","link":"https:\/\/wiki.s12.at\/index.php\/2026\/05\/06\/2-runde-saison-1960-61-austria-salzburg-1-schwechater-sc\/","title":{"rendered":"61 Austria Salzburg &#8211; 1. Schwechater SC"},"content":{"rendered":"<div class=\"mw-parser-output\">\n<h3><span class=\"mw-headline\" id=\"Fakten\">Fakten<\/span><a href=\"\/index.php?title=2._Runde,_Saison_1960\/61_Austria_Salzburg_-_1._Schwechater_SC&amp;action=edit&amp;section=1\" title=\"Abschnitt bearbeiten: Fakten\">Bearbeiten<\/a><span class=\"mw-editsection-bracket\">]<\/span><\/span><\/h3>\n<p><b>Staatsliga A- 2. Spieltag: 28. August 1960<\/b><br \/>\n\n<\/p>\n<table class=\"wikitable\">\n<caption><b><big> SV Austria Salzburg gegen 1. Schwechater SC, 1:2<\/big><\/b><br \/>\n<\/caption>\n<tbody>\n<tr>\n<td>Aufstellung:<\/td>\n<td><a href=\"\/Julius_Ondreiska\" title=\"Julius Ondreiska\">Julius Ondreiska<\/a> <a href=\"\/Johann_Gegenhuber\" title=\"Johann Gegenhuber\">Johann Gegenhuber<\/a>  <a href=\"\/Helmut_Linossi\" title=\"Helmut Linossi\">Helmut Linossi<\/a> <a href=\"\/Adolf_Macek\" title=\"Adolf Macek\">Adolf Macek<\/a> <a href=\"\/Karl_Karel\" title=\"Karl Karel\">Karl Karel<\/a> <a href=\"\/Franz_Feldinger\" title=\"Franz Feldinger\">Franz Feldinger<\/a> <br \/> <a href=\"\/Gerald_Kr%C3%A4mer\" title=\"Gerald Kr\u00e4mer\">Gerald Kr\u00e4mer<\/a> <a href=\"\/Rudolf_Ulamec\" title=\"Rudolf Ulamec\">Rudolf Ulamec<\/a> <a href=\"\/G%C3%BCnter_Praschak\" title=\"G\u00fcnter Praschak\">G\u00fcnter Praschak<\/a> <a href=\"\/Josef_H%C3%B6ckner\" title=\"Josef H\u00f6ckner\">Josef H\u00f6ckner<\/a>  <a href=\"\/Mario_Pallaoro\" title=\"Mario Pallaoro\">Mario Pallaoro<\/a>\n<\/td>\n<\/tr>\n<tr>\n<td>Wechsel:<\/td>\n<td>\n<\/td>\n<\/tr>\n<tr>\n<td>Endstand:<\/td>\n<td>1:2 (0:0)\n<\/td>\n<\/tr>\n<tr>\n<td>Torsch\u00fctzen:<\/td>\n<td>Praschak (82.); Chrastla (77.), Grohs (88.)\n<\/td>\n<\/tr>\n<tr>\n<td>Gelbe Karten:<\/td>\n<td>\n<\/td>\n<\/tr>\n<tr>\n<td>Gelb-rote Karten:<\/td>\n<td>\n<\/td>\n<\/tr>\n<tr>\n<td>Rote Karten:<\/td>\n<td>\n<\/td>\n<\/tr>\n<tr>\n<td>Schiedsrichter:<\/td>\n<td>\n<\/td>\n<\/tr>\n<tr>\n<td>Stadion:<\/td>\n<td>Austria-Platz, Salzburg-Lehen\n<\/td>\n<\/tr>\n<tr>\n<td>Zuschauer:<\/td>\n<td>5 000\n<\/td>\n<\/tr>\n<\/tbody>\n<\/table>\n<\/div>\n","protected":false},"excerpt":{"rendered":"<p>FaktenBearbeiten] Staatsliga A- 2. Spieltag: 28. August 1960 SV Austria Salzburg gegen 1. Schwechater SC, 1:2 Aufstellung: Julius Ondreiska Johann Gegenhuber Helmut Linossi Adolf Macek Karl Karel Franz Feldinger Gerald Kr\u00e4mer Rudolf Ulamec G\u00fcnter Praschak Josef H\u00f6ckner Mario Pallaoro Wechsel: Endstand: 1:2 (0:0) Torsch\u00fctzen: Praschak (82.); Chrastla (77.), Grohs (88.) Gelbe Karten: Gelb-rote Karten: Rote [&hellip;]<\/p>\n","protected":false},"author":1,"featured_media":0,"comment_status":"open","ping_status":"open","sticky":false,"template":"","format":"standard","meta":{"footnotes":""},"categories":[817],"tags":[],"class_list":["post-1050","post","type-post","status-publish","format-standard","hentry","category-2-runde-saison-1960"],"_links":{"self":[{"href":"https:\/\/wiki.s12.at\/index.php\/wp-json\/wp\/v2\/posts\/1050","targetHints":{"allow":["GET"]}}],"collection":[{"href":"https:\/\/wiki.s12.at\/index.php\/wp-json\/wp\/v2\/posts"}],"about":[{"href":"https:\/\/wiki.s12.at\/index.php\/wp-json\/wp\/v2\/types\/post"}],"author":[{"embeddable":true,"href":"https:\/\/wiki.s12.at\/index.php\/wp-json\/wp\/v2\/users\/1"}],"replies":[{"embeddable":true,"href":"https:\/\/wiki.s12.at\/index.php\/wp-json\/wp\/v2\/comments?post=1050"}],"version-history":[{"count":0,"href":"https:\/\/wiki.s12.at\/index.php\/wp-json\/wp\/v2\/posts\/1050\/revisions"}],"wp:attachment":[{"href":"https:\/\/wiki.s12.at\/index.php\/wp-json\/wp\/v2\/media?parent=1050"}],"wp:term":[{"taxonomy":"category","embeddable":true,"href":"https:\/\/wiki.s12.at\/index.php\/wp-json\/wp\/v2\/categories?post=1050"},{"taxonomy":"post_tag","embeddable":true,"href":"https:\/\/wiki.s12.at\/index.php\/wp-json\/wp\/v2\/tags?post=1050"}],"curies":[{"name":"wp","href":"https:\/\/api.w.org\/{rel}","templated":true}]}}