{"id":1033,"date":"2026-05-06T13:39:47","date_gmt":"2026-05-06T11:39:47","guid":{"rendered":"https:\/\/wiki.s12.at\/index.php\/2026\/05\/06\/2-runde-2-division-saison-1987-88-fc-kufstein-austria-salzburg\/"},"modified":"2026-05-06T13:39:47","modified_gmt":"2026-05-06T11:39:47","slug":"2-runde-2-division-saison-1987-88-fc-kufstein-austria-salzburg","status":"publish","type":"post","link":"https:\/\/wiki.s12.at\/index.php\/2026\/05\/06\/2-runde-2-division-saison-1987-88-fc-kufstein-austria-salzburg\/","title":{"rendered":"88, FC Kufstein &#8211; Austria Salzburg"},"content":{"rendered":"<div class=\"mw-parser-output\">\n<h3><span class=\"mw-headline\" id=\"Fakten\">Fakten<\/span><a href=\"\/index.php?title=2._Runde,_2._Division_Saison_1987\/88,_FC_Kufstein_-_Austria_Salzburg&amp;action=edit&amp;section=1\" title=\"Abschnitt bearbeiten: Fakten\">Bearbeiten<\/a><span class=\"mw-editsection-bracket\">]<\/span><\/span><\/h3>\n<p><b>2. Division, Grunddurchgang, Saison 1987\/88, 2. Runde: 25. Juli 1987, 18 Uhr<\/b><br \/>\n\n<\/p>\n<table class=\"wikitable\">\n<caption><b><big> FC Kufstein gegen SV Austria Salzburg, 2:2<\/big><\/b><br \/>\n<\/caption>\n<tbody>\n<tr>\n<td>Aufstellung:<\/td>\n<td><a href=\"\/Marinko_Koljanin\" title=\"Marinko Koljanin\">Marinko Koljanin<\/a>; <a href=\"\/Stefan_Stryjskyj\" title=\"Stefan Stryjskyj\">Stefan Stryjskyj<\/a>, <a href=\"\/Karl_Hodits\" title=\"Karl Hodits\">Karl Hodits<\/a>, <a href=\"\/Wolfgang_Hupfauf\" title=\"Wolfgang Hupfauf\">Wolfgang Hupfauf<\/a>, <a href=\"\/Christian_Helminger\" title=\"Christian Helminger\">Christian Helminger<\/a>; <a href=\"\/Wolfgang_Feiersinger\" title=\"Wolfgang Feiersinger\">Wolfgang Feiersinger<\/a>, <a href=\"\/Walter_Koch\" title=\"Walter Koch\">Walter Koch<\/a>,<br \/> <a href=\"\/Efrem_Mocinic\" title=\"Efrem Mocinic\">Efrem Mocinic<\/a>; <a href=\"\/Werner_B%C3%BCrgler\" title=\"Werner B\u00fcrgler\">Werner B\u00fcrgler<\/a> (68. <a href=\"\/Gernot_Teufl\" title=\"Gernot Teufl\">Gernot Teufl<\/a>), <a href=\"\/Heimo_Pfeifenberger\" title=\"Heimo Pfeifenberger\">Heimo Pfeifenberger<\/a>, <a href=\"\/Hermann_Stadler\" title=\"Hermann Stadler\">Hermann Stadler<\/a> (80. <a href=\"\/Anton_Schn%C3%B6ll\" title=\"Anton Schn\u00f6ll\">Anton Schn\u00f6ll<\/a>)\n<\/td>\n<\/tr>\n<tr>\n<td>Endstand:<\/td>\n<td>2:2 (2:2)\n<\/td>\n<\/tr>\n<tr>\n<td>Torsch\u00fctzen:<\/td>\n<td>Hei\u00dfenberger (28., 38.,E.);Stadler (13.), Mocinic (15.)\n<\/td>\n<\/tr>\n<tr>\n<td>Gelbe Karten:<\/td>\n<td>\n<\/td>\n<\/tr>\n<tr>\n<td>Gelb-rote Karten:<\/td>\n<td>\n<\/td>\n<\/tr>\n<tr>\n<td>Rote Karten:<\/td>\n<td>\n<\/td>\n<\/tr>\n<tr>\n<td>Schiedsrichter:<\/td>\n<td>Herbert Trutschmann\n<\/td>\n<\/tr>\n<tr>\n<td>Stadion:<\/td>\n<td>Grenzlandstadion Kufstein\n<\/td>\n<\/tr>\n<tr>\n<td>Zuschauer:<\/td>\n<td>2 000\n<\/td>\n<\/tr>\n<\/tbody>\n<\/table>\n<\/div>\n","protected":false},"excerpt":{"rendered":"<p>FaktenBearbeiten] 2. Division, Grunddurchgang, Saison 1987\/88, 2. Runde: 25. Juli 1987, 18 Uhr FC Kufstein gegen SV Austria Salzburg, 2:2 Aufstellung: Marinko Koljanin; Stefan Stryjskyj, Karl Hodits, Wolfgang Hupfauf, Christian Helminger; Wolfgang Feiersinger, Walter Koch, Efrem Mocinic; Werner B\u00fcrgler (68. Gernot Teufl), Heimo Pfeifenberger, Hermann Stadler (80. Anton Schn\u00f6ll) Endstand: 2:2 (2:2) Torsch\u00fctzen: Hei\u00dfenberger (28., [&hellip;]<\/p>\n","protected":false},"author":1,"featured_media":0,"comment_status":"open","ping_status":"open","sticky":false,"template":"","format":"standard","meta":{"footnotes":""},"categories":[803],"tags":[],"class_list":["post-1033","post","type-post","status-publish","format-standard","hentry","category-2-runde-2-division-saison-1987"],"_links":{"self":[{"href":"https:\/\/wiki.s12.at\/index.php\/wp-json\/wp\/v2\/posts\/1033","targetHints":{"allow":["GET"]}}],"collection":[{"href":"https:\/\/wiki.s12.at\/index.php\/wp-json\/wp\/v2\/posts"}],"about":[{"href":"https:\/\/wiki.s12.at\/index.php\/wp-json\/wp\/v2\/types\/post"}],"author":[{"embeddable":true,"href":"https:\/\/wiki.s12.at\/index.php\/wp-json\/wp\/v2\/users\/1"}],"replies":[{"embeddable":true,"href":"https:\/\/wiki.s12.at\/index.php\/wp-json\/wp\/v2\/comments?post=1033"}],"version-history":[{"count":0,"href":"https:\/\/wiki.s12.at\/index.php\/wp-json\/wp\/v2\/posts\/1033\/revisions"}],"wp:attachment":[{"href":"https:\/\/wiki.s12.at\/index.php\/wp-json\/wp\/v2\/media?parent=1033"}],"wp:term":[{"taxonomy":"category","embeddable":true,"href":"https:\/\/wiki.s12.at\/index.php\/wp-json\/wp\/v2\/categories?post=1033"},{"taxonomy":"post_tag","embeddable":true,"href":"https:\/\/wiki.s12.at\/index.php\/wp-json\/wp\/v2\/tags?post=1033"}],"curies":[{"name":"wp","href":"https:\/\/api.w.org\/{rel}","templated":true}]}}