{"id":1000,"date":"2026-05-06T13:39:23","date_gmt":"2026-05-06T11:39:23","guid":{"rendered":"https:\/\/wiki.s12.at\/index.php\/2026\/05\/06\/2-rundebundesliga-saison-1996-97-sturm-graz-austria-salzburg\/"},"modified":"2026-05-06T13:39:23","modified_gmt":"2026-05-06T11:39:23","slug":"2-rundebundesliga-saison-1996-97-sturm-graz-austria-salzburg","status":"publish","type":"post","link":"https:\/\/wiki.s12.at\/index.php\/2026\/05\/06\/2-rundebundesliga-saison-1996-97-sturm-graz-austria-salzburg\/","title":{"rendered":"97, Sturm Graz &#8211; Austria Salzburg"},"content":{"rendered":"<div class=\"mw-parser-output\">\n<h3><span class=\"mw-headline\" id=\"Fakten\">Fakten<\/span><a href=\"\/index.php?title=2.Runde:Bundesliga,_Saison_1996\/97,_Sturm_Graz_-_Austria_Salzburg&amp;action=edit&amp;section=1\" title=\"Abschnitt bearbeiten: Fakten\">Bearbeiten<\/a><span class=\"mw-editsection-bracket\">]<\/span><\/span><\/h3>\n<p><b>Bundesliga &#8211; 2. Spieltag: 31. Juli 1996, 20 Uhr<\/b><br \/>\n\n<\/p>\n<table class=\"wikitable\">\n<caption><b> <big> SK Sturm Graz gegen SV Austria Salzburg, 0:0<\/big><\/b><br \/>\n<\/caption>\n<tbody>\n<tr>\n<td>Aufstellung:<\/td>\n<td><a href=\"\/Eduard_Glieder\" title=\"Eduard Glieder\">Eduard Glieder<\/a>, <a href=\"\/Martin_Amerhauser\" title=\"Martin Amerhauser\">Martin Amerhauser<\/a>, <a href=\"\/Wolfgang_Feiersinger\" title=\"Wolfgang Feiersinger\">Wolfgang Feiersinger<\/a>, <a href=\"\/Dean_Ra%C4%8Dunica\" class=\"mw-redirect\" title=\"Dean Ra\u010dunica\">Dean Ra\u010dunica<\/a>, <a href=\"\/Walter_H%C3%B6rmann\" title=\"Walter H\u00f6rmann\">Walter H\u00f6rmann<\/a>, <a href=\"\/Tomislav_Kocijan\" title=\"Tomislav Kocijan\">Tomislav Kocijan<\/a> , <a href=\"\/Adolf_H%C3%BCtter\" title=\"Adolf H\u00fctter\">Adolf H\u00fctter<\/a>, <a href=\"\/Walter_Kogler\" title=\"Walter Kogler\">Walter Kogler<\/a> , <a href=\"\/Thomas_Winklhofer\" title=\"Thomas Winklhofer\">Thomas Winklhofer<\/a>, <a href=\"\/Roman_Szewczyk\" title=\"Roman Szewczyk\">Roman Szewczyk<\/a>, <a href=\"\/Otto_Konrad\" title=\"Otto Konrad\">Otto Konrad<\/a>\n<\/td>\n<\/tr>\n<tr>\n<td>Wechsel:<\/td>\n<td><a href=\"\/Leopold_Lainer\" title=\"Leopold Lainer\">Leopold Lainer<\/a> f\u00fcr Racunica (75.), <a href=\"\/Tibor_Jan%C4%8Dula\" class=\"mw-redirect\" title=\"Tibor Jan\u010dula\">Tibor Jan\u010dula<\/a> f\u00fcr Kojcian (78.), <a href=\"\/Heiko_Laessig\" title=\"Heiko Laessig\">Heiko Laessig<\/a> f\u00fcr Glieder (82.)\n<\/td>\n<\/tr>\n<tr>\n<td>Endstand:<\/td>\n<td>0:0\n<\/td>\n<\/tr>\n<tr>\n<td>Torsch\u00fctzen:<\/td>\n<td>\n<\/td>\n<\/tr>\n<tr>\n<td>Gelbe Karten:<\/td>\n<td>Hiden, M\u00e4hlich; Winklhofer, H\u00fctter, Kocijan, Ra\u010dunica\n<\/td>\n<\/tr>\n<tr>\n<td>Gelb-rote Karten:<\/td>\n<td>\n<\/td>\n<\/tr>\n<tr>\n<td>Rote Karten:<\/td>\n<td>\n<\/td>\n<\/tr>\n<tr>\n<td>Schiedsrichter:<\/td>\n<td>G\u00fcnter Benk\u00f6\n<\/td>\n<\/tr>\n<tr>\n<td>Stadion:<\/td>\n<td>Sturm Platz, Graz\n<\/td>\n<\/tr>\n<tr>\n<td>Zuschauer:<\/td>\n<td>10 000\n<\/td>\n<\/tr>\n<\/tbody>\n<\/table>\n<\/div>\n","protected":false},"excerpt":{"rendered":"<p>FaktenBearbeiten] Bundesliga &#8211; 2. Spieltag: 31. Juli 1996, 20 Uhr SK Sturm Graz gegen SV Austria Salzburg, 0:0 Aufstellung: Eduard Glieder, Martin Amerhauser, Wolfgang Feiersinger, Dean Ra\u010dunica, Walter H\u00f6rmann, Tomislav Kocijan , Adolf H\u00fctter, Walter Kogler , Thomas Winklhofer, Roman Szewczyk, Otto Konrad Wechsel: Leopold Lainer f\u00fcr Racunica (75.), Tibor Jan\u010dula f\u00fcr Kojcian (78.), Heiko [&hellip;]<\/p>\n","protected":false},"author":1,"featured_media":0,"comment_status":"open","ping_status":"open","sticky":false,"template":"","format":"standard","meta":{"footnotes":""},"categories":[777],"tags":[],"class_list":["post-1000","post","type-post","status-publish","format-standard","hentry","category-2-rundebundesliga-saison-1996"],"_links":{"self":[{"href":"https:\/\/wiki.s12.at\/index.php\/wp-json\/wp\/v2\/posts\/1000","targetHints":{"allow":["GET"]}}],"collection":[{"href":"https:\/\/wiki.s12.at\/index.php\/wp-json\/wp\/v2\/posts"}],"about":[{"href":"https:\/\/wiki.s12.at\/index.php\/wp-json\/wp\/v2\/types\/post"}],"author":[{"embeddable":true,"href":"https:\/\/wiki.s12.at\/index.php\/wp-json\/wp\/v2\/users\/1"}],"replies":[{"embeddable":true,"href":"https:\/\/wiki.s12.at\/index.php\/wp-json\/wp\/v2\/comments?post=1000"}],"version-history":[{"count":0,"href":"https:\/\/wiki.s12.at\/index.php\/wp-json\/wp\/v2\/posts\/1000\/revisions"}],"wp:attachment":[{"href":"https:\/\/wiki.s12.at\/index.php\/wp-json\/wp\/v2\/media?parent=1000"}],"wp:term":[{"taxonomy":"category","embeddable":true,"href":"https:\/\/wiki.s12.at\/index.php\/wp-json\/wp\/v2\/categories?post=1000"},{"taxonomy":"post_tag","embeddable":true,"href":"https:\/\/wiki.s12.at\/index.php\/wp-json\/wp\/v2\/tags?post=1000"}],"curies":[{"name":"wp","href":"https:\/\/api.w.org\/{rel}","templated":true}]}}