{"id":10,"date":"2026-05-06T12:53:29","date_gmt":"2026-05-06T10:53:29","guid":{"rendered":"http:\/\/wiki.s12.at\/index.php\/2026\/05\/06\/1-runde-regionalliga-west-saison-2012-13-usk-anif-gegen-fc-liefering\/"},"modified":"2026-05-06T12:53:29","modified_gmt":"2026-05-06T10:53:29","slug":"1-runde-regionalliga-west-saison-2012-13-usk-anif-gegen-fc-liefering","status":"publish","type":"post","link":"https:\/\/wiki.s12.at\/index.php\/2026\/05\/06\/1-runde-regionalliga-west-saison-2012-13-usk-anif-gegen-fc-liefering\/","title":{"rendered":"13, USK Anif gegen FC Liefering"},"content":{"rendered":"<div class=\"mw-parser-output\">\n<p><b>Regionalliga West &#8211; 1. Spieltag, 27. Juli 2012, 18.30 Uhr<\/b><br \/>\n\n<\/p>\n<table class=\"wikitable\">\n<caption><b><big> FC Anif gegen FC Liefering,1:4<\/big><\/b><br \/>\n<\/caption>\n<tbody>\n<tr>\n<td>Aufstellung:<\/td>\n<td><a href=\"\/Thomas_D%C3%A4hne\" title=\"Thomas D\u00e4hne\">Thomas D\u00e4hne<\/a> <a href=\"\/Rene_Aufhauser\" class=\"mw-redirect\" title=\"Rene Aufhauser\">Rene Aufhauser<\/a> <a href=\"\/Arif_Sari\" title=\"Arif Sari\">Arif Sari<\/a> <a href=\"\/Stefan_Lainer\" title=\"Stefan Lainer\">Stefan Lainer<\/a> <a href=\"\/Robert_V%C3%B6lkl\" title=\"Robert V\u00f6lkl\">Robert V\u00f6lkl<\/a> <a href=\"\/Josip_Coric\" class=\"mw-redirect\" title=\"Josip Coric\">Josip Coric<\/a> <a href=\"\/Felix_Adjei\" title=\"Felix Adjei\">Felix Adjei<\/a> <a href=\"\/Wolfgang_Mair\" title=\"Wolfgang Mair\">Wolfgang Mair<\/a> <a href=\"\/Matthias_Felber\" title=\"Matthias Felber\">Matthias Felber<\/a> <a href=\"\/Sandro_Djuric\" title=\"Sandro Djuric\">Sandro Djuric<\/a> <a href=\"\/Mario_Konrad\" title=\"Mario Konrad\">Mario Konrad<\/a>\n<\/td>\n<\/tr>\n<tr>\n<td>Wechsel:<\/td>\n<td><a href=\"\/Nikola_Dovedan\" title=\"Nikola Dovedan\">Nikola Dovedan<\/a> f\u00fcr Mair (61.), <a href=\"\/Stefan_Schwendinger\" title=\"Stefan Schwendinger\">Stefan Schwendinger<\/a> f\u00fcr Felber (63.), <a href=\"\/Emre_Uygur\" title=\"Emre Uygur\">Emre Uygur<\/a> f\u00fcr Adjei (86.)\n<\/td>\n<\/tr>\n<tr>\n<td>Endstand:<\/td>\n<td>1:4 (1:2)\n<\/td>\n<\/tr>\n<tr>\n<td>Torsch\u00fctzen:<\/td>\n<td>Hasanovic (45.); Mair (6.), Adjei (20.), Djuric (58.), Coric (70.)\n<\/td>\n<\/tr>\n<tr>\n<td>Gelbe Karten:<\/td>\n<td>Hasanovic (47.), Gr\u00f6bl (50.), Scherz (65.), Winkler (77.); Dovedan (87.)\n<\/td>\n<\/tr>\n<tr>\n<td>Gelb-rote Karten:<\/td>\n<td>\n<\/td>\n<\/tr>\n<tr>\n<td>Rote Karten:<\/td>\n<td>\n<\/td>\n<\/tr>\n<tr>\n<td>Schiedsrichter:<\/td>\n<td>Sebastian Gishamer\n<\/td>\n<\/tr>\n<tr>\n<td>Stadion:<\/td>\n<td>Sportzentrum Anif\n<\/td>\n<\/tr>\n<tr>\n<td>Zuschauer:<\/td>\n<td>400\n<\/td>\n<\/tr>\n<tr>\n<td>Anmerkung:<\/td>\n<td>Felix Adjei wurde von <a rel=\"nofollow\" class=\"external text\" href=\"http:\/\/www.regionalliga.at\/west\/news\/5781\/das-team-der-1-runde\/\">Regionalliga.at<\/a> in das Team der 1. Runde gew\u00e4hlt.\n<\/td>\n<\/tr>\n<\/tbody>\n<\/table>\n<\/div>\n","protected":false},"excerpt":{"rendered":"<p>Regionalliga West &#8211; 1. Spieltag, 27. Juli 2012, 18.30 Uhr FC Anif gegen FC Liefering,1:4 Aufstellung: Thomas D\u00e4hne Rene Aufhauser Arif Sari Stefan Lainer Robert V\u00f6lkl Josip Coric Felix Adjei Wolfgang Mair Matthias Felber Sandro Djuric Mario Konrad Wechsel: Nikola Dovedan f\u00fcr Mair (61.), Stefan Schwendinger f\u00fcr Felber (63.), Emre Uygur f\u00fcr Adjei (86.) Endstand: [&hellip;]<\/p>\n","protected":false},"author":1,"featured_media":0,"comment_status":"open","ping_status":"open","sticky":false,"template":"","format":"standard","meta":{"footnotes":""},"categories":[3],"tags":[],"class_list":["post-10","post","type-post","status-publish","format-standard","hentry","category-1-runde-regionalliga-west-saison-2012"],"_links":{"self":[{"href":"https:\/\/wiki.s12.at\/index.php\/wp-json\/wp\/v2\/posts\/10","targetHints":{"allow":["GET"]}}],"collection":[{"href":"https:\/\/wiki.s12.at\/index.php\/wp-json\/wp\/v2\/posts"}],"about":[{"href":"https:\/\/wiki.s12.at\/index.php\/wp-json\/wp\/v2\/types\/post"}],"author":[{"embeddable":true,"href":"https:\/\/wiki.s12.at\/index.php\/wp-json\/wp\/v2\/users\/1"}],"replies":[{"embeddable":true,"href":"https:\/\/wiki.s12.at\/index.php\/wp-json\/wp\/v2\/comments?post=10"}],"version-history":[{"count":0,"href":"https:\/\/wiki.s12.at\/index.php\/wp-json\/wp\/v2\/posts\/10\/revisions"}],"wp:attachment":[{"href":"https:\/\/wiki.s12.at\/index.php\/wp-json\/wp\/v2\/media?parent=10"}],"wp:term":[{"taxonomy":"category","embeddable":true,"href":"https:\/\/wiki.s12.at\/index.php\/wp-json\/wp\/v2\/categories?post=10"},{"taxonomy":"post_tag","embeddable":true,"href":"https:\/\/wiki.s12.at\/index.php\/wp-json\/wp\/v2\/tags?post=10"}],"curies":[{"name":"wp","href":"https:\/\/api.w.org\/{rel}","templated":true}]}}